{"id":113626,"date":"2024-11-09T13:18:06","date_gmt":"2024-11-09T18:18:06","guid":{"rendered":"https:\/\/futbolhoy.co\/?p=113626"},"modified":"2024-11-09T22:59:10","modified_gmt":"2024-11-10T03:59:10","slug":"bucaramanga-rechaza-dura-sancion-de-dimayor-contra-dudamel","status":"publish","type":"post","link":"https:\/\/futbolhoy.co\/index.php\/2024\/11\/09\/bucaramanga-rechaza-dura-sancion-de-dimayor-contra-dudamel\/","title":{"rendered":"Bucaramanga rechaza dura sanci\u00f3n de Dimayor contra Dudamel"},"content":{"rendered":"<p style=\"text-align: justify;\"><span style=\"font-family: helvetica, arial, sans-serif;\">Atl\u00e9tico Bucaramanga se pronunci\u00f3 tras la sanci\u00f3n que la Dimayor le impuso al <strong>t\u00e9cnico Rafael Dudamel<\/strong> y al jugador Fabi\u00e1n Sambueza, tras las declaraciones criticando fuertemente al arbitraje en la eliminaci\u00f3n del leopardo.\u00a0<\/span><\/p>\n<p style=\"text-align: justify;\"><span style=\"font-family: helvetica, arial, sans-serif;\"><strong>El equipo de Santander<\/strong> rechaz\u00f3 rotundamente las sanciones y destac\u00f3 que van a interponer un recurso para apelar a la sanci\u00f3n que consideran \u201cdesproporcionada e injusta\u201d.\u00a0<\/span><\/p>\n<p style=\"text-align: justify;\"><span style=\"font-family: helvetica, arial, sans-serif;\">El Club Atl\u00e9tico Bucaramanga informa a la opini\u00f3n p\u00fablica que rechaza de manera categ\u00f3rica las sanciones impuestas al <strong>profesor Rafael Dudamel<\/strong> y al jugador Fabi\u00e1n Sambueza, las cuales consideramos desproporcionadas e injustas.<\/span><\/p>\n<p style=\"text-align: justify;\"><span style=\"font-family: helvetica, arial, sans-serif;\">\u201cNuestro equipo siempre se ha caracterizado por competir de forma leal y respetuosa en el terreno de juego, guiado por principios de integridad y deportividad. Adem\u00e1s, creemos firmemente en el <strong>derecho fundamental de la libre expresi\u00f3n<\/strong>, uno de cuyos principios esenciales es la libertad de manifestar opiniones de forma responsable y respetuosa\u201d, dice el comunicado del leopardo.\u00a0<\/span><\/p>\n<p style=\"text-align: justify;\"><span style=\"font-family: helvetica, arial, sans-serif;\">\u201cEstas sanciones no solo afectan a nuestros profesionales, sino que tambi\u00e9n impactan al club, a nuestra afici\u00f3n, y a la comunidad de Bucaramanga y el departamento de Santander. Por ello, estamos <strong>tomando todas las medidas necesarias para presentar una apelaci\u00f3n<\/strong> formal ante las autoridades competentes, con el fin de revocar esta decisi\u00f3n y asegurar un proceso justo para nuestros integrantes\u201d, a\u00f1aden.\u00a0<\/span><\/p>\n<p style=\"text-align: justify;\"><span style=\"font-family: helvetica, arial, sans-serif;\"><strong>Es de recordar que la Dimayor<\/strong> sancion\u00f3 al t\u00e9cnico con un mes y medio fuera de cualquier actividad relacionada con el f\u00fatbol, mientras que al futbolista le impusieron cinco fechas de suspensi\u00f3n.\u00a0<\/span><\/p>\n","protected":false},"excerpt":{"rendered":"<p>Atl\u00e9tico Bucaramanga se pronunci\u00f3 tras la sanci\u00f3n que la Dimayor le impuso al t\u00e9cnico Rafael Dudamel y al jugador Fabi\u00e1n Sambueza, tras las declaraciones criticando fuertemente al arbitraje en la eliminaci\u00f3n del leopardo.\u00a0 El equipo de Santander rechaz\u00f3 rotundamente las sanciones y destac\u00f3 que van a interponer un recurso para apelar a la sanci\u00f3n que [&hellip;]<\/p>\n","protected":false},"author":4,"featured_media":113627,"comment_status":"open","ping_status":"closed","sticky":false,"template":"","format":"standard","meta":{"_acf_changed":false,"footnotes":""},"categories":[7],"tags":[],"class_list":{"0":"post-113626","1":"post","2":"type-post","3":"status-publish","4":"format-standard","5":"has-post-thumbnail","7":"category-liga-betplay"},"acf":[],"_links":{"self":[{"href":"https:\/\/futbolhoy.co\/index.php\/wp-json\/wp\/v2\/posts\/113626","targetHints":{"allow":["GET"]}}],"collection":[{"href":"https:\/\/futbolhoy.co\/index.php\/wp-json\/wp\/v2\/posts"}],"about":[{"href":"https:\/\/futbolhoy.co\/index.php\/wp-json\/wp\/v2\/types\/post"}],"author":[{"embeddable":true,"href":"https:\/\/futbolhoy.co\/index.php\/wp-json\/wp\/v2\/users\/4"}],"replies":[{"embeddable":true,"href":"https:\/\/futbolhoy.co\/index.php\/wp-json\/wp\/v2\/comments?post=113626"}],"version-history":[{"count":1,"href":"https:\/\/futbolhoy.co\/index.php\/wp-json\/wp\/v2\/posts\/113626\/revisions"}],"predecessor-version":[{"id":113628,"href":"https:\/\/futbolhoy.co\/index.php\/wp-json\/wp\/v2\/posts\/113626\/revisions\/113628"}],"wp:featuredmedia":[{"embeddable":true,"href":"https:\/\/futbolhoy.co\/index.php\/wp-json\/wp\/v2\/media\/113627"}],"wp:attachment":[{"href":"https:\/\/futbolhoy.co\/index.php\/wp-json\/wp\/v2\/media?parent=113626"}],"wp:term":[{"taxonomy":"category","embeddable":true,"href":"https:\/\/futbolhoy.co\/index.php\/wp-json\/wp\/v2\/categories?post=113626"},{"taxonomy":"post_tag","embeddable":true,"href":"https:\/\/futbolhoy.co\/index.php\/wp-json\/wp\/v2\/tags?post=113626"}],"curies":[{"name":"wp","href":"https:\/\/api.w.org\/{rel}","templated":true}]}}