{"id":113636,"date":"2024-11-09T22:59:19","date_gmt":"2024-11-10T03:59:19","guid":{"rendered":"https:\/\/futbolhoy.co\/?p=113636"},"modified":"2024-11-10T22:39:37","modified_gmt":"2024-11-11T03:39:37","slug":"comenzo-la-convocatoria-de-colombia-los-jugadores-que-ya-llegaron","status":"publish","type":"post","link":"https:\/\/futbolhoy.co\/index.php\/2024\/11\/09\/comenzo-la-convocatoria-de-colombia-los-jugadores-que-ya-llegaron\/","title":{"rendered":"Comenz\u00f3 la concentraci\u00f3n de Colombia: los jugadores que ya llegaron"},"content":{"rendered":"<p style=\"text-align: justify;\"><span style=\"font-family: helvetica, arial, sans-serif;\"><b>La Selecci\u00f3n Colombia ya inici\u00f3 la concentraci\u00f3n en Buenos Aires, <\/b><span style=\"font-weight: 400;\">Argentina, pensando en el partido frente a Uruguay por la fecha 10 de las Eliminatorias al Mundial de 2026.<\/span><\/span><\/p>\n<p style=\"text-align: justify;\"><span style=\"font-family: helvetica, arial, sans-serif;\"><span style=\"font-weight: 400;\">Yerry Mina fue el primer jugador en llegar a la concentraci\u00f3n de la Tricolor, seguido por <\/span><b>Sebasti\u00e1n G\u00f3mez, Richard R\u00edos y James Rodr\u00edguez.<\/b><\/span><\/p>\n<p style=\"text-align: justify;\"><span style=\"font-family: helvetica, arial, sans-serif;\"><span style=\"font-weight: 400;\">Este s\u00e1bado los jugadores que llegaron primero realizaron ejercicios de movilidad y <\/span><b>coordinaci\u00f3n en el gimnasio para,<\/b><span style=\"font-weight: 400;\"> posteriormente, realizar trabajos de velocidad y resistencia en el campo.<\/span><\/span><\/p>\n<p style=\"text-align: justify;\"><span style=\"font-family: helvetica, arial, sans-serif;\">M\u00e1s tarde este s\u00e1bado tambi\u00e9n llegaron a la concentraci\u00f3n Jhon Arias y Rafael Santos Borr\u00e9, <strong>provenientes del f\u00fatbol de Brasil.<\/strong><\/span><\/p>\n<p style=\"text-align: justify;\"><span style=\"font-family: helvetica, arial, sans-serif;\"><span style=\"font-weight: 400;\">Durante este fin de semana y los pr\u00f3ximos d\u00edas se espera la llegada del resto de convocados,<\/span><b> pensando en el duelo del viernes ante Uruguay.<\/b><\/span><\/p>\n<blockquote class=\"twitter-tweet\">\n<p dir=\"ltr\" lang=\"es\">\ud83d\udcf8 \u00a1\ud835\udc6c\ud835\udc94\ud835\udc95\ud835\udc82\ud835\udc8e\ud835\udc90\ud835\udc94 \ud835\udc85\ud835\udc86 \ud835\udc97\ud835\udc96\ud835\udc86\ud835\udc8d\ud835\udc95\ud835\udc82 \ud835\udc84\ud835\udc90\ud835\udc8f \ud835\udc8d\ud835\udc82 \ud835\udc8e\ud835\udc86\ud835\udc8b\ud835\udc90\ud835\udc93 \ud835\udc97\ud835\udc8a\ud835\udc83\ud835\udc93\ud835\udc82! \ud83d\udcaa<\/p>\n<p>Estamos en \ud835\udc8e\ud835\udc90\ud835\udc85\ud835\udc90 \ud835\udc6a\ud835\udc8d\ud835\udc82\ud835\udc94\ud835\udc8a\ud835\udc87\ud835\udc8a\ud835\udc84\ud835\udc82\ud835\udc95\ud835\udc90\ud835\udc93\ud835\udc8a\ud835\udc82\ud835\udc94 \ud83c\udd9a \ud83c\uddfa\ud83c\uddfe y \ud83c\uddea\ud83c\udde8<a href=\"https:\/\/twitter.com\/hashtag\/LaBuenaVibraConLaSele?src=hash&amp;ref_src=twsrc%5Etfw\">#LaBuenaVibraConLaSele<\/a> <a href=\"https:\/\/twitter.com\/hashtag\/TodosSomosColombia?src=hash&amp;ref_src=twsrc%5Etfw\">#TodosSomosColombia<\/a>\ud83c\udde8\ud83c\uddf4 <a href=\"https:\/\/t.co\/LgHP8BEdnm\">pic.twitter.com\/LgHP8BEdnm<\/a><\/p>\n<p>\u2014 Selecci\u00f3n Colombia (@FCFSeleccionCol) <a href=\"https:\/\/twitter.com\/FCFSeleccionCol\/status\/1855399791011958926?ref_src=twsrc%5Etfw\">November 9, 2024<\/a><\/p><\/blockquote>\n<p><script async src=\"https:\/\/platform.twitter.com\/widgets.js\" charset=\"utf-8\"><\/script><\/p>\n","protected":false},"excerpt":{"rendered":"<p>La Selecci\u00f3n Colombia ya inici\u00f3 la concentraci\u00f3n en Buenos Aires, Argentina, pensando en el partido frente a Uruguay por la fecha 10 de las Eliminatorias al Mundial de 2026. Yerry Mina fue el primer jugador en llegar a la concentraci\u00f3n de la Tricolor, seguido por Sebasti\u00e1n G\u00f3mez, Richard R\u00edos y James Rodr\u00edguez. Este s\u00e1bado los [&hellip;]<\/p>\n","protected":false},"author":4,"featured_media":113638,"comment_status":"open","ping_status":"closed","sticky":false,"template":"","format":"standard","meta":{"_acf_changed":false,"footnotes":""},"categories":[418],"tags":[],"class_list":{"0":"post-113636","1":"post","2":"type-post","3":"status-publish","4":"format-standard","5":"has-post-thumbnail","7":"category-colombia"},"acf":[],"_links":{"self":[{"href":"https:\/\/futbolhoy.co\/index.php\/wp-json\/wp\/v2\/posts\/113636","targetHints":{"allow":["GET"]}}],"collection":[{"href":"https:\/\/futbolhoy.co\/index.php\/wp-json\/wp\/v2\/posts"}],"about":[{"href":"https:\/\/futbolhoy.co\/index.php\/wp-json\/wp\/v2\/types\/post"}],"author":[{"embeddable":true,"href":"https:\/\/futbolhoy.co\/index.php\/wp-json\/wp\/v2\/users\/4"}],"replies":[{"embeddable":true,"href":"https:\/\/futbolhoy.co\/index.php\/wp-json\/wp\/v2\/comments?post=113636"}],"version-history":[{"count":2,"href":"https:\/\/futbolhoy.co\/index.php\/wp-json\/wp\/v2\/posts\/113636\/revisions"}],"predecessor-version":[{"id":113640,"href":"https:\/\/futbolhoy.co\/index.php\/wp-json\/wp\/v2\/posts\/113636\/revisions\/113640"}],"wp:featuredmedia":[{"embeddable":true,"href":"https:\/\/futbolhoy.co\/index.php\/wp-json\/wp\/v2\/media\/113638"}],"wp:attachment":[{"href":"https:\/\/futbolhoy.co\/index.php\/wp-json\/wp\/v2\/media?parent=113636"}],"wp:term":[{"taxonomy":"category","embeddable":true,"href":"https:\/\/futbolhoy.co\/index.php\/wp-json\/wp\/v2\/categories?post=113636"},{"taxonomy":"post_tag","embeddable":true,"href":"https:\/\/futbolhoy.co\/index.php\/wp-json\/wp\/v2\/tags?post=113636"}],"curies":[{"name":"wp","href":"https:\/\/api.w.org\/{rel}","templated":true}]}}