{"id":113684,"date":"2024-11-11T11:44:28","date_gmt":"2024-11-11T16:44:28","guid":{"rendered":"https:\/\/futbolhoy.co\/?p=113684"},"modified":"2024-11-11T18:37:27","modified_gmt":"2024-11-11T23:37:27","slug":"arturo-vidal-vuelve-a-una-convocatoria-de-chile-despues-de-un-ano","status":"publish","type":"post","link":"https:\/\/futbolhoy.co\/index.php\/2024\/11\/11\/arturo-vidal-vuelve-a-una-convocatoria-de-chile-despues-de-un-ano\/","title":{"rendered":"Arturo Vidal vuelve a una convocatoria de Chile despu\u00e9s de un a\u00f1o"},"content":{"rendered":"<p style=\"text-align: justify;\"><span style=\"font-family: helvetica, arial, sans-serif;\"><b>Arturo Vidal volvi\u00f3 a ser convocado a la Selecci\u00f3n de Chile, <\/b><span style=\"font-weight: 400;\">despu\u00e9s de m\u00e1s de un a\u00f1o sin ser tenido en cuenta, de cara a los partidos ante Per\u00fa y Venezuela por las Eliminatorias al Mundial 2026, confirm\u00f3 este lunes la Federaci\u00f3n.<\/span><\/span><\/p>\n<p style=\"text-align: justify;\"><span style=\"font-family: helvetica, arial, sans-serif;\"><b>\u00abEl Cuerpo T\u00e9cnico de La Roja ha decidido convocar al siguiente futbolista <\/b><span style=\"font-weight: 400;\">para formar parte del plantel que enfrentar\u00e1 la doble fecha de noviembre: Arturo Vidal\u00bb, se inform\u00f3 en un comunicado.<\/span><\/span><\/p>\n<p style=\"text-align: justify;\"><span style=\"font-weight: 400; font-family: helvetica, arial, sans-serif;\">Vidal, de 37 a\u00f1os y con pasado en clubes como Barcelona, Bayern Munich, Juventus y Flamengo, hab\u00eda sido rechazado por el t\u00e9cnico Ricardo Gareca de todos los partidos que enfrent\u00f3 la selecci\u00f3n este a\u00f1o.<\/span><\/p>\n<p style=\"text-align: justify;\"><span style=\"font-family: helvetica, arial, sans-serif;\"><b>La \u00faltima vez que Vidal jug\u00f3 con Chile fue el 12 de septiembre de 2023<\/b><span style=\"font-weight: 400;\">, frente a Colombia, donde sufri\u00f3 una lesi\u00f3n, por lo que se perdi\u00f3 el resto de los partidos de ese a\u00f1o.<\/span><\/span><\/p>\n<p style=\"text-align: justify;\"><span style=\"font-family: helvetica, arial, sans-serif;\"><span style=\"font-weight: 400;\">Vidal, que el domingo se coron\u00f3 con Colo Colo campe\u00f3n del f\u00fatbol chileno 2024, critic\u00f3 p\u00fablicamente a Gareca por no convocarlo a \u00e9l y a otros jugadores de la <\/span><b>llamada &#8216;Generaci\u00f3n dorada&#8217; a la selecci\u00f3n.<\/b><\/span><\/p>\n<p style=\"text-align: justify;\"><span style=\"font-family: helvetica, arial, sans-serif;\"><span style=\"font-weight: 400;\">La n\u00f3mina de la Roja est\u00e1 cargada de jugadores j\u00f3venes y solo tiene como <\/span><b>referente de su vieja guardia a Eduardo Vargas, <\/b><span style=\"font-weight: 400;\">del Atl\u00e9tico Mineiro, adem\u00e1s, el delantero Alexis S\u00e1nchez de Udinese es baja por lesi\u00f3n.<\/span><\/span><\/p>\n<p style=\"text-align: justify;\"><span style=\"font-weight: 400; font-family: helvetica, arial, sans-serif;\">La convocatoria de Vidal se produce una semana despu\u00e9s del esc\u00e1ndalo que protagoniz\u00f3 junto a otros jugadores de Colo Colo en un centro nocturno de Santiago, donde una mujer los acus\u00f3 de haberla agredido sexualmente.<\/span><\/p>\n<p style=\"text-align: justify;\"><span style=\"font-weight: 400; font-family: helvetica, arial, sans-serif;\">Sin embargo, no se ha informado de avances en la investigaci\u00f3n, procesados ni detenidos.<\/span><\/p>\n<p style=\"text-align: justify;\"><span style=\"font-family: helvetica, arial, sans-serif;\"><span style=\"font-weight: 400;\">La Roja visitar\u00e1 el 15 de noviembre a Per\u00fa y recibir\u00e1 el 19 a Venezuela, dos partidos claves para mantener su aspiraciones mundialistas. Chile va \u00faltimo en la tabla de <\/span><b>posiciones con 5 puntos, a 7 del s\u00e9ptimo Bolivia, que est\u00e1 en zona de repechaje.<\/b><\/span><\/p>\n","protected":false},"excerpt":{"rendered":"<p>Arturo Vidal volvi\u00f3 a ser convocado a la Selecci\u00f3n de Chile, despu\u00e9s de m\u00e1s de un a\u00f1o sin ser tenido en cuenta, de cara a los partidos ante Per\u00fa y Venezuela por las Eliminatorias al Mundial 2026, confirm\u00f3 este lunes la Federaci\u00f3n. \u00abEl Cuerpo T\u00e9cnico de La Roja ha decidido convocar al siguiente futbolista para [&hellip;]<\/p>\n","protected":false},"author":4,"featured_media":113685,"comment_status":"open","ping_status":"closed","sticky":false,"template":"","format":"standard","meta":{"_acf_changed":false,"footnotes":""},"categories":[152],"tags":[],"class_list":{"0":"post-113684","1":"post","2":"type-post","3":"status-publish","4":"format-standard","5":"has-post-thumbnail","7":"category-mundo-futbol"},"acf":[],"_links":{"self":[{"href":"https:\/\/futbolhoy.co\/index.php\/wp-json\/wp\/v2\/posts\/113684","targetHints":{"allow":["GET"]}}],"collection":[{"href":"https:\/\/futbolhoy.co\/index.php\/wp-json\/wp\/v2\/posts"}],"about":[{"href":"https:\/\/futbolhoy.co\/index.php\/wp-json\/wp\/v2\/types\/post"}],"author":[{"embeddable":true,"href":"https:\/\/futbolhoy.co\/index.php\/wp-json\/wp\/v2\/users\/4"}],"replies":[{"embeddable":true,"href":"https:\/\/futbolhoy.co\/index.php\/wp-json\/wp\/v2\/comments?post=113684"}],"version-history":[{"count":1,"href":"https:\/\/futbolhoy.co\/index.php\/wp-json\/wp\/v2\/posts\/113684\/revisions"}],"predecessor-version":[{"id":113686,"href":"https:\/\/futbolhoy.co\/index.php\/wp-json\/wp\/v2\/posts\/113684\/revisions\/113686"}],"wp:featuredmedia":[{"embeddable":true,"href":"https:\/\/futbolhoy.co\/index.php\/wp-json\/wp\/v2\/media\/113685"}],"wp:attachment":[{"href":"https:\/\/futbolhoy.co\/index.php\/wp-json\/wp\/v2\/media?parent=113684"}],"wp:term":[{"taxonomy":"category","embeddable":true,"href":"https:\/\/futbolhoy.co\/index.php\/wp-json\/wp\/v2\/categories?post=113684"},{"taxonomy":"post_tag","embeddable":true,"href":"https:\/\/futbolhoy.co\/index.php\/wp-json\/wp\/v2\/tags?post=113684"}],"curies":[{"name":"wp","href":"https:\/\/api.w.org\/{rel}","templated":true}]}}