{"id":11380,"date":"2017-12-18T08:01:09","date_gmt":"2017-12-18T13:01:09","guid":{"rendered":"http:\/\/futbolhoy.co\/?p=11380"},"modified":"2017-12-18T08:01:09","modified_gmt":"2017-12-18T13:01:09","slug":"kaka-anuncia-su-retiro-del-futbol-activo","status":"publish","type":"post","link":"https:\/\/futbolhoy.co\/index.php\/2017\/12\/18\/kaka-anuncia-su-retiro-del-futbol-activo\/","title":{"rendered":"Kak\u00e1 anuncia su retiro del f\u00fatbol activo"},"content":{"rendered":"<p style=\"font-weight: 400; text-align: justify;\">El futbolista brasile\u00f1o Kak\u00e1, ganador del Bal\u00f3n de Oro en 2007 y del Mundial de Corea del Sur y Jap\u00f3n en 2002, anunci\u00f3 su retiro del f\u00fatbol activo.<\/p>\n<p style=\"font-weight: 400; text-align: justify;\">\u00abEs el momento de terminar mi carrera como jugador profesional\u00bb, dijo el ex futbolista del Real Madrid en una entrevista con TV Globo de su pa\u00eds.<\/p>\n<p style=\"font-weight: 400; text-align: justify;\">El brasile\u00f1o estar\u00eda preparando una carrera como m\u00e1nager en el Mil\u00e1n, el club que lo vio nacer en Europa.<\/p>\n<p style=\"font-weight: 400; text-align: justify;\">A sus 35 a\u00f1os, Kak\u00e1 reconoci\u00f3 que el Mil\u00e1n le hizo \u00abrecientemente esa propuesta\u00bb.<\/p>\n<p style=\"font-weight: 400; text-align: justify;\">El brasile\u00f1o, quien debut\u00f3 en Sao Paulo en el 2000, tambi\u00e9n visti\u00f3 las camisetas del Mil\u00e1n (2003-2009) y Real Madrid (2009-13) antes de regresar al club italiano (2013-2014) y termin\u00f3 retir\u00e1ndose en Orlando City de la Major League Soccer, donde estuvo dos temporadas.<\/p>\n","protected":false},"excerpt":{"rendered":"<p>El futbolista brasile\u00f1o Kak\u00e1, ganador del Bal\u00f3n de Oro en 2007 y del Mundial de Corea del Sur y Jap\u00f3n en 2002, anunci\u00f3 su retiro del f\u00fatbol activo. \u00abEs el momento de terminar mi carrera como jugador profesional\u00bb, dijo el ex futbolista del Real Madrid en una entrevista con TV Globo de su pa\u00eds. El [&hellip;]<\/p>\n","protected":false},"author":5,"featured_media":11376,"comment_status":"open","ping_status":"closed","sticky":false,"template":"","format":"standard","meta":{"_acf_changed":false,"footnotes":""},"categories":[5,152],"tags":[],"class_list":{"0":"post-11380","1":"post","2":"type-post","3":"status-publish","4":"format-standard","5":"has-post-thumbnail","7":"category-destacados","8":"category-mundo-futbol"},"acf":[],"_links":{"self":[{"href":"https:\/\/futbolhoy.co\/index.php\/wp-json\/wp\/v2\/posts\/11380","targetHints":{"allow":["GET"]}}],"collection":[{"href":"https:\/\/futbolhoy.co\/index.php\/wp-json\/wp\/v2\/posts"}],"about":[{"href":"https:\/\/futbolhoy.co\/index.php\/wp-json\/wp\/v2\/types\/post"}],"author":[{"embeddable":true,"href":"https:\/\/futbolhoy.co\/index.php\/wp-json\/wp\/v2\/users\/5"}],"replies":[{"embeddable":true,"href":"https:\/\/futbolhoy.co\/index.php\/wp-json\/wp\/v2\/comments?post=11380"}],"version-history":[{"count":1,"href":"https:\/\/futbolhoy.co\/index.php\/wp-json\/wp\/v2\/posts\/11380\/revisions"}],"predecessor-version":[{"id":11381,"href":"https:\/\/futbolhoy.co\/index.php\/wp-json\/wp\/v2\/posts\/11380\/revisions\/11381"}],"wp:featuredmedia":[{"embeddable":true,"href":"https:\/\/futbolhoy.co\/index.php\/wp-json\/wp\/v2\/media\/11376"}],"wp:attachment":[{"href":"https:\/\/futbolhoy.co\/index.php\/wp-json\/wp\/v2\/media?parent=11380"}],"wp:term":[{"taxonomy":"category","embeddable":true,"href":"https:\/\/futbolhoy.co\/index.php\/wp-json\/wp\/v2\/categories?post=11380"},{"taxonomy":"post_tag","embeddable":true,"href":"https:\/\/futbolhoy.co\/index.php\/wp-json\/wp\/v2\/tags?post=11380"}],"curies":[{"name":"wp","href":"https:\/\/api.w.org\/{rel}","templated":true}]}}