{"id":11382,"date":"2017-12-18T08:03:38","date_gmt":"2017-12-18T13:03:38","guid":{"rendered":"http:\/\/futbolhoy.co\/?p=11382"},"modified":"2017-12-18T18:24:55","modified_gmt":"2017-12-18T23:24:55","slug":"chilavert-sugiere-a-pasarella-como-tecnico-de-paraguay","status":"publish","type":"post","link":"https:\/\/futbolhoy.co\/index.php\/2017\/12\/18\/chilavert-sugiere-a-pasarella-como-tecnico-de-paraguay\/","title":{"rendered":"Chilavert sugiere a Pasarella como t\u00e9cnico de Paraguay"},"content":{"rendered":"<p style=\"font-weight: 400; text-align: justify;\">El ex portero paraguayo Jos\u00e9 Luis Chilavert manifest\u00f3 que le encantar\u00eda que Daniel Passarella sea el nuevo t\u00e9cnico de la selecci\u00f3n de Paraguay.<\/p>\n<p>En un homenaje que le hizo el club V\u00e9lez Sarsfield, donde realiz\u00f3 gran parte de su carrera como futbolista, Chilavert dej\u00f3 en claro su posici\u00f3n sobre el futuro de la &#8216;Albirroja&#8217;.<\/p>\n<p>\u00abA mi me encantar\u00eda que Paraguay tuviese un t\u00e9cnico que fue presidente de un club ac\u00e1 en Argentina. Me encantar\u00eda que Daniel Passarella sea el t\u00e9cnico de la selecci\u00f3n de Paraguay. Es mi opini\u00f3n, pero son los dirigentes los que tienen que elegir. Passarella fue dos veces campe\u00f3n del mundo, un hombre exitoso con mucha personalidad que trabaja muy bien y re\u00fane todas las condiciones para ser el t\u00e9cnico de la selecci\u00f3n de Paraguay\u00bb, dijo al canal TN.<\/p>\n<p>Pasarella, quien dirigi\u00f3 a Argentina entre 1994 y 1998 y a Uruguay entre 2000 y 2001, no dirige desde 2007 y su \u00faltima aparici\u00f3n p\u00fablica en el f\u00fatbol fue como presidente de River Plate hasta 2013.<\/p>\n","protected":false},"excerpt":{"rendered":"<p>El ex portero paraguayo Jos\u00e9 Luis Chilavert manifest\u00f3 que le encantar\u00eda que Daniel Passarella sea el nuevo t\u00e9cnico de la selecci\u00f3n de Paraguay. En un homenaje que le hizo el club V\u00e9lez Sarsfield, donde realiz\u00f3 gran parte de su carrera como futbolista, Chilavert dej\u00f3 en claro su posici\u00f3n sobre el futuro de la &#8216;Albirroja&#8217;. \u00abA [&hellip;]<\/p>\n","protected":false},"author":5,"featured_media":11374,"comment_status":"open","ping_status":"closed","sticky":false,"template":"","format":"standard","meta":{"_acf_changed":false,"footnotes":""},"categories":[152],"tags":[],"class_list":{"0":"post-11382","1":"post","2":"type-post","3":"status-publish","4":"format-standard","5":"has-post-thumbnail","7":"category-mundo-futbol"},"acf":[],"_links":{"self":[{"href":"https:\/\/futbolhoy.co\/index.php\/wp-json\/wp\/v2\/posts\/11382","targetHints":{"allow":["GET"]}}],"collection":[{"href":"https:\/\/futbolhoy.co\/index.php\/wp-json\/wp\/v2\/posts"}],"about":[{"href":"https:\/\/futbolhoy.co\/index.php\/wp-json\/wp\/v2\/types\/post"}],"author":[{"embeddable":true,"href":"https:\/\/futbolhoy.co\/index.php\/wp-json\/wp\/v2\/users\/5"}],"replies":[{"embeddable":true,"href":"https:\/\/futbolhoy.co\/index.php\/wp-json\/wp\/v2\/comments?post=11382"}],"version-history":[{"count":2,"href":"https:\/\/futbolhoy.co\/index.php\/wp-json\/wp\/v2\/posts\/11382\/revisions"}],"predecessor-version":[{"id":11400,"href":"https:\/\/futbolhoy.co\/index.php\/wp-json\/wp\/v2\/posts\/11382\/revisions\/11400"}],"wp:featuredmedia":[{"embeddable":true,"href":"https:\/\/futbolhoy.co\/index.php\/wp-json\/wp\/v2\/media\/11374"}],"wp:attachment":[{"href":"https:\/\/futbolhoy.co\/index.php\/wp-json\/wp\/v2\/media?parent=11382"}],"wp:term":[{"taxonomy":"category","embeddable":true,"href":"https:\/\/futbolhoy.co\/index.php\/wp-json\/wp\/v2\/categories?post=11382"},{"taxonomy":"post_tag","embeddable":true,"href":"https:\/\/futbolhoy.co\/index.php\/wp-json\/wp\/v2\/tags?post=11382"}],"curies":[{"name":"wp","href":"https:\/\/api.w.org\/{rel}","templated":true}]}}