{"id":113998,"date":"2024-11-22T12:52:13","date_gmt":"2024-11-22T17:52:13","guid":{"rendered":"https:\/\/futbolhoy.co\/?p=113998"},"modified":"2024-11-23T19:02:05","modified_gmt":"2024-11-24T00:02:05","slug":"las-convocadas-de-la-seleccion-colombia-para-enfrentar-a-argentina","status":"publish","type":"post","link":"https:\/\/futbolhoy.co\/index.php\/2024\/11\/22\/las-convocadas-de-la-seleccion-colombia-para-enfrentar-a-argentina\/","title":{"rendered":"Las convocadas de la Selecci\u00f3n Colombia para enfrentar a Argentina"},"content":{"rendered":"<p style=\"text-align: justify;\"><span style=\"font-family: helvetica, arial, sans-serif;\"><span style=\"font-weight: 400;\">El t\u00e9cnic<\/span><b>o \u00c1ngelo Marsiglia hizo oficial la lista de 23 convocadas de la Selecci\u00f3n Colombia para enfrentar a Argentina <\/b><span style=\"font-weight: 400;\">en la pr\u00f3xima fecha FIFA de noviembre, en un duelo amistoso el pr\u00f3ximo s\u00e1bado 30 de <\/span><b>noviembre en Fort Lauderdale, Florida, <\/b><span style=\"font-weight: 400;\">en Estados Unidos.\u00a0<\/span><\/span><\/p>\n<p style=\"text-align: justify;\"><span style=\"font-family: helvetica, arial, sans-serif;\"><span style=\"font-weight: 400;\">El equipo nacional iniciar\u00e1 la concentraci\u00f3n el pr\u00f3ximo 25 de noviembre en <\/span><b>Bogot\u00e1, para posteriormente viajar el 28 <\/b><span style=\"font-weight: 400;\">a Estados Unidos para medirse a las argentinas.\u00a0<\/span><\/span><\/p>\n<p style=\"text-align: justify;\"><span style=\"font-family: helvetica, arial, sans-serif;\"><span style=\"font-weight: 400;\">La gran ausente de la convocatoria es Linda Caicedo, pero tambi\u00e9n se ve el regreso de Manuela Vargas t<\/span><b>ras estar ausente por lesi\u00f3n, junto a Luisa Agudelo.\u00a0<\/b><\/span><\/p>\n<p style=\"text-align: justify;\"><span style=\"font-family: helvetica, arial, sans-serif;\"><b>Estas son las convocadas de Colombia para enfrentar a Argentina:<\/b><\/span><\/p>\n<p style=\"text-align: justify;\"><span style=\"font-weight: 400; font-family: helvetica, arial, sans-serif;\">Arqueras<\/span><\/p>\n<p style=\"text-align: justify;\"><span style=\"font-weight: 400; font-family: helvetica, arial, sans-serif;\">Jimena Ospina \u2013 Deportivo Cali (COL)<\/span><\/p>\n<p style=\"text-align: justify;\"><span style=\"font-weight: 400; font-family: helvetica, arial, sans-serif;\">Luisa Agudelo \u2013 Deportivo Cali (COL)<\/span><\/p>\n<p style=\"text-align: justify;\"><span style=\"font-weight: 400; font-family: helvetica, arial, sans-serif;\">Luz Katherine Tapia \u2013 Palmeiras (BRA)<\/span><\/p>\n<p style=\"text-align: justify;\"><span style=\"font-family: helvetica, arial, sans-serif;\"><b>Defensas<\/b><\/span><\/p>\n<p style=\"text-align: justify;\"><span style=\"font-weight: 400; font-family: helvetica, arial, sans-serif;\">Manuela Vanegas \u2013 Real Sociedad (ESP)<\/span><\/p>\n<p style=\"text-align: justify;\"><span style=\"font-weight: 400; font-family: helvetica, arial, sans-serif;\">Daniela Arias \u2013 Corinthians (BRA)<\/span><\/p>\n<p style=\"text-align: justify;\"><span style=\"font-weight: 400; font-family: helvetica, arial, sans-serif;\">Ana Mar\u00eda Guzm\u00e1n \u2013 Bayern M\u00fanich (GER)<\/span><\/p>\n<p style=\"text-align: justify;\"><span style=\"font-weight: 400; font-family: helvetica, arial, sans-serif;\">Mary Jos\u00e9 \u00c1lvarez \u2013 Atl\u00e9tico Nacional (COL)<\/span><\/p>\n<p style=\"text-align: justify;\"><span style=\"font-weight: 400; font-family: helvetica, arial, sans-serif;\">\u00c1ngela Bar\u00f3n \u2013 Racing Louisville FC (USA)<\/span><\/p>\n<p style=\"text-align: justify;\"><span style=\"font-weight: 400; font-family: helvetica, arial, sans-serif;\">Carolina Arias \u2013 Am\u00e9rica de Cali (COL)<\/span><\/p>\n<p style=\"text-align: justify;\"><span style=\"font-weight: 400; font-family: helvetica, arial, sans-serif;\">Daniela Caracas \u2013 RCD Espanyol (ESP)<\/span><\/p>\n<p style=\"text-align: justify;\"><span style=\"font-weight: 400; font-family: helvetica, arial, sans-serif;\">Yirleidis Quejada \u2013 Pachuca (MEX)<\/span><\/p>\n<p style=\"text-align: justify;\"><span style=\"font-family: helvetica, arial, sans-serif;\"><b>Volantes<\/b><\/span><\/p>\n<p style=\"text-align: justify;\"><span style=\"font-weight: 400; font-family: helvetica, arial, sans-serif;\">Daniela Montoya \u2013 Atl\u00e9tico Nacional (COL)<\/span><\/p>\n<p style=\"text-align: justify;\"><span style=\"font-weight: 400; font-family: helvetica, arial, sans-serif;\">Leicy Santos &#8211; Washington Spirit (USA)<\/span><\/p>\n<p style=\"text-align: justify;\"><span style=\"font-weight: 400; font-family: helvetica, arial, sans-serif;\">Gabriela Rodr\u00edguez \u2013 Am\u00e9rica de Cali (COL)<\/span><\/p>\n<p style=\"text-align: justify;\"><span style=\"font-weight: 400; font-family: helvetica, arial, sans-serif;\">Sara Sof\u00eda Mart\u00ednez \u2013 Am\u00e9rica de Cali (COL)<\/span><\/p>\n<p style=\"text-align: justify;\"><span style=\"font-weight: 400; font-family: helvetica, arial, sans-serif;\">Mar\u00eda Camila Reyes \u2013 Independiente Santa Fe (COL)<\/span><\/p>\n<p style=\"text-align: justify;\"><span style=\"font-family: helvetica, arial, sans-serif;\"><b>Delanteras<\/b><\/span><\/p>\n<p style=\"text-align: justify;\"><span style=\"font-weight: 400; font-family: helvetica, arial, sans-serif;\">Mar\u00eda Catalina Usme \u2013 Galatasaray (TUR)<\/span><\/p>\n<p style=\"text-align: justify;\"><span style=\"font-weight: 400; font-family: helvetica, arial, sans-serif;\">Gisela Robledo \u2013 Corinthians (BRA)<\/span><\/p>\n<p style=\"text-align: justify;\"><span style=\"font-weight: 400; font-family: helvetica, arial, sans-serif;\">Mayra Ram\u00edrez \u2013 Chelsea (ENG)<\/span><\/p>\n<p style=\"text-align: justify;\"><span style=\"font-weight: 400; font-family: helvetica, arial, sans-serif;\">Manuela Pavi \u2013 West Ham United (ENG)<\/span><\/p>\n<p style=\"text-align: justify;\"><span style=\"font-weight: 400; font-family: helvetica, arial, sans-serif;\">Wendy Bonilla \u2013 Am\u00e9rica de Cali (COL)<\/span><\/p>\n<p style=\"text-align: justify;\"><span style=\"font-weight: 400; font-family: helvetica, arial, sans-serif;\">Karla Torres \u2013 Independiente Santa Fe (COL)<\/span><\/p>\n<p style=\"text-align: justify;\"><span style=\"font-weight: 400; font-family: helvetica, arial, sans-serif;\">Mar\u00eda Paula C\u00f3rdoba \u2013 Am\u00e9rica de Cali (COL)<\/span><\/p>\n","protected":false},"excerpt":{"rendered":"<p>El t\u00e9cnico \u00c1ngelo Marsiglia hizo oficial la lista de 23 convocadas de la Selecci\u00f3n Colombia para enfrentar a Argentina en la pr\u00f3xima fecha FIFA de noviembre, en un duelo amistoso el pr\u00f3ximo s\u00e1bado 30 de noviembre en Fort Lauderdale, Florida, en Estados Unidos.\u00a0 El equipo nacional iniciar\u00e1 la concentraci\u00f3n el pr\u00f3ximo 25 de noviembre en [&hellip;]<\/p>\n","protected":false},"author":4,"featured_media":113999,"comment_status":"open","ping_status":"closed","sticky":false,"template":"","format":"standard","meta":{"_acf_changed":false,"footnotes":""},"categories":[418],"tags":[],"class_list":{"0":"post-113998","1":"post","2":"type-post","3":"status-publish","4":"format-standard","5":"has-post-thumbnail","7":"category-colombia"},"acf":[],"_links":{"self":[{"href":"https:\/\/futbolhoy.co\/index.php\/wp-json\/wp\/v2\/posts\/113998","targetHints":{"allow":["GET"]}}],"collection":[{"href":"https:\/\/futbolhoy.co\/index.php\/wp-json\/wp\/v2\/posts"}],"about":[{"href":"https:\/\/futbolhoy.co\/index.php\/wp-json\/wp\/v2\/types\/post"}],"author":[{"embeddable":true,"href":"https:\/\/futbolhoy.co\/index.php\/wp-json\/wp\/v2\/users\/4"}],"replies":[{"embeddable":true,"href":"https:\/\/futbolhoy.co\/index.php\/wp-json\/wp\/v2\/comments?post=113998"}],"version-history":[{"count":1,"href":"https:\/\/futbolhoy.co\/index.php\/wp-json\/wp\/v2\/posts\/113998\/revisions"}],"predecessor-version":[{"id":114000,"href":"https:\/\/futbolhoy.co\/index.php\/wp-json\/wp\/v2\/posts\/113998\/revisions\/114000"}],"wp:featuredmedia":[{"embeddable":true,"href":"https:\/\/futbolhoy.co\/index.php\/wp-json\/wp\/v2\/media\/113999"}],"wp:attachment":[{"href":"https:\/\/futbolhoy.co\/index.php\/wp-json\/wp\/v2\/media?parent=113998"}],"wp:term":[{"taxonomy":"category","embeddable":true,"href":"https:\/\/futbolhoy.co\/index.php\/wp-json\/wp\/v2\/categories?post=113998"},{"taxonomy":"post_tag","embeddable":true,"href":"https:\/\/futbolhoy.co\/index.php\/wp-json\/wp\/v2\/tags?post=113998"}],"curies":[{"name":"wp","href":"https:\/\/api.w.org\/{rel}","templated":true}]}}