{"id":11401,"date":"2017-12-18T16:13:48","date_gmt":"2017-12-18T21:13:48","guid":{"rendered":"http:\/\/futbolhoy.co\/?p=11401"},"modified":"2017-12-18T18:24:04","modified_gmt":"2017-12-18T23:24:04","slug":"un-colombiano-en-el-equipo-ideal-del-torneo-mexicano","status":"publish","type":"post","link":"https:\/\/futbolhoy.co\/index.php\/2017\/12\/18\/un-colombiano-en-el-equipo-ideal-del-torneo-mexicano\/","title":{"rendered":"Un colombiano en el equipo ideal del torneo mexicano"},"content":{"rendered":"<p style=\"text-align: justify;\">El delantero <strong>Avil\u00e9s Hurtado<\/strong>, de <strong>Monterrey<\/strong>, fue el \u00fanico colombiano incluido en el Once Ideal del Torneo Apertura del f\u00fatbol mexicano.<u><\/u><u><\/u><\/p>\n<p style=\"text-align: justify;\">El colombiano\u00a0marc\u00f3 14 goles en el\u00a0campeonato, donde su equipo se qued\u00f3 con el subt\u00edtulo.<u><\/u><u><\/u><\/p>\n<p style=\"text-align: justify;\">Hurtado tuvo una destaca temporada, donde fue convocado a los amistosos que disput\u00f3 Colombia ante <strong>Corea del Sur y China.<\/strong><\/p>\n","protected":false},"excerpt":{"rendered":"<p>El delantero Avil\u00e9s Hurtado, de Monterrey, fue el \u00fanico colombiano incluido en el Once Ideal del Torneo Apertura del f\u00fatbol mexicano. El colombiano\u00a0marc\u00f3 14 goles en el\u00a0campeonato, donde su equipo se qued\u00f3 con el subt\u00edtulo. Hurtado tuvo una destaca temporada, donde fue convocado a los amistosos que disput\u00f3 Colombia ante Corea del Sur y China.<\/p>\n","protected":false},"author":5,"featured_media":11410,"comment_status":"open","ping_status":"closed","sticky":false,"template":"","format":"standard","meta":{"_acf_changed":false,"footnotes":""},"categories":[5,153],"tags":[221,349],"class_list":{"0":"post-11401","1":"post","2":"type-post","3":"status-publish","4":"format-standard","5":"has-post-thumbnail","7":"category-destacados","8":"category-selecion-colombia","9":"tag-aviles-hurtado","10":"tag-monterrey"},"acf":[],"_links":{"self":[{"href":"https:\/\/futbolhoy.co\/index.php\/wp-json\/wp\/v2\/posts\/11401","targetHints":{"allow":["GET"]}}],"collection":[{"href":"https:\/\/futbolhoy.co\/index.php\/wp-json\/wp\/v2\/posts"}],"about":[{"href":"https:\/\/futbolhoy.co\/index.php\/wp-json\/wp\/v2\/types\/post"}],"author":[{"embeddable":true,"href":"https:\/\/futbolhoy.co\/index.php\/wp-json\/wp\/v2\/users\/5"}],"replies":[{"embeddable":true,"href":"https:\/\/futbolhoy.co\/index.php\/wp-json\/wp\/v2\/comments?post=11401"}],"version-history":[{"count":1,"href":"https:\/\/futbolhoy.co\/index.php\/wp-json\/wp\/v2\/posts\/11401\/revisions"}],"predecessor-version":[{"id":11407,"href":"https:\/\/futbolhoy.co\/index.php\/wp-json\/wp\/v2\/posts\/11401\/revisions\/11407"}],"wp:featuredmedia":[{"embeddable":true,"href":"https:\/\/futbolhoy.co\/index.php\/wp-json\/wp\/v2\/media\/11410"}],"wp:attachment":[{"href":"https:\/\/futbolhoy.co\/index.php\/wp-json\/wp\/v2\/media?parent=11401"}],"wp:term":[{"taxonomy":"category","embeddable":true,"href":"https:\/\/futbolhoy.co\/index.php\/wp-json\/wp\/v2\/categories?post=11401"},{"taxonomy":"post_tag","embeddable":true,"href":"https:\/\/futbolhoy.co\/index.php\/wp-json\/wp\/v2\/tags?post=11401"}],"curies":[{"name":"wp","href":"https:\/\/api.w.org\/{rel}","templated":true}]}}