{"id":11403,"date":"2017-12-18T17:13:51","date_gmt":"2017-12-18T22:13:51","guid":{"rendered":"http:\/\/futbolhoy.co\/?p=11403"},"modified":"2017-12-18T18:18:50","modified_gmt":"2017-12-18T23:18:50","slug":"la-dimayor-fijo-fechas-para-superliga","status":"publish","type":"post","link":"https:\/\/futbolhoy.co\/index.php\/2017\/12\/18\/la-dimayor-fijo-fechas-para-superliga\/","title":{"rendered":"La Dimayor fij\u00f3 fechas para Superliga"},"content":{"rendered":"<p style=\"text-align: justify;\">Los d\u00edas 31 de enero y 7 de febrero fueron confirmados por Dimayor para la realizaci\u00f3n de la Superliga en 2018, torneo que disputan los dos campeones de la temporada que concluy\u00f3 el fin de semana.<u><\/u><u><\/u><\/p>\n<p style=\"text-align: justify;\">La serie entre Millonarios y Atl\u00e9tico Nacional iniciar\u00e1 en el estadio El Camp\u00edn de Bogot\u00e1 y concluir\u00e1 en el Atanasio Girardot de Medell\u00edn.<\/p>\n","protected":false},"excerpt":{"rendered":"<p>Los d\u00edas 31 de enero y 7 de febrero fueron confirmados por Dimayor para la realizaci\u00f3n de la Superliga en 2018, torneo que disputan los dos campeones de la temporada que concluy\u00f3 el fin de semana. La serie entre Millonarios y Atl\u00e9tico Nacional iniciar\u00e1 en el estadio El Camp\u00edn de Bogot\u00e1 y concluir\u00e1 en el [&hellip;]<\/p>\n","protected":false},"author":5,"featured_media":11405,"comment_status":"open","ping_status":"closed","sticky":false,"template":"","format":"standard","meta":{"_acf_changed":false,"footnotes":""},"categories":[5,7],"tags":[],"class_list":{"0":"post-11403","1":"post","2":"type-post","3":"status-publish","4":"format-standard","5":"has-post-thumbnail","7":"category-destacados","8":"category-liga-betplay"},"acf":[],"_links":{"self":[{"href":"https:\/\/futbolhoy.co\/index.php\/wp-json\/wp\/v2\/posts\/11403","targetHints":{"allow":["GET"]}}],"collection":[{"href":"https:\/\/futbolhoy.co\/index.php\/wp-json\/wp\/v2\/posts"}],"about":[{"href":"https:\/\/futbolhoy.co\/index.php\/wp-json\/wp\/v2\/types\/post"}],"author":[{"embeddable":true,"href":"https:\/\/futbolhoy.co\/index.php\/wp-json\/wp\/v2\/users\/5"}],"replies":[{"embeddable":true,"href":"https:\/\/futbolhoy.co\/index.php\/wp-json\/wp\/v2\/comments?post=11403"}],"version-history":[{"count":1,"href":"https:\/\/futbolhoy.co\/index.php\/wp-json\/wp\/v2\/posts\/11403\/revisions"}],"predecessor-version":[{"id":11408,"href":"https:\/\/futbolhoy.co\/index.php\/wp-json\/wp\/v2\/posts\/11403\/revisions\/11408"}],"wp:featuredmedia":[{"embeddable":true,"href":"https:\/\/futbolhoy.co\/index.php\/wp-json\/wp\/v2\/media\/11405"}],"wp:attachment":[{"href":"https:\/\/futbolhoy.co\/index.php\/wp-json\/wp\/v2\/media?parent=11403"}],"wp:term":[{"taxonomy":"category","embeddable":true,"href":"https:\/\/futbolhoy.co\/index.php\/wp-json\/wp\/v2\/categories?post=11403"},{"taxonomy":"post_tag","embeddable":true,"href":"https:\/\/futbolhoy.co\/index.php\/wp-json\/wp\/v2\/tags?post=11403"}],"curies":[{"name":"wp","href":"https:\/\/api.w.org\/{rel}","templated":true}]}}