{"id":114050,"date":"2024-11-24T13:36:33","date_gmt":"2024-11-24T18:36:33","guid":{"rendered":"https:\/\/futbolhoy.co\/?p=114050"},"modified":"2024-11-25T09:52:43","modified_gmt":"2024-11-25T14:52:43","slug":"james-rodriguez-otra-vez-se-quedo-en-la-banca-de-rayo-vallecano","status":"publish","type":"post","link":"https:\/\/futbolhoy.co\/index.php\/2024\/11\/24\/james-rodriguez-otra-vez-se-quedo-en-la-banca-de-rayo-vallecano\/","title":{"rendered":"James Rodr\u00edguez otra vez se qued\u00f3 en la banca de Rayo Vallecano"},"content":{"rendered":"<p style=\"text-align: justify;\"><span style=\"font-family: helvetica, arial, sans-serif;\"><span style=\"font-weight: 400;\">El 10 de la Selecci\u00f3n Colombia, una vez m\u00e1s, se qued\u00f3 sin jugar con el Rayo Vallecano, este domingo en el partido<\/span><b> correspondiente a la jornada 14 de LaLiga contra el Sevilla<\/b><span style=\"font-weight: 400;\">, en un duelo donde los de Vallecas perdieron 1-0.<\/span><\/span><\/p>\n<p style=\"text-align: justify;\"><span style=\"font-family: helvetica, arial, sans-serif;\"><b>Djibril Sow, al minuto 27, marc\u00f3 el \u00fanico gol con el que Sevilla <\/b><span style=\"font-weight: 400;\">se qued\u00f3 con los tres puntos ante el Rayo Vallecano, que tuvo a James Rodr\u00edguez todo el tiempo en la banca.<\/span><\/span><\/p>\n<p style=\"text-align: justify;\"><span style=\"font-family: helvetica, arial, sans-serif;\"><span style=\"font-weight: 400;\">El colombiano ven\u00eda de ser protagonista en el m\u00e1s reciente partido de la Selecci\u00f3n ante Ecuador,<\/span><b> siendo uno de los m\u00e1s destacados con la Tricolor. <\/b><span style=\"font-weight: 400;\">\u00a0<\/span><\/span><\/p>\n<p style=\"text-align: justify;\"><span style=\"font-family: helvetica, arial, sans-serif;\"><span style=\"font-weight: 400;\">El mismo t\u00e9cnico del Rayo, \u00cd\u00f1igo P\u00e9rez, asegur\u00f3 en la previa que toda la plantilla estaba disponible para jugar, pero sigue sin tener en cuenta a James Rodr\u00edguez, por lo que es una <\/span><b>inc\u00f3gnita si continuar\u00e1 en el club espa\u00f1ol.<\/b><\/span><\/p>\n","protected":false},"excerpt":{"rendered":"<p>El 10 de la Selecci\u00f3n Colombia, una vez m\u00e1s, se qued\u00f3 sin jugar con el Rayo Vallecano, este domingo en el partido correspondiente a la jornada 14 de LaLiga contra el Sevilla, en un duelo donde los de Vallecas perdieron 1-0. Djibril Sow, al minuto 27, marc\u00f3 el \u00fanico gol con el que Sevilla se [&hellip;]<\/p>\n","protected":false},"author":4,"featured_media":113544,"comment_status":"open","ping_status":"closed","sticky":false,"template":"","format":"standard","meta":{"_acf_changed":false,"footnotes":""},"categories":[418],"tags":[],"class_list":{"0":"post-114050","1":"post","2":"type-post","3":"status-publish","4":"format-standard","5":"has-post-thumbnail","7":"category-colombia"},"acf":[],"_links":{"self":[{"href":"https:\/\/futbolhoy.co\/index.php\/wp-json\/wp\/v2\/posts\/114050","targetHints":{"allow":["GET"]}}],"collection":[{"href":"https:\/\/futbolhoy.co\/index.php\/wp-json\/wp\/v2\/posts"}],"about":[{"href":"https:\/\/futbolhoy.co\/index.php\/wp-json\/wp\/v2\/types\/post"}],"author":[{"embeddable":true,"href":"https:\/\/futbolhoy.co\/index.php\/wp-json\/wp\/v2\/users\/4"}],"replies":[{"embeddable":true,"href":"https:\/\/futbolhoy.co\/index.php\/wp-json\/wp\/v2\/comments?post=114050"}],"version-history":[{"count":1,"href":"https:\/\/futbolhoy.co\/index.php\/wp-json\/wp\/v2\/posts\/114050\/revisions"}],"predecessor-version":[{"id":114051,"href":"https:\/\/futbolhoy.co\/index.php\/wp-json\/wp\/v2\/posts\/114050\/revisions\/114051"}],"wp:featuredmedia":[{"embeddable":true,"href":"https:\/\/futbolhoy.co\/index.php\/wp-json\/wp\/v2\/media\/113544"}],"wp:attachment":[{"href":"https:\/\/futbolhoy.co\/index.php\/wp-json\/wp\/v2\/media?parent=114050"}],"wp:term":[{"taxonomy":"category","embeddable":true,"href":"https:\/\/futbolhoy.co\/index.php\/wp-json\/wp\/v2\/categories?post=114050"},{"taxonomy":"post_tag","embeddable":true,"href":"https:\/\/futbolhoy.co\/index.php\/wp-json\/wp\/v2\/tags?post=114050"}],"curies":[{"name":"wp","href":"https:\/\/api.w.org\/{rel}","templated":true}]}}