{"id":114066,"date":"2024-11-25T08:46:28","date_gmt":"2024-11-25T13:46:28","guid":{"rendered":"https:\/\/futbolhoy.co\/?p=114066"},"modified":"2024-11-26T09:02:27","modified_gmt":"2024-11-26T14:02:27","slug":"dura-baja-en-real-madrid-ante-liverpool-vinicius-lesionado","status":"publish","type":"post","link":"https:\/\/futbolhoy.co\/index.php\/2024\/11\/25\/dura-baja-en-real-madrid-ante-liverpool-vinicius-lesionado\/","title":{"rendered":"Dura baja en Real Madrid ante Liverpool: Vinicius lesionado"},"content":{"rendered":"<p style=\"text-align: justify;\"><span style=\"font-family: helvetica, arial, sans-serif;\"><strong>El delantero del Real Madrid Vinicius Junior<\/strong> sufri\u00f3 una lesi\u00f3n en el b\u00edceps femoral, por lo que ser\u00e1 baja para el partido ante al Liverpool por la Champions League el pr\u00f3ximo mi\u00e9rcoles en Anfield.\u00a0\u00a0<\/span><\/p>\n<p style=\"text-align: justify;\"><span style=\"font-family: helvetica, arial, sans-serif;\">\u00ab<strong>Tras las pruebas realizadas hoy lunes a nuestro jugador Vini Jr.<\/strong> por los Servicios M\u00e9dicos del Real Madrid se le ha diagnosticado una lesi\u00f3n en el b\u00edceps femoral de la pierna izquierda. Pendiente de evoluci\u00f3n\u00bb, se\u00f1al\u00f3 el parte m\u00e9dico oficial del club blanco.<\/span><\/p>\n<p style=\"text-align: justify;\"><span style=\"font-family: helvetica, arial, sans-serif;\">\u00abEl loco calendario&#8230;&#8230;&#8230; <strong>A RECUPERAR!\u00bb,<\/strong> escribi\u00f3 Vinicius en su cuenta de X, despu\u00e9s de que se conociera su lesi\u00f3n.<\/span><\/p>\n<p style=\"text-align: justify;\"><span style=\"font-family: helvetica, arial, sans-serif;\">Seg\u00fan medios espa\u00f1oles, el jugador <strong>podr\u00eda estar cerca de un mes alejado de las canchas<\/strong>.\u00a0<\/span><\/p>\n<p style=\"text-align: justify;\"><span style=\"font-family: helvetica, arial, sans-serif;\"><strong>El brasile\u00f1o no estar\u00e1 en el partido<\/strong> de Champions esta semana frente al l\u00edder del torneo, Liverpool, mientras que el Real Madrid necesita una victoria para recuperar terreno, pues apenas tiene 6 puntos y est\u00e1 en la casilla 18.\u00a0<\/span><\/p>\n","protected":false},"excerpt":{"rendered":"<p>El delantero del Real Madrid Vinicius Junior sufri\u00f3 una lesi\u00f3n en el b\u00edceps femoral, por lo que ser\u00e1 baja para el partido ante al Liverpool por la Champions League el pr\u00f3ximo mi\u00e9rcoles en Anfield.\u00a0\u00a0 \u00abTras las pruebas realizadas hoy lunes a nuestro jugador Vini Jr. por los Servicios M\u00e9dicos del Real Madrid se le ha [&hellip;]<\/p>\n","protected":false},"author":4,"featured_media":114064,"comment_status":"open","ping_status":"closed","sticky":false,"template":"","format":"standard","meta":{"_acf_changed":false,"footnotes":""},"categories":[152],"tags":[],"class_list":{"0":"post-114066","1":"post","2":"type-post","3":"status-publish","4":"format-standard","5":"has-post-thumbnail","7":"category-mundo-futbol"},"acf":[],"_links":{"self":[{"href":"https:\/\/futbolhoy.co\/index.php\/wp-json\/wp\/v2\/posts\/114066","targetHints":{"allow":["GET"]}}],"collection":[{"href":"https:\/\/futbolhoy.co\/index.php\/wp-json\/wp\/v2\/posts"}],"about":[{"href":"https:\/\/futbolhoy.co\/index.php\/wp-json\/wp\/v2\/types\/post"}],"author":[{"embeddable":true,"href":"https:\/\/futbolhoy.co\/index.php\/wp-json\/wp\/v2\/users\/4"}],"replies":[{"embeddable":true,"href":"https:\/\/futbolhoy.co\/index.php\/wp-json\/wp\/v2\/comments?post=114066"}],"version-history":[{"count":1,"href":"https:\/\/futbolhoy.co\/index.php\/wp-json\/wp\/v2\/posts\/114066\/revisions"}],"predecessor-version":[{"id":114067,"href":"https:\/\/futbolhoy.co\/index.php\/wp-json\/wp\/v2\/posts\/114066\/revisions\/114067"}],"wp:featuredmedia":[{"embeddable":true,"href":"https:\/\/futbolhoy.co\/index.php\/wp-json\/wp\/v2\/media\/114064"}],"wp:attachment":[{"href":"https:\/\/futbolhoy.co\/index.php\/wp-json\/wp\/v2\/media?parent=114066"}],"wp:term":[{"taxonomy":"category","embeddable":true,"href":"https:\/\/futbolhoy.co\/index.php\/wp-json\/wp\/v2\/categories?post=114066"},{"taxonomy":"post_tag","embeddable":true,"href":"https:\/\/futbolhoy.co\/index.php\/wp-json\/wp\/v2\/tags?post=114066"}],"curies":[{"name":"wp","href":"https:\/\/api.w.org\/{rel}","templated":true}]}}