{"id":114101,"date":"2024-11-25T21:22:27","date_gmt":"2024-11-26T02:22:27","guid":{"rendered":"https:\/\/futbolhoy.co\/?p=114101"},"modified":"2024-11-26T16:09:57","modified_gmt":"2024-11-26T21:09:57","slug":"juanfer-quintero-no-le-cierra-la-puerta-a-regresar-a-colombia-esto-dijo","status":"publish","type":"post","link":"https:\/\/futbolhoy.co\/index.php\/2024\/11\/25\/juanfer-quintero-no-le-cierra-la-puerta-a-regresar-a-colombia-esto-dijo\/","title":{"rendered":"Juanfer Quintero no le cierra la puerta a regresar a Colombia: esto dijo"},"content":{"rendered":"<p style=\"text-align: justify;\"><span style=\"font-family: helvetica, arial, sans-serif;\"><strong>Juan Fernando Quintero<\/strong> es el hombre del momento por haberse consagrado campe\u00f3n de la <strong>Copa Sudamericana<\/strong> con <strong>Racing<\/strong>, siendo clave en el certamen con lo hecho en las semifinales y con la asistencia que dio en la final ante <strong>Cruzeiro<\/strong>. <\/span><\/p>\n<p style=\"text-align: justify;\"><span style=\"font-family: helvetica, arial, sans-serif;\">El antioque\u00f1o habl\u00f3 con <strong><em>ESPN<\/em><\/strong> luego de esta alegr\u00eda y se refiri\u00f3 a un posible regreso a <strong>Colombia.<\/strong> Agradeci\u00f3 los pasos que tuvo por <strong>Envigado, Nacional<\/strong>, el equipo de sus amores, <strong>Medell\u00edn<\/strong>, y recientemente <strong>Junior,<\/strong> as\u00ed como no le cerr\u00f3 la puerta a <strong>Millonarios.<\/strong><\/span><\/p>\n<p style=\"text-align: justify;\"><span style=\"font-family: helvetica, arial, sans-serif;\">\u201cVoy a decir la verdad, a m\u00ed me encanta Colombia (&#8230;) uno nunca cierra las puertas a nadie. Yo vivo eternamente agradecido con Nacional, obviamente mi v\u00ednculo es con Medell\u00edn y Envigado me dio mis primeros pasos en el f\u00fatbol\u201d, inici\u00f3 diciendo al ser preguntado.<\/span><\/p>\n<p style=\"text-align: justify;\"><span style=\"font-family: helvetica, arial, sans-serif;\">Respecto a Millonarios, coment\u00f3: \u201cCon <strong>Gamero<\/strong>, con <strong>Gustavo (Serpa)<\/strong> siempre hablo, es muy dif\u00edcil de negociar, es un tipo de 100 puntos. En su momento se dar\u00e1 el d\u00eda que tenga que volver\u201d.<\/span><\/p>\n","protected":false},"excerpt":{"rendered":"<p>Juan Fernando Quintero es el hombre del momento por haberse consagrado campe\u00f3n de la Copa Sudamericana con Racing, siendo clave en el certamen con lo hecho en las semifinales y con la asistencia que dio en la final ante Cruzeiro. El antioque\u00f1o habl\u00f3 con ESPN luego de esta alegr\u00eda y se refiri\u00f3 a un posible [&hellip;]<\/p>\n","protected":false},"author":4,"featured_media":114102,"comment_status":"open","ping_status":"closed","sticky":false,"template":"","format":"standard","meta":{"_acf_changed":false,"footnotes":""},"categories":[418],"tags":[],"class_list":{"0":"post-114101","1":"post","2":"type-post","3":"status-publish","4":"format-standard","5":"has-post-thumbnail","7":"category-colombia"},"acf":[],"_links":{"self":[{"href":"https:\/\/futbolhoy.co\/index.php\/wp-json\/wp\/v2\/posts\/114101","targetHints":{"allow":["GET"]}}],"collection":[{"href":"https:\/\/futbolhoy.co\/index.php\/wp-json\/wp\/v2\/posts"}],"about":[{"href":"https:\/\/futbolhoy.co\/index.php\/wp-json\/wp\/v2\/types\/post"}],"author":[{"embeddable":true,"href":"https:\/\/futbolhoy.co\/index.php\/wp-json\/wp\/v2\/users\/4"}],"replies":[{"embeddable":true,"href":"https:\/\/futbolhoy.co\/index.php\/wp-json\/wp\/v2\/comments?post=114101"}],"version-history":[{"count":1,"href":"https:\/\/futbolhoy.co\/index.php\/wp-json\/wp\/v2\/posts\/114101\/revisions"}],"predecessor-version":[{"id":114103,"href":"https:\/\/futbolhoy.co\/index.php\/wp-json\/wp\/v2\/posts\/114101\/revisions\/114103"}],"wp:featuredmedia":[{"embeddable":true,"href":"https:\/\/futbolhoy.co\/index.php\/wp-json\/wp\/v2\/media\/114102"}],"wp:attachment":[{"href":"https:\/\/futbolhoy.co\/index.php\/wp-json\/wp\/v2\/media?parent=114101"}],"wp:term":[{"taxonomy":"category","embeddable":true,"href":"https:\/\/futbolhoy.co\/index.php\/wp-json\/wp\/v2\/categories?post=114101"},{"taxonomy":"post_tag","embeddable":true,"href":"https:\/\/futbolhoy.co\/index.php\/wp-json\/wp\/v2\/tags?post=114101"}],"curies":[{"name":"wp","href":"https:\/\/api.w.org\/{rel}","templated":true}]}}