{"id":114105,"date":"2024-11-26T09:00:46","date_gmt":"2024-11-26T14:00:46","guid":{"rendered":"https:\/\/futbolhoy.co\/?p=114105"},"modified":"2024-11-26T17:31:39","modified_gmt":"2024-11-26T22:31:39","slug":"juan-cabal-fue-operado-de-la-rotura-de-ligamento-cruzado","status":"publish","type":"post","link":"https:\/\/futbolhoy.co\/index.php\/2024\/11\/26\/juan-cabal-fue-operado-de-la-rotura-de-ligamento-cruzado\/","title":{"rendered":"Juan David Cabal fue operado de la rotura de ligamento cruzado"},"content":{"rendered":"<p style=\"text-align: justify;\"><span style=\"font-family: helvetica, arial, sans-serif;\"><b>El defensa colombiano Juan David Cabal, jugador de la Juventus<\/b><span style=\"font-weight: 400;\">, fue operado con \u00e9xito este martes en Lyon, Francia, luego de la ruptura del ligamento cruzado anterior de la rodilla izquierda, al tiempo que se confirm\u00f3 que no estar\u00e1 m\u00e1s disponible para jugar esta temporada.<\/span><\/span><\/p>\n<p style=\"text-align: justify;\"><span style=\"font-family: helvetica, arial, sans-serif;\"><span style=\"font-weight: 400;\">La intervenci\u00f3n fue realizada por el doctor Bertrand S<\/span><b>onnery-Cottet en el Hospital privado Jean-Mermoz de Lyon<\/b><span style=\"font-weight: 400;\">, en presencia del doctor Luca Stefanini, director m\u00e9dico de la Juve.<\/span><\/span><\/p>\n<p style=\"text-align: justify;\"><span style=\"font-family: helvetica, arial, sans-serif;\"><span style=\"font-weight: 400;\">El jugador, que empezar\u00e1 ahora su programa de rehabilitaci\u00f3n con el club italiano, se lesion\u00f3 <\/span><b>durante un entrenamiento con la Selecci\u00f3n Colombia<\/b><span style=\"font-weight: 400;\"> en la concentraci\u00f3n <\/span><b>para la pasada fecha de Eliminatorias.<\/b><\/span><\/p>\n<p style=\"text-align: justify;\"><span style=\"font-family: helvetica, arial, sans-serif;\"><span style=\"font-weight: 400;\">Colombia perdi\u00f3 los partidos ante Uruguay y Ecuador por las fechas 11 y 12 de las <\/span><b>Eliminatorias al Mundial 2026.<\/b><\/span><\/p>\n","protected":false},"excerpt":{"rendered":"<p>El defensa colombiano Juan David Cabal, jugador de la Juventus, fue operado con \u00e9xito este martes en Lyon, Francia, luego de la ruptura del ligamento cruzado anterior de la rodilla izquierda, al tiempo que se confirm\u00f3 que no estar\u00e1 m\u00e1s disponible para jugar esta temporada. La intervenci\u00f3n fue realizada por el doctor Bertrand Sonnery-Cottet en [&hellip;]<\/p>\n","protected":false},"author":4,"featured_media":113719,"comment_status":"open","ping_status":"closed","sticky":false,"template":"","format":"standard","meta":{"_acf_changed":false,"footnotes":""},"categories":[418],"tags":[],"class_list":{"0":"post-114105","1":"post","2":"type-post","3":"status-publish","4":"format-standard","5":"has-post-thumbnail","7":"category-colombia"},"acf":[],"_links":{"self":[{"href":"https:\/\/futbolhoy.co\/index.php\/wp-json\/wp\/v2\/posts\/114105","targetHints":{"allow":["GET"]}}],"collection":[{"href":"https:\/\/futbolhoy.co\/index.php\/wp-json\/wp\/v2\/posts"}],"about":[{"href":"https:\/\/futbolhoy.co\/index.php\/wp-json\/wp\/v2\/types\/post"}],"author":[{"embeddable":true,"href":"https:\/\/futbolhoy.co\/index.php\/wp-json\/wp\/v2\/users\/4"}],"replies":[{"embeddable":true,"href":"https:\/\/futbolhoy.co\/index.php\/wp-json\/wp\/v2\/comments?post=114105"}],"version-history":[{"count":2,"href":"https:\/\/futbolhoy.co\/index.php\/wp-json\/wp\/v2\/posts\/114105\/revisions"}],"predecessor-version":[{"id":114116,"href":"https:\/\/futbolhoy.co\/index.php\/wp-json\/wp\/v2\/posts\/114105\/revisions\/114116"}],"wp:featuredmedia":[{"embeddable":true,"href":"https:\/\/futbolhoy.co\/index.php\/wp-json\/wp\/v2\/media\/113719"}],"wp:attachment":[{"href":"https:\/\/futbolhoy.co\/index.php\/wp-json\/wp\/v2\/media?parent=114105"}],"wp:term":[{"taxonomy":"category","embeddable":true,"href":"https:\/\/futbolhoy.co\/index.php\/wp-json\/wp\/v2\/categories?post=114105"},{"taxonomy":"post_tag","embeddable":true,"href":"https:\/\/futbolhoy.co\/index.php\/wp-json\/wp\/v2\/tags?post=114105"}],"curies":[{"name":"wp","href":"https:\/\/api.w.org\/{rel}","templated":true}]}}