{"id":114117,"date":"2024-11-26T12:14:32","date_gmt":"2024-11-26T17:14:32","guid":{"rendered":"https:\/\/futbolhoy.co\/?p=114117"},"modified":"2024-11-27T10:40:37","modified_gmt":"2024-11-27T15:40:37","slug":"barrida-en-deportivo-cali-anuncian-la-salida-de-11-jugadores","status":"publish","type":"post","link":"https:\/\/futbolhoy.co\/index.php\/2024\/11\/26\/barrida-en-deportivo-cali-anuncian-la-salida-de-11-jugadores\/","title":{"rendered":"Barrida en Deportivo Cali: anuncian la salida de 11 jugadores"},"content":{"rendered":"<p style=\"text-align: justify;\"><span style=\"font-family: helvetica, arial, sans-serif;\">En <strong>Deportivo Cali est\u00e1n tomando decisiones<\/strong> pensando en no descender el pr\u00f3ximo a\u00f1o, sobre todo con el susto que tuvieron durante este semestre con la posibilidad latente de perder la categor\u00eda.\u00a0<\/span><\/p>\n<p style=\"text-align: justify;\"><span style=\"font-family: helvetica, arial, sans-serif;\">Ante esto, las directivas del cuadro azucarero anunciaron una barrida de jugadores este martes. <strong>En total son 11 futbolistas<\/strong> los que ya no vestir\u00e1n la camiseta en 2025.\u00a0<\/span><\/p>\n<p style=\"text-align: justify;\"><span style=\"font-family: helvetica, arial, sans-serif;\">Humberto Acevedo, Jonathan Marulanda, Fabi\u00e1n Castillo, Jimmy Medranda, Brayan Monta\u00f1o, <strong>Fabi\u00e1n \u00c1ngel, Juan Manuel Valencia<\/strong>, Andr\u00e9s Andrade, Anderson Plata, Alexander Mej\u00eda y <strong>Fredy Montero<\/strong> no seguir\u00e1n en Deportivo Cali.\u00a0<\/span><\/p>\n<p style=\"text-align: justify;\"><span style=\"font-family: helvetica, arial, sans-serif;\">As\u00ed mismo, el equipo de Alfredo Arias contar\u00eda con los fichajes de Cristian Graciano, Yeison Gordillo y Jean Colorado, adem\u00e1s, regresan al club Kevin Moreno, Jhon Barreiro, Jhon Cabal y Juan Jos\u00e9 Tello.<\/span><\/p>\n","protected":false},"excerpt":{"rendered":"<p>En Deportivo Cali est\u00e1n tomando decisiones pensando en no descender el pr\u00f3ximo a\u00f1o, sobre todo con el susto que tuvieron durante este semestre con la posibilidad latente de perder la categor\u00eda.\u00a0 Ante esto, las directivas del cuadro azucarero anunciaron una barrida de jugadores este martes. En total son 11 futbolistas los que ya no vestir\u00e1n [&hellip;]<\/p>\n","protected":false},"author":4,"featured_media":114118,"comment_status":"open","ping_status":"closed","sticky":false,"template":"","format":"standard","meta":{"_acf_changed":false,"footnotes":""},"categories":[7],"tags":[],"class_list":{"0":"post-114117","1":"post","2":"type-post","3":"status-publish","4":"format-standard","5":"has-post-thumbnail","7":"category-liga-betplay"},"acf":[],"_links":{"self":[{"href":"https:\/\/futbolhoy.co\/index.php\/wp-json\/wp\/v2\/posts\/114117","targetHints":{"allow":["GET"]}}],"collection":[{"href":"https:\/\/futbolhoy.co\/index.php\/wp-json\/wp\/v2\/posts"}],"about":[{"href":"https:\/\/futbolhoy.co\/index.php\/wp-json\/wp\/v2\/types\/post"}],"author":[{"embeddable":true,"href":"https:\/\/futbolhoy.co\/index.php\/wp-json\/wp\/v2\/users\/4"}],"replies":[{"embeddable":true,"href":"https:\/\/futbolhoy.co\/index.php\/wp-json\/wp\/v2\/comments?post=114117"}],"version-history":[{"count":1,"href":"https:\/\/futbolhoy.co\/index.php\/wp-json\/wp\/v2\/posts\/114117\/revisions"}],"predecessor-version":[{"id":114119,"href":"https:\/\/futbolhoy.co\/index.php\/wp-json\/wp\/v2\/posts\/114117\/revisions\/114119"}],"wp:featuredmedia":[{"embeddable":true,"href":"https:\/\/futbolhoy.co\/index.php\/wp-json\/wp\/v2\/media\/114118"}],"wp:attachment":[{"href":"https:\/\/futbolhoy.co\/index.php\/wp-json\/wp\/v2\/media?parent=114117"}],"wp:term":[{"taxonomy":"category","embeddable":true,"href":"https:\/\/futbolhoy.co\/index.php\/wp-json\/wp\/v2\/categories?post=114117"},{"taxonomy":"post_tag","embeddable":true,"href":"https:\/\/futbolhoy.co\/index.php\/wp-json\/wp\/v2\/tags?post=114117"}],"curies":[{"name":"wp","href":"https:\/\/api.w.org\/{rel}","templated":true}]}}