{"id":114120,"date":"2024-11-26T13:35:35","date_gmt":"2024-11-26T18:35:35","guid":{"rendered":"https:\/\/futbolhoy.co\/?p=114120"},"modified":"2024-11-27T13:02:42","modified_gmt":"2024-11-27T18:02:42","slug":"marsiglia-no-esta-conforme-para-nada-con-la-seleccion-colombia-femenina","status":"publish","type":"post","link":"https:\/\/futbolhoy.co\/index.php\/2024\/11\/26\/marsiglia-no-esta-conforme-para-nada-con-la-seleccion-colombia-femenina\/","title":{"rendered":"Marsiglia no est\u00e1 \u201cconforme para nada\u201d con la Selecci\u00f3n Colombia Femenina"},"content":{"rendered":"<p style=\"text-align: justify;\"><span style=\"font-family: helvetica, arial, sans-serif;\">El t\u00e9cnico de la Selecci\u00f3n Colombia Femenina, Angelo Marsiglia, confes\u00f3 en rueda de prensa que la actuaci\u00f3n del equipo este a\u00f1o no ha sido la mejor y que no est\u00e1 \u201c<strong>conforme para nada\u201d,<\/strong> pero resalt\u00f3 que est\u00e1n haciendo todo para los retos que se aproximan en 2025, como la Copa Am\u00e9rica Femenina.\u00a0<\/span><\/p>\n<p style=\"text-align: justify;\"><span style=\"font-family: helvetica, arial, sans-serif;\">\u00ab<strong>No puedo decir que estamos conformes,<\/strong> siento que es una selecci\u00f3n que viene en proceso, viene creciendo, y bueno seguir que el 2025 es un a\u00f1o que tiene un torneo muy importante (que es la Copa Am\u00e9rica)\u00bb, afirm\u00f3 Marsiglia en una conferencia de prensa en Bogot\u00e1 antes de viajar a Fort Lauderdale (EE.UU), donde <strong>Colombia enfrentar\u00e1 el 30 de noviembre a Argentina.<\/strong><\/span><\/p>\n<p style=\"text-align: justify;\"><span style=\"font-family: helvetica, arial, sans-serif;\">Este a\u00f1o, el equipo disput\u00f3 la Copa Oro femenina y qued\u00f3 eliminada en cuartos de final <strong>por 3-0 con Estados Unidos<\/strong>, mientras que en los Juegos Ol\u00edmpicos, el equipo igual\u00f3 2-2 en cuartos con Espa\u00f1a, pero cay\u00f3 en la tanda de penaltis.<\/span><\/p>\n<p style=\"text-align: justify;\"><span style=\"font-family: helvetica, arial, sans-serif;\">El entrenador expres\u00f3 que a las juveniles que ahora jugar\u00e1n con la absoluta en este amistoso, 15 en total, las est\u00e1n \u00ab<strong>poniendo en condiciones\u00bb<\/strong> de competir en partidos internacionales con el equipo mayores.<\/span><\/p>\n<p style=\"text-align: justify;\"><span style=\"font-family: helvetica, arial, sans-serif;\">\u00abColombia tiene que hacer un partido muy inteligente, es un partido que nos va a preparar para el a\u00f1o que viene y no tenemos que mirar esta <strong>fecha como cierre del a\u00f1o<\/strong>, sino como preparaci\u00f3n para 2025&#8243;, dijo el entrenador sobre el pr\u00f3ximo juego ante Argentina.<\/span><\/p>\n<p style=\"text-align: justify;\"><span style=\"font-family: helvetica, arial, sans-serif;\"><strong>Marsiglia expres\u00f3 que el amistoso<\/strong> va a ayudar a la selecci\u00f3n a \u00abcrecer mentalmente\u00bb, que \u00abes lo que necesitan\u00bb porque \u00ablo que les ha faltado es competitividad\u00bb.<\/span><\/p>\n","protected":false},"excerpt":{"rendered":"<p>El t\u00e9cnico de la Selecci\u00f3n Colombia Femenina, Angelo Marsiglia, confes\u00f3 en rueda de prensa que la actuaci\u00f3n del equipo este a\u00f1o no ha sido la mejor y que no est\u00e1 \u201cconforme para nada\u201d, pero resalt\u00f3 que est\u00e1n haciendo todo para los retos que se aproximan en 2025, como la Copa Am\u00e9rica Femenina.\u00a0 \u00abNo puedo decir [&hellip;]<\/p>\n","protected":false},"author":4,"featured_media":114121,"comment_status":"open","ping_status":"closed","sticky":false,"template":"","format":"standard","meta":{"_acf_changed":false,"footnotes":""},"categories":[418],"tags":[],"class_list":{"0":"post-114120","1":"post","2":"type-post","3":"status-publish","4":"format-standard","5":"has-post-thumbnail","7":"category-colombia"},"acf":[],"_links":{"self":[{"href":"https:\/\/futbolhoy.co\/index.php\/wp-json\/wp\/v2\/posts\/114120","targetHints":{"allow":["GET"]}}],"collection":[{"href":"https:\/\/futbolhoy.co\/index.php\/wp-json\/wp\/v2\/posts"}],"about":[{"href":"https:\/\/futbolhoy.co\/index.php\/wp-json\/wp\/v2\/types\/post"}],"author":[{"embeddable":true,"href":"https:\/\/futbolhoy.co\/index.php\/wp-json\/wp\/v2\/users\/4"}],"replies":[{"embeddable":true,"href":"https:\/\/futbolhoy.co\/index.php\/wp-json\/wp\/v2\/comments?post=114120"}],"version-history":[{"count":1,"href":"https:\/\/futbolhoy.co\/index.php\/wp-json\/wp\/v2\/posts\/114120\/revisions"}],"predecessor-version":[{"id":114122,"href":"https:\/\/futbolhoy.co\/index.php\/wp-json\/wp\/v2\/posts\/114120\/revisions\/114122"}],"wp:featuredmedia":[{"embeddable":true,"href":"https:\/\/futbolhoy.co\/index.php\/wp-json\/wp\/v2\/media\/114121"}],"wp:attachment":[{"href":"https:\/\/futbolhoy.co\/index.php\/wp-json\/wp\/v2\/media?parent=114120"}],"wp:term":[{"taxonomy":"category","embeddable":true,"href":"https:\/\/futbolhoy.co\/index.php\/wp-json\/wp\/v2\/categories?post=114120"},{"taxonomy":"post_tag","embeddable":true,"href":"https:\/\/futbolhoy.co\/index.php\/wp-json\/wp\/v2\/tags?post=114120"}],"curies":[{"name":"wp","href":"https:\/\/api.w.org\/{rel}","templated":true}]}}