{"id":114125,"date":"2024-11-26T16:27:36","date_gmt":"2024-11-26T21:27:36","guid":{"rendered":"https:\/\/futbolhoy.co\/?p=114125"},"modified":"2024-11-27T17:08:25","modified_gmt":"2024-11-27T22:08:25","slug":"messi-ya-tiene-tecnico-mascherano-es-el-nuevo-dt-de-inter-miami","status":"publish","type":"post","link":"https:\/\/futbolhoy.co\/index.php\/2024\/11\/26\/messi-ya-tiene-tecnico-mascherano-es-el-nuevo-dt-de-inter-miami\/","title":{"rendered":"Messi ya tiene t\u00e9cnico: Mascherano es el nuevo DT de Inter Miami"},"content":{"rendered":"<p style=\"text-align: justify;\"><span style=\"font-family: helvetica, arial, sans-serif;\">Este martes el<strong> Inter Miami<\/strong> confirm\u00f3 su nuevo entrenador, tras la salida de <strong>Tata Martino. Javier Mascherano<\/strong> tomar\u00e1 el cargo que dej\u00f3 su compatriota y se reencontrar\u00e1 con<strong> Lionel Messi, Jordi Alba, Luis Su\u00e1rez y Sergio Busquets.<\/strong><\/span><\/p>\n<p style=\"text-align: justify;\"><span style=\"font-family: helvetica, arial, sans-serif;\">Pareciera un <strong>Barcelona<\/strong> 2.0, pero en <strong>Miami.<\/strong> El equipo rosa de la <strong>MLS<\/strong> confirm\u00f3 que el argentino asumir\u00e1 como nuevo entrenador hasta la temporada 2027.<\/span><\/p>\n<p style=\"text-align: justify;\"><span style=\"font-family: helvetica, arial, sans-serif;\">El t\u00e9cnico y exjugador argentina llega de dirigir a la <strong>Selecci\u00f3n Argentina Sub-20<\/strong>, pero ahora asumir\u00e1 un rol diferente con quienes fueron durante a\u00f1os sus compa\u00f1eros de equipo, en su etapa como futbolista.<\/span><\/p>\n<p style=\"text-align: justify;\"><span style=\"font-family: helvetica, arial, sans-serif;\">\u201cA lo largo de su carrera como uno de los mejores jugadores del mundo y como entrenador experimentado, Javier siempre ha demostrado lo que lo hace grande: una determinaci\u00f3n incansable con el conocimiento, los instintos y la comprensi\u00f3n que la respaldan. Estamos muy emocionados de darle la bienvenida para liderar nuestro equipo\u201d, dijo David Beckham como bienvenida para el entrenador.<\/span><\/p>\n","protected":false},"excerpt":{"rendered":"<p>Este martes el Inter Miami confirm\u00f3 su nuevo entrenador, tras la salida de Tata Martino. Javier Mascherano tomar\u00e1 el cargo que dej\u00f3 su compatriota y se reencontrar\u00e1 con Lionel Messi, Jordi Alba, Luis Su\u00e1rez y Sergio Busquets. Pareciera un Barcelona 2.0, pero en Miami. El equipo rosa de la MLS confirm\u00f3 que el argentino asumir\u00e1 [&hellip;]<\/p>\n","protected":false},"author":4,"featured_media":114126,"comment_status":"open","ping_status":"closed","sticky":false,"template":"","format":"standard","meta":{"_acf_changed":false,"footnotes":""},"categories":[152],"tags":[],"class_list":{"0":"post-114125","1":"post","2":"type-post","3":"status-publish","4":"format-standard","5":"has-post-thumbnail","7":"category-mundo-futbol"},"acf":[],"_links":{"self":[{"href":"https:\/\/futbolhoy.co\/index.php\/wp-json\/wp\/v2\/posts\/114125","targetHints":{"allow":["GET"]}}],"collection":[{"href":"https:\/\/futbolhoy.co\/index.php\/wp-json\/wp\/v2\/posts"}],"about":[{"href":"https:\/\/futbolhoy.co\/index.php\/wp-json\/wp\/v2\/types\/post"}],"author":[{"embeddable":true,"href":"https:\/\/futbolhoy.co\/index.php\/wp-json\/wp\/v2\/users\/4"}],"replies":[{"embeddable":true,"href":"https:\/\/futbolhoy.co\/index.php\/wp-json\/wp\/v2\/comments?post=114125"}],"version-history":[{"count":1,"href":"https:\/\/futbolhoy.co\/index.php\/wp-json\/wp\/v2\/posts\/114125\/revisions"}],"predecessor-version":[{"id":114127,"href":"https:\/\/futbolhoy.co\/index.php\/wp-json\/wp\/v2\/posts\/114125\/revisions\/114127"}],"wp:featuredmedia":[{"embeddable":true,"href":"https:\/\/futbolhoy.co\/index.php\/wp-json\/wp\/v2\/media\/114126"}],"wp:attachment":[{"href":"https:\/\/futbolhoy.co\/index.php\/wp-json\/wp\/v2\/media?parent=114125"}],"wp:term":[{"taxonomy":"category","embeddable":true,"href":"https:\/\/futbolhoy.co\/index.php\/wp-json\/wp\/v2\/categories?post=114125"},{"taxonomy":"post_tag","embeddable":true,"href":"https:\/\/futbolhoy.co\/index.php\/wp-json\/wp\/v2\/tags?post=114125"}],"curies":[{"name":"wp","href":"https:\/\/api.w.org\/{rel}","templated":true}]}}