{"id":11415,"date":"2017-12-19T10:39:17","date_gmt":"2017-12-19T15:39:17","guid":{"rendered":"http:\/\/futbolhoy.co\/?p=11415"},"modified":"2017-12-19T10:39:17","modified_gmt":"2017-12-19T15:39:17","slug":"tecnico-del-america-mexicano-descarta-a-cardona","status":"publish","type":"post","link":"https:\/\/futbolhoy.co\/index.php\/2017\/12\/19\/tecnico-del-america-mexicano-descarta-a-cardona\/","title":{"rendered":"T\u00e9cnico del Am\u00e9rica mexicano descarta a Cardona"},"content":{"rendered":"<p style=\"text-align: justify;\"><strong>Miguel &#8216;El Piojo&#8217; Herrera<\/strong>, t\u00e9cnico del <strong>Am\u00e9rica<\/strong> <strong>de<\/strong> <strong>M\u00e9xico<\/strong>, asegur\u00f3 que busca refuerzos para las \u00c1guilas en Europa de cara a la temporada 2018 de la Liga MX, dejando pr\u00e1cticamente descartada la llegada del volante colombiano <strong>Edwin Cardona.<\/strong><\/p>\n<p style=\"text-align: justify;\">Herrera, en di\u00e1logo con el canal <strong>FOX Sports<\/strong> de M\u00e9xico, se\u00f1al\u00f3 que los jugadores que busca en el viejo continente no son de nacionalidad mexicana y que con ellos, pretende poner al Am\u00e9rica en el primer orden del f\u00fatbol \u2018azteca\u2019.<\/p>\n<p style=\"text-align: justify;\">La prensa en M\u00e9xico hab\u00eda especulado el fin de semana con un supuesto inter\u00e9s de las \u00c1guilas en Cardona, quien actualmente milita en <strong>Boca Juniors,<\/strong> pero cuyos derechos deportivos pertenecen a los Rayados de <strong>Monterrey<\/strong>.<\/p>\n","protected":false},"excerpt":{"rendered":"<p>Miguel &#8216;El Piojo&#8217; Herrera, t\u00e9cnico del Am\u00e9rica de M\u00e9xico, asegur\u00f3 que busca refuerzos para las \u00c1guilas en Europa de cara a la temporada 2018 de la Liga MX, dejando pr\u00e1cticamente descartada la llegada del volante colombiano Edwin Cardona. Herrera, en di\u00e1logo con el canal FOX Sports de M\u00e9xico, se\u00f1al\u00f3 que los jugadores que busca en [&hellip;]<\/p>\n","protected":false},"author":5,"featured_media":11416,"comment_status":"open","ping_status":"closed","sticky":false,"template":"","format":"standard","meta":{"_acf_changed":false,"footnotes":""},"categories":[5,152],"tags":[],"class_list":{"0":"post-11415","1":"post","2":"type-post","3":"status-publish","4":"format-standard","5":"has-post-thumbnail","7":"category-destacados","8":"category-mundo-futbol"},"acf":[],"_links":{"self":[{"href":"https:\/\/futbolhoy.co\/index.php\/wp-json\/wp\/v2\/posts\/11415","targetHints":{"allow":["GET"]}}],"collection":[{"href":"https:\/\/futbolhoy.co\/index.php\/wp-json\/wp\/v2\/posts"}],"about":[{"href":"https:\/\/futbolhoy.co\/index.php\/wp-json\/wp\/v2\/types\/post"}],"author":[{"embeddable":true,"href":"https:\/\/futbolhoy.co\/index.php\/wp-json\/wp\/v2\/users\/5"}],"replies":[{"embeddable":true,"href":"https:\/\/futbolhoy.co\/index.php\/wp-json\/wp\/v2\/comments?post=11415"}],"version-history":[{"count":1,"href":"https:\/\/futbolhoy.co\/index.php\/wp-json\/wp\/v2\/posts\/11415\/revisions"}],"predecessor-version":[{"id":11417,"href":"https:\/\/futbolhoy.co\/index.php\/wp-json\/wp\/v2\/posts\/11415\/revisions\/11417"}],"wp:featuredmedia":[{"embeddable":true,"href":"https:\/\/futbolhoy.co\/index.php\/wp-json\/wp\/v2\/media\/11416"}],"wp:attachment":[{"href":"https:\/\/futbolhoy.co\/index.php\/wp-json\/wp\/v2\/media?parent=11415"}],"wp:term":[{"taxonomy":"category","embeddable":true,"href":"https:\/\/futbolhoy.co\/index.php\/wp-json\/wp\/v2\/categories?post=11415"},{"taxonomy":"post_tag","embeddable":true,"href":"https:\/\/futbolhoy.co\/index.php\/wp-json\/wp\/v2\/tags?post=11415"}],"curies":[{"name":"wp","href":"https:\/\/api.w.org\/{rel}","templated":true}]}}