{"id":114153,"date":"2024-11-27T17:13:32","date_gmt":"2024-11-27T22:13:32","guid":{"rendered":"https:\/\/futbolhoy.co\/?p=114153"},"modified":"2024-11-28T20:38:47","modified_gmt":"2024-11-29T01:38:47","slug":"bucaramanga-anuncia-la-salida-de-dudamel","status":"publish","type":"post","link":"https:\/\/futbolhoy.co\/index.php\/2024\/11\/27\/bucaramanga-anuncia-la-salida-de-dudamel\/","title":{"rendered":"Bucaramanga anuncia la salida de Dudamel"},"content":{"rendered":"<p style=\"text-align: justify;\"><span style=\"font-family: helvetica, arial, sans-serif;\">Lleg\u00f3 al final la etapa de <strong>Rafael Dudamel<\/strong> al frente del <strong>Atl\u00e9tico Bucaramanga.<\/strong> Luego de varias semanas de especulaciones sobre su continuidad, el t\u00e9cnico venezolano se despidi\u00f3 de la instituci\u00f3n, seg\u00fan lo informado, por cuestiones personales.<\/span><\/p>\n<p style=\"text-align: justify;\"><span style=\"font-family: helvetica, arial, sans-serif;\">\u201cEl profesor Rafael Dudamel ha tomado la decisi\u00f3n de no continuar en la instituci\u00f3n por motivos personales. Respetamos profundamente su elecci\u00f3n, comprendemos la importancia de sus prioridades y le agradecemos por haber entregado lo mejor de s\u00ed durante su tiempo en <strong>Bucaramanga\u201d,<\/strong> se lee en el comunicado.<\/span><\/p>\n<p style=\"text-align: justify;\"><span style=\"font-family: helvetica, arial, sans-serif;\">El equipo hizo \u00e9nfasis en el cambio de historia en el club con el t\u00edtulo de la <strong>Liga BetPlay<\/strong> que lleg\u00f3 bajo el mando del entrenador venezolano en el primer semestre del 2024. Los dej\u00f3 clasificados para la <strong>Copa<\/strong> <strong>Libertadores 2025<\/strong> y llegaron hasta las semifinales de la <strong>Copa BetPlay.<\/strong><\/span><\/p>\n<p style=\"text-align: justify;\"><span style=\"font-family: helvetica, arial, sans-serif;\">En total dirigi\u00f3<strong> 58 partidos,<\/strong> de los cuales<strong> gan\u00f3 28<\/strong>, <strong>empat\u00f3 17 y perdi\u00f3 13<\/strong> para un <strong>rendimiento del 58%.<\/strong><\/span><\/p>\n","protected":false},"excerpt":{"rendered":"<p>Lleg\u00f3 al final la etapa de Rafael Dudamel al frente del Atl\u00e9tico Bucaramanga. Luego de varias semanas de especulaciones sobre su continuidad, el t\u00e9cnico venezolano se despidi\u00f3 de la instituci\u00f3n, seg\u00fan lo informado, por cuestiones personales. \u201cEl profesor Rafael Dudamel ha tomado la decisi\u00f3n de no continuar en la instituci\u00f3n por motivos personales. Respetamos profundamente [&hellip;]<\/p>\n","protected":false},"author":4,"featured_media":114154,"comment_status":"open","ping_status":"closed","sticky":false,"template":"","format":"standard","meta":{"_acf_changed":false,"footnotes":""},"categories":[7],"tags":[],"class_list":{"0":"post-114153","1":"post","2":"type-post","3":"status-publish","4":"format-standard","5":"has-post-thumbnail","7":"category-liga-betplay"},"acf":[],"_links":{"self":[{"href":"https:\/\/futbolhoy.co\/index.php\/wp-json\/wp\/v2\/posts\/114153","targetHints":{"allow":["GET"]}}],"collection":[{"href":"https:\/\/futbolhoy.co\/index.php\/wp-json\/wp\/v2\/posts"}],"about":[{"href":"https:\/\/futbolhoy.co\/index.php\/wp-json\/wp\/v2\/types\/post"}],"author":[{"embeddable":true,"href":"https:\/\/futbolhoy.co\/index.php\/wp-json\/wp\/v2\/users\/4"}],"replies":[{"embeddable":true,"href":"https:\/\/futbolhoy.co\/index.php\/wp-json\/wp\/v2\/comments?post=114153"}],"version-history":[{"count":1,"href":"https:\/\/futbolhoy.co\/index.php\/wp-json\/wp\/v2\/posts\/114153\/revisions"}],"predecessor-version":[{"id":114155,"href":"https:\/\/futbolhoy.co\/index.php\/wp-json\/wp\/v2\/posts\/114153\/revisions\/114155"}],"wp:featuredmedia":[{"embeddable":true,"href":"https:\/\/futbolhoy.co\/index.php\/wp-json\/wp\/v2\/media\/114154"}],"wp:attachment":[{"href":"https:\/\/futbolhoy.co\/index.php\/wp-json\/wp\/v2\/media?parent=114153"}],"wp:term":[{"taxonomy":"category","embeddable":true,"href":"https:\/\/futbolhoy.co\/index.php\/wp-json\/wp\/v2\/categories?post=114153"},{"taxonomy":"post_tag","embeddable":true,"href":"https:\/\/futbolhoy.co\/index.php\/wp-json\/wp\/v2\/tags?post=114153"}],"curies":[{"name":"wp","href":"https:\/\/api.w.org\/{rel}","templated":true}]}}