{"id":11421,"date":"2017-12-19T19:33:26","date_gmt":"2017-12-20T00:33:26","guid":{"rendered":"http:\/\/futbolhoy.co\/?p=11421"},"modified":"2017-12-19T19:33:26","modified_gmt":"2017-12-20T00:33:26","slug":"almiron-nuevo-tecnico-de-atletico-nacional","status":"publish","type":"post","link":"https:\/\/futbolhoy.co\/index.php\/2017\/12\/19\/almiron-nuevo-tecnico-de-atletico-nacional\/","title":{"rendered":"Almir\u00f3n nuevo t\u00e9cnico de Atl\u00e9tico Nacional"},"content":{"rendered":"<p style=\"text-align: justify;\">El entrenador argentino Jorge Almir\u00f3n fue designado como nuevo t\u00e9cnico del Atl\u00e9tico Nacional, anunci\u00f3 el presidente del club, Andr\u00e9s Botero, desde Buenos Aires, donde cerr\u00f3 la contrataci\u00f3n del nuevo estratega.<\/p>\n<p style=\"text-align: justify;\">Almir\u00f3n, quien naci\u00f3 en Buenos Aires el 19 de junio de 1971 (46), jug\u00f3 en las ligas de Chile, M\u00e9xico y Argentina, y su carrera como t\u00e9cnico la inici\u00f3 en Dorados de Sinaloa (2008-2009). Despu\u00e9s dirigi\u00f3 a Veracruz (2010) y Tijuana (2013-2014) en M\u00e9xico;<\/p>\n<p style=\"text-align: justify;\">En su pa\u00eds estuvo al frente de Defensa y Justicia (2009), Godoy Cruz (2014), Independiente (2014-2015) \u00a0y Lan\u00fas (2015-2017).<\/p>\n<p style=\"text-align: justify;\">El club escribi\u00f3 en su portal:\u00a0<em>La instituci\u00f3n Verdolaga recibe con ilusi\u00f3n a Jorge Almir\u00f3n, qui\u00e9n dirigir\u00e1 al Bicampe\u00f3n Continental en la Liga \u00c1guila, Superliga \u00c1guila, Copa \u00c1guila y Conmebol Libertadores Bridgestone\u2026..\u00a1Bienvenido Jorge!<\/em><\/p>\n<p style=\"text-align: justify;\">El t\u00e9cnico dirigi\u00f3 esta temporada a Lan\u00fas de su pa\u00eds, y al cierre del a\u00f1o cay\u00f3 3-1 (global)\u00a0ante Gremio, en la final de la Copa Libertadores de 2017.<\/p>\n","protected":false},"excerpt":{"rendered":"<p>El entrenador argentino Jorge Almir\u00f3n fue designado como nuevo t\u00e9cnico del Atl\u00e9tico Nacional, anunci\u00f3 el presidente del club, Andr\u00e9s Botero, desde Buenos Aires, donde cerr\u00f3 la contrataci\u00f3n del nuevo estratega. Almir\u00f3n, quien naci\u00f3 en Buenos Aires el 19 de junio de 1971 (46), jug\u00f3 en las ligas de Chile, M\u00e9xico y Argentina, y su carrera [&hellip;]<\/p>\n","protected":false},"author":5,"featured_media":11422,"comment_status":"open","ping_status":"closed","sticky":false,"template":"","format":"standard","meta":{"_acf_changed":false,"footnotes":""},"categories":[5,7],"tags":[205],"class_list":{"0":"post-11421","1":"post","2":"type-post","3":"status-publish","4":"format-standard","5":"has-post-thumbnail","7":"category-destacados","8":"category-liga-betplay","9":"tag-atletico-nacional"},"acf":[],"_links":{"self":[{"href":"https:\/\/futbolhoy.co\/index.php\/wp-json\/wp\/v2\/posts\/11421","targetHints":{"allow":["GET"]}}],"collection":[{"href":"https:\/\/futbolhoy.co\/index.php\/wp-json\/wp\/v2\/posts"}],"about":[{"href":"https:\/\/futbolhoy.co\/index.php\/wp-json\/wp\/v2\/types\/post"}],"author":[{"embeddable":true,"href":"https:\/\/futbolhoy.co\/index.php\/wp-json\/wp\/v2\/users\/5"}],"replies":[{"embeddable":true,"href":"https:\/\/futbolhoy.co\/index.php\/wp-json\/wp\/v2\/comments?post=11421"}],"version-history":[{"count":1,"href":"https:\/\/futbolhoy.co\/index.php\/wp-json\/wp\/v2\/posts\/11421\/revisions"}],"predecessor-version":[{"id":11423,"href":"https:\/\/futbolhoy.co\/index.php\/wp-json\/wp\/v2\/posts\/11421\/revisions\/11423"}],"wp:featuredmedia":[{"embeddable":true,"href":"https:\/\/futbolhoy.co\/index.php\/wp-json\/wp\/v2\/media\/11422"}],"wp:attachment":[{"href":"https:\/\/futbolhoy.co\/index.php\/wp-json\/wp\/v2\/media?parent=11421"}],"wp:term":[{"taxonomy":"category","embeddable":true,"href":"https:\/\/futbolhoy.co\/index.php\/wp-json\/wp\/v2\/categories?post=11421"},{"taxonomy":"post_tag","embeddable":true,"href":"https:\/\/futbolhoy.co\/index.php\/wp-json\/wp\/v2\/tags?post=11421"}],"curies":[{"name":"wp","href":"https:\/\/api.w.org\/{rel}","templated":true}]}}