{"id":11433,"date":"2017-12-20T16:45:34","date_gmt":"2017-12-20T21:45:34","guid":{"rendered":"http:\/\/futbolhoy.co\/?p=11433"},"modified":"2017-12-20T16:45:34","modified_gmt":"2017-12-20T21:45:34","slug":"fifa-redujo-sancion-a-guerrero-quien-jugara-el-mundial-rusia-2018","status":"publish","type":"post","link":"https:\/\/futbolhoy.co\/index.php\/2017\/12\/20\/fifa-redujo-sancion-a-guerrero-quien-jugara-el-mundial-rusia-2018\/","title":{"rendered":"FIFA redujo sanci\u00f3n a Guerrero, quien jugar\u00e1 el Mundial Rusia 2018"},"content":{"rendered":"<p style=\"text-align: justify;\">La <strong>FIFA<\/strong> redujo a seis meses la suspensi\u00f3n al capit\u00e1n de la selecci\u00f3n peruana de f\u00fatbol, <strong>Paolo Guerrero,<\/strong> quien result\u00f3 positivo en un control practicado durante las eliminatorias sudamericanas.<\/p>\n<p style=\"text-align: justify;\">\u00abLa Comisi\u00f3n de Apelaci\u00f3n de la FIFA, despu\u00e9s de haber tenido en cuenta las circunstancias del caso, especialmente el grado de error del jugador, estim\u00f3 que un tiempo de indisponibilidad de seis meses ser\u00eda una sanci\u00f3n proporcionada\u00bb, dice el comunicado de la rectora.<\/p>\n<p style=\"text-align: justify;\">\u00abEl tiempo de suspensi\u00f3n empieza el 3 de noviembre de 2017, fecha en la cual el jugador fue suspendido de manera provisional por el presidente de la Comisi\u00f3n de Disciplina de la FIFA\u00bb, agreg\u00f3<\/p>\n<p style=\"text-align: justify;\">Guerrero (33), podr\u00e1 volver a jugar el 4 de mayo y estar\u00e1 en condiciones de ser convocado a la selecci\u00f3n de Per\u00fa que participar\u00e1 en el <strong>Mundial de Rusia<\/strong>, donde el equipo Inca forma parte del grupo C, junto a <strong>Dinamarca<\/strong>, <strong>Francia<\/strong> y <strong>Australia<\/strong>.<\/p>\n","protected":false},"excerpt":{"rendered":"<p>La FIFA redujo a seis meses la suspensi\u00f3n al capit\u00e1n de la selecci\u00f3n peruana de f\u00fatbol, Paolo Guerrero, quien result\u00f3 positivo en un control practicado durante las eliminatorias sudamericanas. \u00abLa Comisi\u00f3n de Apelaci\u00f3n de la FIFA, despu\u00e9s de haber tenido en cuenta las circunstancias del caso, especialmente el grado de error del jugador, estim\u00f3 que [&hellip;]<\/p>\n","protected":false},"author":5,"featured_media":11434,"comment_status":"open","ping_status":"closed","sticky":false,"template":"","format":"standard","meta":{"_acf_changed":false,"footnotes":""},"categories":[5,152],"tags":[],"class_list":{"0":"post-11433","1":"post","2":"type-post","3":"status-publish","4":"format-standard","5":"has-post-thumbnail","7":"category-destacados","8":"category-mundo-futbol"},"acf":[],"_links":{"self":[{"href":"https:\/\/futbolhoy.co\/index.php\/wp-json\/wp\/v2\/posts\/11433","targetHints":{"allow":["GET"]}}],"collection":[{"href":"https:\/\/futbolhoy.co\/index.php\/wp-json\/wp\/v2\/posts"}],"about":[{"href":"https:\/\/futbolhoy.co\/index.php\/wp-json\/wp\/v2\/types\/post"}],"author":[{"embeddable":true,"href":"https:\/\/futbolhoy.co\/index.php\/wp-json\/wp\/v2\/users\/5"}],"replies":[{"embeddable":true,"href":"https:\/\/futbolhoy.co\/index.php\/wp-json\/wp\/v2\/comments?post=11433"}],"version-history":[{"count":1,"href":"https:\/\/futbolhoy.co\/index.php\/wp-json\/wp\/v2\/posts\/11433\/revisions"}],"predecessor-version":[{"id":11435,"href":"https:\/\/futbolhoy.co\/index.php\/wp-json\/wp\/v2\/posts\/11433\/revisions\/11435"}],"wp:featuredmedia":[{"embeddable":true,"href":"https:\/\/futbolhoy.co\/index.php\/wp-json\/wp\/v2\/media\/11434"}],"wp:attachment":[{"href":"https:\/\/futbolhoy.co\/index.php\/wp-json\/wp\/v2\/media?parent=11433"}],"wp:term":[{"taxonomy":"category","embeddable":true,"href":"https:\/\/futbolhoy.co\/index.php\/wp-json\/wp\/v2\/categories?post=11433"},{"taxonomy":"post_tag","embeddable":true,"href":"https:\/\/futbolhoy.co\/index.php\/wp-json\/wp\/v2\/tags?post=11433"}],"curies":[{"name":"wp","href":"https:\/\/api.w.org\/{rel}","templated":true}]}}