{"id":11460,"date":"2017-12-22T09:25:39","date_gmt":"2017-12-22T14:25:39","guid":{"rendered":"http:\/\/futbolhoy.co\/?p=11460"},"modified":"2017-12-22T09:25:39","modified_gmt":"2017-12-22T14:25:39","slug":"america-sera-el-primer-colombiano-en-debutar-en-copa-suramericana","status":"publish","type":"post","link":"https:\/\/futbolhoy.co\/index.php\/2017\/12\/22\/america-sera-el-primer-colombiano-en-debutar-en-copa-suramericana\/","title":{"rendered":"Am\u00e9rica ser\u00e1 el primer colombiano en debutar en Copa Suramericana"},"content":{"rendered":"<p style=\"font-weight: 400; text-align: justify;\"><strong>Am\u00e9rica de Cali<\/strong>, que complet\u00f3 9 a\u00f1os sin participar en un torneo internacional de Conembol, ser\u00e1 el primer equipo colombiano en debutar en la Copa Suramericana del 2018.<\/p>\n<p style=\"font-weight: 400; text-align: justify;\">El equipo escarlata visitar\u00e1 al argentino <strong>Defensa y Justicia<\/strong> el 15 de febrero, de acuerdo a la programaci\u00f3n que anunci\u00f3 la Confederaci\u00f3n Suramericana de F\u00fatbol.<\/p>\n<p style=\"font-weight: 400; text-align: justify;\">Programaci\u00f3n primera fase:<\/p>\n<p style=\"font-weight: 400; text-align: justify;\"><strong><em>Am\u00e9rica<\/em><\/strong><\/p>\n<p style=\"font-weight: 400; text-align: justify;\">Ida: jueves 15 de febrero 7:30pm: Defensa y Justicia &#8211; Am\u00e9rica<\/p>\n<p style=\"font-weight: 400; text-align: justify;\">Vuelta: jueves 8 de marzo 7:30pm: Am\u00e9rica &#8211; Defensa y Justicia<\/p>\n<p style=\"font-weight: 400; text-align: justify;\"><strong style=\"font-style: inherit;\"><em>Jaguares<\/em><\/strong><\/p>\n<p style=\"font-weight: 400; text-align: justify;\">Ida: martes 10 de abril 5:15pm: Jaguares &#8211; Boston River<\/p>\n<p style=\"font-weight: 400; text-align: justify;\">Vuelta: jueves 10 de mayo 5:15pm: Boston River &#8211; Jaguares<\/p>\n<p style=\"font-weight: 400; text-align: justify;\"><strong style=\"font-style: inherit;\"><em>Deportivo Cali<\/em><\/strong><\/p>\n<p style=\"font-weight: 400; text-align: justify;\">Ida: martes 10 de abril 7:30pm: Cali &#8211; Danubio<\/p>\n<p style=\"font-weight: 400; text-align: justify;\">Vuelta: martes 8 de mayo 7:30 pm: Danubio &#8211; Cali<\/p>\n<p style=\"font-weight: 400; text-align: justify;\"><strong style=\"font-style: inherit;\"><em>Medell\u00edn<\/em><\/strong><\/p>\n<p style=\"font-weight: 400; text-align: justify;\">Ida: jueves 12 de abril 7:30pm: Sol de Am\u00e9rica &#8211; Medell\u00edn<\/p>\n<p style=\"font-weight: 400; text-align: justify;\">Vuelta: jueves 10 de mayo 7:30pm: Medell\u00edn &#8211; Sol de Am\u00e9rica<\/p>\n","protected":false},"excerpt":{"rendered":"<p>Am\u00e9rica de Cali, que complet\u00f3 9 a\u00f1os sin participar en un torneo internacional de Conembol, ser\u00e1 el primer equipo colombiano en debutar en la Copa Suramericana del 2018. El equipo escarlata visitar\u00e1 al argentino Defensa y Justicia el 15 de febrero, de acuerdo a la programaci\u00f3n que anunci\u00f3 la Confederaci\u00f3n Suramericana de F\u00fatbol. Programaci\u00f3n primera [&hellip;]<\/p>\n","protected":false},"author":5,"featured_media":11461,"comment_status":"open","ping_status":"closed","sticky":false,"template":"","format":"standard","meta":{"_acf_changed":false,"footnotes":""},"categories":[5,152],"tags":[150,162,91],"class_list":{"0":"post-11460","1":"post","2":"type-post","3":"status-publish","4":"format-standard","5":"has-post-thumbnail","7":"category-destacados","8":"category-mundo-futbol","9":"tag-america","10":"tag-america-de-cali","11":"tag-copa-sudamericana"},"acf":[],"_links":{"self":[{"href":"https:\/\/futbolhoy.co\/index.php\/wp-json\/wp\/v2\/posts\/11460","targetHints":{"allow":["GET"]}}],"collection":[{"href":"https:\/\/futbolhoy.co\/index.php\/wp-json\/wp\/v2\/posts"}],"about":[{"href":"https:\/\/futbolhoy.co\/index.php\/wp-json\/wp\/v2\/types\/post"}],"author":[{"embeddable":true,"href":"https:\/\/futbolhoy.co\/index.php\/wp-json\/wp\/v2\/users\/5"}],"replies":[{"embeddable":true,"href":"https:\/\/futbolhoy.co\/index.php\/wp-json\/wp\/v2\/comments?post=11460"}],"version-history":[{"count":1,"href":"https:\/\/futbolhoy.co\/index.php\/wp-json\/wp\/v2\/posts\/11460\/revisions"}],"predecessor-version":[{"id":11462,"href":"https:\/\/futbolhoy.co\/index.php\/wp-json\/wp\/v2\/posts\/11460\/revisions\/11462"}],"wp:featuredmedia":[{"embeddable":true,"href":"https:\/\/futbolhoy.co\/index.php\/wp-json\/wp\/v2\/media\/11461"}],"wp:attachment":[{"href":"https:\/\/futbolhoy.co\/index.php\/wp-json\/wp\/v2\/media?parent=11460"}],"wp:term":[{"taxonomy":"category","embeddable":true,"href":"https:\/\/futbolhoy.co\/index.php\/wp-json\/wp\/v2\/categories?post=11460"},{"taxonomy":"post_tag","embeddable":true,"href":"https:\/\/futbolhoy.co\/index.php\/wp-json\/wp\/v2\/tags?post=11460"}],"curies":[{"name":"wp","href":"https:\/\/api.w.org\/{rel}","templated":true}]}}