{"id":11463,"date":"2017-12-22T09:28:49","date_gmt":"2017-12-22T14:28:49","guid":{"rendered":"http:\/\/futbolhoy.co\/?p=11463"},"modified":"2017-12-22T09:28:49","modified_gmt":"2017-12-22T14:28:49","slug":"santa-fe-y-junior-debutaran-en-febrero-en-copa-libertadores","status":"publish","type":"post","link":"https:\/\/futbolhoy.co\/index.php\/2017\/12\/22\/santa-fe-y-junior-debutaran-en-febrero-en-copa-libertadores\/","title":{"rendered":"Santa Fe y Junior debutaran en febrero en Copa Libertadores"},"content":{"rendered":"<p style=\"font-weight: 400; text-align: justify;\">Los primeros equipos colombianos en debutar en Copa Libertadores del 2018 ser\u00e1n Independiente Santa Fe y Atl\u00e9tico Junior, de acuerdo al calendario que anunci\u00f3 la Conmebol.<\/p>\n<p style=\"font-weight: 400; text-align: justify;\">El torneo iniciar\u00e1 el 22 de enero y su fase de grupos terminar\u00e1 el 24 de mayo.<\/p>\n<p style=\"font-weight: 400; text-align: justify;\">Santa Fe y Junior jugar\u00e1n desde la segunda fase, mientras que Nacional y Millonarios participaran desde la fase de grupos.<\/p>\n<p style=\"font-weight: 400; text-align: justify;\"><em><u>Programaci\u00f3n:<\/u><\/em><\/p>\n<p style=\"font-weight: 400; text-align: justify;\"><strong><em>Fase 2 \u2013 Ida<\/em><\/strong><\/p>\n<p style=\"font-weight: 400; text-align: justify;\"><strong style=\"font-style: inherit;\">Jueves, 1 de febrero<\/strong><\/p>\n<p style=\"font-weight: 400; text-align: justify;\">5:15pm: Macar\u00e1\/T\u00e1chira &#8211;\u00a0<strong>Santa Fe<\/strong><br \/>\n7:30pm: Montevideo Wanderers\/Olimpia &#8211;\u00a0<strong>Junior<\/strong><\/p>\n<p style=\"font-weight: 400; text-align: justify;\"><strong style=\"font-style: inherit;\">Fase 2 \u2013 Vuelta<\/strong><\/p>\n<p style=\"font-weight: 400; text-align: justify;\"><strong style=\"font-style: inherit;\">Jueves, 8 de febrero<\/strong><\/p>\n<p style=\"font-weight: 400; text-align: justify;\">5:15pm:\u00a0<strong style=\"font-style: inherit;\">Junior<\/strong>\u00a0&#8211; Montevideo Wanderers\/Olimpia<br \/>\n7:30 pm:\u00a0<strong style=\"font-style: inherit;\">Santa Fe &#8211;\u00a0<\/strong>Macar\u00e1\/T\u00e1chira<\/p>\n<p style=\"font-weight: 400; text-align: justify;\"><strong>.<\/strong><\/p>\n<p style=\"font-weight: 400; text-align: justify;\"><strong><em>Fase de grupos<\/em><\/strong><\/p>\n<p style=\"font-weight: 400; text-align: justify;\"><strong style=\"font-style: inherit;\">Grupo 2<\/strong><\/p>\n<p style=\"font-weight: 400; text-align: justify;\"><strong style=\"font-style: inherit;\">Fecha 1<\/strong><br \/>\n<strong style=\"font-style: inherit;\">Martes, 27 de febrero<\/strong><br \/>\n7:30pm: Colo Colo &#8211;\u00a0<strong style=\"font-style: inherit;\">Nacional<\/strong><\/p>\n<p style=\"font-weight: 400; text-align: justify;\"><strong style=\"font-style: inherit;\">Fecha 2<\/strong><br \/>\n<strong style=\"font-style: inherit;\">Mi\u00e9rcoles, 14 de marzo<\/strong><br \/>\n7:45 pm:\u00a0<strong style=\"font-style: inherit;\">Nacional<\/strong>\u00a0&#8211; Delf\u00edn<\/p>\n<p style=\"font-weight: 400; text-align: justify;\"><strong style=\"font-style: inherit;\">Fecha 3<\/strong><br \/>\n<strong style=\"font-style: inherit;\">Jueves, 5 de abril<\/strong><br \/>\n7:30 pm: Bol\u00edvar &#8211;<strong>Nacional<\/strong><\/p>\n<p style=\"font-weight: 400; text-align: justify;\"><strong style=\"font-style: inherit;\">Fecha 4<\/strong><br \/>\n<strong style=\"font-style: inherit;\">Martes, 24 de abril<\/strong><br \/>\n7:30 pm:\u00a0<strong style=\"font-style: inherit;\">Nacional &#8211;<\/strong>Bol\u00edvar<\/p>\n<p style=\"font-weight: 400; text-align: justify;\"><strong style=\"font-style: inherit;\">Fecha 5<\/strong><br \/>\n<strong style=\"font-style: inherit;\">Martes, 15 de mayo<\/strong><br \/>\n5:15 pm: Delf\u00edn &#8211;\u00a0<strong style=\"font-style: inherit;\">Nacional<\/strong><\/p>\n<p style=\"font-weight: 400; text-align: justify;\"><strong style=\"font-style: inherit;\">Fecha 6<\/strong><br \/>\n<strong style=\"font-style: inherit;\">Jueves, 24 de mayo<\/strong><br \/>\n7:30 pm:\u00a0<strong style=\"font-style: inherit;\">Nacional<\/strong>\u00a0&#8211; Colo Colo<\/p>\n<p style=\"font-weight: 400; text-align: justify;\"><strong style=\"font-style: inherit;\">Grupo 7<\/strong><\/p>\n<p style=\"font-weight: 400; text-align: justify;\"><strong style=\"font-style: inherit;\">Fecha 1<\/strong><br \/>\n<strong style=\"font-style: inherit;\">Mi\u00e9rcoles, 28 de febrero<\/strong><br \/>\n7:45 pm:\u00a0<strong style=\"font-style: inherit;\">Millonarios<\/strong>\u00a0&#8211; Corinthians<\/p>\n<p style=\"font-weight: 400; text-align: justify;\"><strong style=\"font-style: inherit;\">Fecha 2<\/strong><br \/>\n<strong style=\"font-style: inherit;\">Jueves, 15 de marzo<\/strong><br \/>\n7:30 pm: Independiente &#8211;\u00a0<strong>Millonarios<\/strong><\/p>\n<p style=\"font-weight: 400; text-align: justify;\"><strong style=\"font-style: inherit;\">Fecha 3<\/strong><br \/>\n<strong style=\"font-style: inherit;\">Martes, 17 de abril<\/strong><br \/>\n7:30 pm:\u00a0<strong style=\"font-style: inherit;\">Millonarios<\/strong>\u00a0&#8211; Deportivo Lara<\/p>\n<p style=\"font-weight: 400; text-align: justify;\"><strong style=\"font-style: inherit;\">Fecha 4<\/strong><br \/>\n<strong style=\"font-style: inherit;\">Martes, 24 de abril<\/strong><br \/>\n5:15 pm: Deportivo Lara &#8211;\u00a0<strong>Millonarios<\/strong><\/p>\n<p style=\"font-weight: 400; text-align: justify;\">Fecha 5<br \/>\nJueves, 17 de mayo<br \/>\n7:30 pm:\u00a0<strong style=\"font-style: inherit;\">Millonarios<\/strong>\u00a0&#8211; Independiente<\/p>\n<p style=\"font-weight: 400; text-align: justify;\"><strong style=\"font-style: inherit;\">Fecha 6<\/strong><br \/>\n<strong style=\"font-style: inherit;\">Jueves, 24 de mayo<\/strong><br \/>\n7:30 pm: Corinthians &#8211;\u00a0<strong style=\"font-style: inherit;\">Millonarios<\/strong><\/p>\n","protected":false},"excerpt":{"rendered":"<p>Los primeros equipos colombianos en debutar en Copa Libertadores del 2018 ser\u00e1n Independiente Santa Fe y Atl\u00e9tico Junior, de acuerdo al calendario que anunci\u00f3 la Conmebol. El torneo iniciar\u00e1 el 22 de enero y su fase de grupos terminar\u00e1 el 24 de mayo. Santa Fe y Junior jugar\u00e1n desde la segunda fase, mientras que Nacional [&hellip;]<\/p>\n","protected":false},"author":5,"featured_media":11464,"comment_status":"open","ping_status":"closed","sticky":false,"template":"","format":"standard","meta":{"_acf_changed":false,"footnotes":""},"categories":[5,7],"tags":[115,148],"class_list":{"0":"post-11463","1":"post","2":"type-post","3":"status-publish","4":"format-standard","5":"has-post-thumbnail","7":"category-destacados","8":"category-liga-betplay","9":"tag-copa-libertadores","10":"tag-millonarios"},"acf":[],"_links":{"self":[{"href":"https:\/\/futbolhoy.co\/index.php\/wp-json\/wp\/v2\/posts\/11463","targetHints":{"allow":["GET"]}}],"collection":[{"href":"https:\/\/futbolhoy.co\/index.php\/wp-json\/wp\/v2\/posts"}],"about":[{"href":"https:\/\/futbolhoy.co\/index.php\/wp-json\/wp\/v2\/types\/post"}],"author":[{"embeddable":true,"href":"https:\/\/futbolhoy.co\/index.php\/wp-json\/wp\/v2\/users\/5"}],"replies":[{"embeddable":true,"href":"https:\/\/futbolhoy.co\/index.php\/wp-json\/wp\/v2\/comments?post=11463"}],"version-history":[{"count":1,"href":"https:\/\/futbolhoy.co\/index.php\/wp-json\/wp\/v2\/posts\/11463\/revisions"}],"predecessor-version":[{"id":11465,"href":"https:\/\/futbolhoy.co\/index.php\/wp-json\/wp\/v2\/posts\/11463\/revisions\/11465"}],"wp:featuredmedia":[{"embeddable":true,"href":"https:\/\/futbolhoy.co\/index.php\/wp-json\/wp\/v2\/media\/11464"}],"wp:attachment":[{"href":"https:\/\/futbolhoy.co\/index.php\/wp-json\/wp\/v2\/media?parent=11463"}],"wp:term":[{"taxonomy":"category","embeddable":true,"href":"https:\/\/futbolhoy.co\/index.php\/wp-json\/wp\/v2\/categories?post=11463"},{"taxonomy":"post_tag","embeddable":true,"href":"https:\/\/futbolhoy.co\/index.php\/wp-json\/wp\/v2\/tags?post=11463"}],"curies":[{"name":"wp","href":"https:\/\/api.w.org\/{rel}","templated":true}]}}