{"id":114644,"date":"2024-12-12T16:19:01","date_gmt":"2024-12-12T21:19:01","guid":{"rendered":"https:\/\/futbolhoy.co\/?p=114644"},"modified":"2024-12-13T09:42:55","modified_gmt":"2024-12-13T14:42:55","slug":"el-equipo-ideal-de-sudamericanos-en-la-champions-league","status":"publish","type":"post","link":"https:\/\/futbolhoy.co\/index.php\/2024\/12\/12\/el-equipo-ideal-de-sudamericanos-en-la-champions-league\/","title":{"rendered":"El equipo ideal de sudamericanos en la Champions League"},"content":{"rendered":"<p style=\"text-align: justify;\"><span style=\"font-family: helvetica, arial, sans-serif;\"><strong>Colombia<\/strong> dijo presente en el equipo ideal de sudamericanos de la semana en la <strong>Champions League,<\/strong> luego que en los \u00faltimos d\u00edas se disputara la jornada 6 del torneo m\u00e1s importante europeo.<\/span><\/p>\n<p style=\"text-align: justify;\"><span style=\"font-family: helvetica, arial, sans-serif;\"><strong>Jhon Jader Dur\u00e1n<\/strong>, con su gol en el triunfo 2-3 del <strong>Aston Villa<\/strong> frente al <strong>Leipzig,<\/strong> se gan\u00f3 un lugar en el once ideal sudamericano de la semana, as\u00ed como varios brasile\u00f1os y argentinos tambi\u00e9n dijeron presente.<\/span><\/p>\n<p style=\"text-align: justify;\"><span style=\"font-family: helvetica, arial, sans-serif;\">Conozca el once ideal sudamericano de la jornada en la <strong>Champions League:<\/strong><\/span><\/p>\n<p style=\"text-align: justify;\"><span style=\"font-family: helvetica, arial, sans-serif;\"><strong>Arquero:<\/strong> Alisson Becker (Liverpool\/BRA); <\/span><\/p>\n<p style=\"text-align: justify;\"><span style=\"font-family: helvetica, arial, sans-serif;\"><strong>Defensas:<\/strong> Nicol\u00e1s Otamendi (Benfica\/ARG), Alexsandro (Lille\/BRA), Marquinhos (PSG\/BRA)<\/span><\/p>\n<p style=\"text-align: justify;\"><span style=\"font-family: helvetica, arial, sans-serif;\"><strong>Volantes:<\/strong> Raphinha (Barcelona\/BRA), Samuel Lino (Atl\u00e9tico de Madrid\/BRA), Kevin (Shakhtar\/BRA), Igor Paixao (Feyenoord\/BRA)<\/span><\/p>\n<p style=\"text-align: justify;\"><span style=\"font-family: helvetica, arial, sans-serif;\"><strong>Delanteros:<\/strong> Juli\u00e1n \u00c1lvarez (Atl\u00e9tico de Madrid\/ARG), Jhon Jader Dur\u00e1n (Aston Villa\/COL) y Vinicius Jr (Real Madrid\/BRA).<\/span><\/p>\n","protected":false},"excerpt":{"rendered":"<p>Colombia dijo presente en el equipo ideal de sudamericanos de la semana en la Champions League, luego que en los \u00faltimos d\u00edas se disputara la jornada 6 del torneo m\u00e1s importante europeo. Jhon Jader Dur\u00e1n, con su gol en el triunfo 2-3 del Aston Villa frente al Leipzig, se gan\u00f3 un lugar en el once [&hellip;]<\/p>\n","protected":false},"author":4,"featured_media":114491,"comment_status":"open","ping_status":"closed","sticky":false,"template":"","format":"standard","meta":{"_acf_changed":false,"footnotes":""},"categories":[4],"tags":[],"class_list":{"0":"post-114644","1":"post","2":"type-post","3":"status-publish","4":"format-standard","5":"has-post-thumbnail","7":"category-champions-league"},"acf":[],"_links":{"self":[{"href":"https:\/\/futbolhoy.co\/index.php\/wp-json\/wp\/v2\/posts\/114644","targetHints":{"allow":["GET"]}}],"collection":[{"href":"https:\/\/futbolhoy.co\/index.php\/wp-json\/wp\/v2\/posts"}],"about":[{"href":"https:\/\/futbolhoy.co\/index.php\/wp-json\/wp\/v2\/types\/post"}],"author":[{"embeddable":true,"href":"https:\/\/futbolhoy.co\/index.php\/wp-json\/wp\/v2\/users\/4"}],"replies":[{"embeddable":true,"href":"https:\/\/futbolhoy.co\/index.php\/wp-json\/wp\/v2\/comments?post=114644"}],"version-history":[{"count":1,"href":"https:\/\/futbolhoy.co\/index.php\/wp-json\/wp\/v2\/posts\/114644\/revisions"}],"predecessor-version":[{"id":114645,"href":"https:\/\/futbolhoy.co\/index.php\/wp-json\/wp\/v2\/posts\/114644\/revisions\/114645"}],"wp:featuredmedia":[{"embeddable":true,"href":"https:\/\/futbolhoy.co\/index.php\/wp-json\/wp\/v2\/media\/114491"}],"wp:attachment":[{"href":"https:\/\/futbolhoy.co\/index.php\/wp-json\/wp\/v2\/media?parent=114644"}],"wp:term":[{"taxonomy":"category","embeddable":true,"href":"https:\/\/futbolhoy.co\/index.php\/wp-json\/wp\/v2\/categories?post=114644"},{"taxonomy":"post_tag","embeddable":true,"href":"https:\/\/futbolhoy.co\/index.php\/wp-json\/wp\/v2\/tags?post=114644"}],"curies":[{"name":"wp","href":"https:\/\/api.w.org\/{rel}","templated":true}]}}