{"id":114885,"date":"2024-12-23T19:51:37","date_gmt":"2024-12-24T00:51:37","guid":{"rendered":"https:\/\/futbolhoy.co\/?p=114885"},"modified":"2024-12-27T13:15:48","modified_gmt":"2024-12-27T18:15:48","slug":"yaser-asprilla-en-la-mira-de-grandes-clubes-de-europa","status":"publish","type":"post","link":"https:\/\/futbolhoy.co\/index.php\/2024\/12\/23\/yaser-asprilla-en-la-mira-de-grandes-clubes-de-europa\/","title":{"rendered":"Yaser Asprilla, en la mira de grandes clubes de Europa"},"content":{"rendered":"<p style=\"text-align: justify;\"><span style=\"font-family: helvetica, arial, sans-serif;\"><strong>Yaser Asprilla<\/strong> ha podido brindar su buen f\u00fatbol en las \u00faltimas presentaciones con el <strong>Girona<\/strong> de <strong>Espa\u00f1a<\/strong>. El joven volante colombiano ha sido de gran inter\u00e9s de varios equipos en los \u00faltimos meses, el cual parece ser que no ha cambiado.<\/span><\/p>\n<p style=\"text-align: justify;\"><span style=\"font-family: helvetica, arial, sans-serif;\">Seg\u00fan la m\u00e1s reciente informaci\u00f3n de <strong>Ekrem<\/strong> <strong>Konur<\/strong>, periodista que cubre el periodo de fichajes, Asprilla est\u00e1 en el radar de uno de los grandes de <strong>Atl\u00e9tico de Madrid, Porto<\/strong> y lo siguen en el f\u00fatbol de <strong>Italia<\/strong>.<\/span><\/p>\n<p style=\"text-align: justify;\"><span style=\"font-family: helvetica, arial, sans-serif;\">En lo que va de la temporada, Yaser ha disputado 14 partidos entre <strong>Liga y Champions League.<\/strong> Luego de superar una lesi\u00f3n de tobillo, que sufri\u00f3 con la <strong>Selecci\u00f3n Colombia<\/strong>, se volvi\u00f3 a ganar el puesto de titular y ahora brilla bajo la direcci\u00f3n del t\u00e9cnico <strong>M\u00edchel<\/strong>.<\/span><\/p>\n","protected":false},"excerpt":{"rendered":"<p>Yaser Asprilla ha podido brindar su buen f\u00fatbol en las \u00faltimas presentaciones con el Girona de Espa\u00f1a. El joven volante colombiano ha sido de gran inter\u00e9s de varios equipos en los \u00faltimos meses, el cual parece ser que no ha cambiado. Seg\u00fan la m\u00e1s reciente informaci\u00f3n de Ekrem Konur, periodista que cubre el periodo de [&hellip;]<\/p>\n","protected":false},"author":4,"featured_media":114886,"comment_status":"open","ping_status":"closed","sticky":false,"template":"","format":"standard","meta":{"_acf_changed":false,"footnotes":""},"categories":[418],"tags":[],"class_list":{"0":"post-114885","1":"post","2":"type-post","3":"status-publish","4":"format-standard","5":"has-post-thumbnail","7":"category-colombia"},"acf":[],"_links":{"self":[{"href":"https:\/\/futbolhoy.co\/index.php\/wp-json\/wp\/v2\/posts\/114885","targetHints":{"allow":["GET"]}}],"collection":[{"href":"https:\/\/futbolhoy.co\/index.php\/wp-json\/wp\/v2\/posts"}],"about":[{"href":"https:\/\/futbolhoy.co\/index.php\/wp-json\/wp\/v2\/types\/post"}],"author":[{"embeddable":true,"href":"https:\/\/futbolhoy.co\/index.php\/wp-json\/wp\/v2\/users\/4"}],"replies":[{"embeddable":true,"href":"https:\/\/futbolhoy.co\/index.php\/wp-json\/wp\/v2\/comments?post=114885"}],"version-history":[{"count":1,"href":"https:\/\/futbolhoy.co\/index.php\/wp-json\/wp\/v2\/posts\/114885\/revisions"}],"predecessor-version":[{"id":114887,"href":"https:\/\/futbolhoy.co\/index.php\/wp-json\/wp\/v2\/posts\/114885\/revisions\/114887"}],"wp:featuredmedia":[{"embeddable":true,"href":"https:\/\/futbolhoy.co\/index.php\/wp-json\/wp\/v2\/media\/114886"}],"wp:attachment":[{"href":"https:\/\/futbolhoy.co\/index.php\/wp-json\/wp\/v2\/media?parent=114885"}],"wp:term":[{"taxonomy":"category","embeddable":true,"href":"https:\/\/futbolhoy.co\/index.php\/wp-json\/wp\/v2\/categories?post=114885"},{"taxonomy":"post_tag","embeddable":true,"href":"https:\/\/futbolhoy.co\/index.php\/wp-json\/wp\/v2\/tags?post=114885"}],"curies":[{"name":"wp","href":"https:\/\/api.w.org\/{rel}","templated":true}]}}