{"id":114909,"date":"2024-12-26T14:05:40","date_gmt":"2024-12-26T19:05:40","guid":{"rendered":"https:\/\/futbolhoy.co\/?p=114909"},"modified":"2024-12-29T11:19:27","modified_gmt":"2024-12-29T16:19:27","slug":"jhon-jader-duran-expulsado-y-en-polemica-en-la-premier-league","status":"publish","type":"post","link":"https:\/\/futbolhoy.co\/index.php\/2024\/12\/26\/jhon-jader-duran-expulsado-y-en-polemica-en-la-premier-league\/","title":{"rendered":"Jhon Jader Dur\u00e1n, expulsado y en pol\u00e9mica en la Premier League"},"content":{"rendered":"<p style=\"text-align: justify;\"><span style=\"font-family: helvetica, arial, sans-serif;\"><span style=\"font-weight: 400;\">El colombiano Jhon Jader Dur\u00e1n volvi\u00f3 a ser noticia este jueves en la <\/span><b>Premier League, pero esta vez no por sus goles<\/b><span style=\"font-weight: 400;\">. El jugador del Aston Villa sali\u00f3 expulsado en medio de pol\u00e9mica en el duelo frente al Newcastle.<\/span><\/span><\/p>\n<p style=\"text-align: justify;\"><span style=\"font-family: helvetica, arial, sans-serif;\"><span style=\"font-weight: 400;\">Dur\u00e1n vio la roja en medio del Boxing Day de la Premier League, en un partido donde los suyos perdieron 3-0 en su visita al Newcastle y cuando el colombiano ya <\/span><b>se estaba ganando la titularidad.\u00a0<\/b><\/span><\/p>\n<p style=\"text-align: justify;\"><span style=\"font-family: helvetica, arial, sans-serif;\"><span style=\"font-weight: 400;\">Al minuto 32, Dur\u00e1n vio la tarjeta roja en una jugada con Fabian Schar, cuando el colombiano le peg\u00f3 con los taches a su rival; la jugada, para muchos, no fue a <\/span><b>prop\u00f3sito, pero la respuesta de Jhon Jader no ayud\u00f3<\/b><span style=\"font-weight: 400;\">, pues termin\u00f3 reaccionando agresivo y termin\u00f3 tocando m\u00e1s veces a Schar.\u00a0<\/span><\/span><\/p>\n<p style=\"text-align: justify;\"><span style=\"font-family: helvetica, arial, sans-serif;\"><span style=\"font-weight: 400;\">En esta temporada, Jhon Jader Dur\u00e1n ha visto cuatro veces la tarjeta amarilla y esta es la primera roja directa en Premier League, pero las cr\u00edticas van m\u00e1s all\u00e1, por la actitud para muchos agrandada y agresiva que ha mostrado el futbolista tanto en <\/span><b>Aston Villa como en la Selecci\u00f3n Colombia.<\/b><\/span><\/p>\n<blockquote class=\"twitter-tweet\" data-media-max-width=\"560\">\n<p dir=\"ltr\" lang=\"es\">\u00a1EXPULSADO DUR\u00c1N EN ASTON VILLA POR ESTA ACCI\u00d3N!<\/p>\n<p>\ud83d\udcfa Mir\u00e1 el <a href=\"https:\/\/twitter.com\/hashtag\/BoxingDay?src=hash&amp;ref_src=twsrc%5Etfw\">#BoxingDay<\/a> de la <a href=\"https:\/\/twitter.com\/hashtag\/Premier?src=hash&amp;ref_src=twsrc%5Etfw\">#Premier<\/a> por <a href=\"https:\/\/twitter.com\/hashtag\/DisneyPlus?src=hash&amp;ref_src=twsrc%5Etfw\">#DisneyPlus<\/a> <a href=\"https:\/\/t.co\/3yEuhcQGiB\">pic.twitter.com\/3yEuhcQGiB<\/a><\/p>\n<p>\u2014 SportsCenter (@SC_ESPN) <a href=\"https:\/\/twitter.com\/SC_ESPN\/status\/1872305012346405196?ref_src=twsrc%5Etfw\">December 26, 2024<\/a><\/p><\/blockquote>\n<p><script async src=\"https:\/\/platform.twitter.com\/widgets.js\" charset=\"utf-8\"><\/script><\/p>\n","protected":false},"excerpt":{"rendered":"<p>El colombiano Jhon Jader Dur\u00e1n volvi\u00f3 a ser noticia este jueves en la Premier League, pero esta vez no por sus goles. El jugador del Aston Villa sali\u00f3 expulsado en medio de pol\u00e9mica en el duelo frente al Newcastle. Dur\u00e1n vio la roja en medio del Boxing Day de la Premier League, en un partido [&hellip;]<\/p>\n","protected":false},"author":4,"featured_media":114910,"comment_status":"open","ping_status":"closed","sticky":false,"template":"","format":"standard","meta":{"_acf_changed":false,"footnotes":""},"categories":[418],"tags":[],"class_list":{"0":"post-114909","1":"post","2":"type-post","3":"status-publish","4":"format-standard","5":"has-post-thumbnail","7":"category-colombia"},"acf":[],"_links":{"self":[{"href":"https:\/\/futbolhoy.co\/index.php\/wp-json\/wp\/v2\/posts\/114909","targetHints":{"allow":["GET"]}}],"collection":[{"href":"https:\/\/futbolhoy.co\/index.php\/wp-json\/wp\/v2\/posts"}],"about":[{"href":"https:\/\/futbolhoy.co\/index.php\/wp-json\/wp\/v2\/types\/post"}],"author":[{"embeddable":true,"href":"https:\/\/futbolhoy.co\/index.php\/wp-json\/wp\/v2\/users\/4"}],"replies":[{"embeddable":true,"href":"https:\/\/futbolhoy.co\/index.php\/wp-json\/wp\/v2\/comments?post=114909"}],"version-history":[{"count":2,"href":"https:\/\/futbolhoy.co\/index.php\/wp-json\/wp\/v2\/posts\/114909\/revisions"}],"predecessor-version":[{"id":114945,"href":"https:\/\/futbolhoy.co\/index.php\/wp-json\/wp\/v2\/posts\/114909\/revisions\/114945"}],"wp:featuredmedia":[{"embeddable":true,"href":"https:\/\/futbolhoy.co\/index.php\/wp-json\/wp\/v2\/media\/114910"}],"wp:attachment":[{"href":"https:\/\/futbolhoy.co\/index.php\/wp-json\/wp\/v2\/media?parent=114909"}],"wp:term":[{"taxonomy":"category","embeddable":true,"href":"https:\/\/futbolhoy.co\/index.php\/wp-json\/wp\/v2\/categories?post=114909"},{"taxonomy":"post_tag","embeddable":true,"href":"https:\/\/futbolhoy.co\/index.php\/wp-json\/wp\/v2\/tags?post=114909"}],"curies":[{"name":"wp","href":"https:\/\/api.w.org\/{rel}","templated":true}]}}