{"id":114955,"date":"2024-12-29T19:32:23","date_gmt":"2024-12-30T00:32:23","guid":{"rendered":"https:\/\/futbolhoy.co\/?p=114955"},"modified":"2024-12-31T04:12:44","modified_gmt":"2024-12-31T09:12:44","slug":"richard-rios-opcion-de-un-historico-de-italia","status":"publish","type":"post","link":"https:\/\/futbolhoy.co\/index.php\/2024\/12\/29\/richard-rios-opcion-de-un-historico-de-italia\/","title":{"rendered":"Richard R\u00edos, opci\u00f3n de un hist\u00f3rico de Italia"},"content":{"rendered":"<p style=\"text-align: justify;\"><span style=\"font-family: helvetica, arial, sans-serif;\"><strong>Richard R\u00edos cumpli\u00f3 una temporada m\u00e1s en Palmeiras de Brasil.<\/strong> El volante colombiano estuvo cerca de salir en verano, pero la escuadra brasile\u00f1a no se lo permiti\u00f3 ante la necesidad de contar con el jugador para afrontar lo que restaba de a\u00f1o.<\/span><\/p>\n<p style=\"text-align: justify;\"><span style=\"font-family: helvetica, arial, sans-serif;\">Ahora ha surgido informaci\u00f3n que lo relaciona con el Napoli. Seg\u00fan informa \u2018Area Napoli\u2019, el equipo <strong>italiano buscar\u00eda al colombiano para reforzar su mediocampo<\/strong>, aunque no ser\u00eda un fichaje para el mercado de invierno, sino para mitad de a\u00f1o de 2025.<\/span><\/p>\n<p style=\"text-align: justify;\"><span style=\"font-family: helvetica, arial, sans-serif;\"><strong>\u201cRichard R\u00edos del Pameiras sigui\u00f3 durante el verano.<\/strong> Valorado ahora en 25 millones, el precio podr\u00eda subir si se queda en <strong>Brasil y juega el Mundial de Clubes en junio<\/strong>. Amigo de Ospina y Natan, sue\u00f1a con Europa. Centrocampista fuerte y completo, puede desempe\u00f1ar varios roles en el centro del campo\u201d, se lee en el medio.<\/span><\/p>\n<p style=\"text-align: justify;\"><span style=\"font-family: helvetica, arial, sans-serif;\">R\u00edos de momento permanecer\u00e1 en Palmeiras. En la \u00faltima temporada, disput\u00f3 49 partidos, 37 de ellos <strong>en condici\u00f3n de titular, y anot\u00f3 cuatro goles.<\/strong><\/span><\/p>\n","protected":false},"excerpt":{"rendered":"<p>Richard R\u00edos cumpli\u00f3 una temporada m\u00e1s en Palmeiras de Brasil. El volante colombiano estuvo cerca de salir en verano, pero la escuadra brasile\u00f1a no se lo permiti\u00f3 ante la necesidad de contar con el jugador para afrontar lo que restaba de a\u00f1o. Ahora ha surgido informaci\u00f3n que lo relaciona con el Napoli. Seg\u00fan informa \u2018Area [&hellip;]<\/p>\n","protected":false},"author":4,"featured_media":114956,"comment_status":"open","ping_status":"closed","sticky":false,"template":"","format":"standard","meta":{"_acf_changed":false,"footnotes":""},"categories":[152],"tags":[],"class_list":{"0":"post-114955","1":"post","2":"type-post","3":"status-publish","4":"format-standard","5":"has-post-thumbnail","7":"category-mundo-futbol"},"acf":[],"_links":{"self":[{"href":"https:\/\/futbolhoy.co\/index.php\/wp-json\/wp\/v2\/posts\/114955","targetHints":{"allow":["GET"]}}],"collection":[{"href":"https:\/\/futbolhoy.co\/index.php\/wp-json\/wp\/v2\/posts"}],"about":[{"href":"https:\/\/futbolhoy.co\/index.php\/wp-json\/wp\/v2\/types\/post"}],"author":[{"embeddable":true,"href":"https:\/\/futbolhoy.co\/index.php\/wp-json\/wp\/v2\/users\/4"}],"replies":[{"embeddable":true,"href":"https:\/\/futbolhoy.co\/index.php\/wp-json\/wp\/v2\/comments?post=114955"}],"version-history":[{"count":2,"href":"https:\/\/futbolhoy.co\/index.php\/wp-json\/wp\/v2\/posts\/114955\/revisions"}],"predecessor-version":[{"id":114973,"href":"https:\/\/futbolhoy.co\/index.php\/wp-json\/wp\/v2\/posts\/114955\/revisions\/114973"}],"wp:featuredmedia":[{"embeddable":true,"href":"https:\/\/futbolhoy.co\/index.php\/wp-json\/wp\/v2\/media\/114956"}],"wp:attachment":[{"href":"https:\/\/futbolhoy.co\/index.php\/wp-json\/wp\/v2\/media?parent=114955"}],"wp:term":[{"taxonomy":"category","embeddable":true,"href":"https:\/\/futbolhoy.co\/index.php\/wp-json\/wp\/v2\/categories?post=114955"},{"taxonomy":"post_tag","embeddable":true,"href":"https:\/\/futbolhoy.co\/index.php\/wp-json\/wp\/v2\/tags?post=114955"}],"curies":[{"name":"wp","href":"https:\/\/api.w.org\/{rel}","templated":true}]}}