{"id":114958,"date":"2024-12-30T10:20:40","date_gmt":"2024-12-30T15:20:40","guid":{"rendered":"https:\/\/futbolhoy.co\/?p=114958"},"modified":"2024-12-31T09:30:34","modified_gmt":"2024-12-31T14:30:34","slug":"milan-anuncia-a-su-nuevo-entrenador","status":"publish","type":"post","link":"https:\/\/futbolhoy.co\/index.php\/2024\/12\/30\/milan-anuncia-a-su-nuevo-entrenador\/","title":{"rendered":"Milan anuncia a su nuevo entrenador"},"content":{"rendered":"<p style=\"text-align: justify;\"><span style=\"font-family: helvetica, arial, sans-serif;\">Cambio en el banquillo del <strong>Milan<\/strong> de <strong>Italia<\/strong>. <strong>Paulo Fonseca<\/strong> fue destituido luego del empate 1-1 en el m\u00e1s reciente compromiso de la <strong>Serie A<\/strong> frente a la <strong>Roma.<\/strong><\/span><\/p>\n<p style=\"text-align: justify;\"><span style=\"font-family: helvetica, arial, sans-serif;\">Ante un acumulado de malos resultados, con un equipo que se encuentra en la s\u00e9ptima posici\u00f3n, la decisi\u00f3n fue nombrar al portugu\u00e9s <strong>Sergio Conceicao<\/strong>.<\/span><\/p>\n<p style=\"text-align: justify;\"><span style=\"font-family: helvetica, arial, sans-serif;\">\u201cEl <strong>AC Milan<\/strong> anuncia que <strong>S\u00e9rgio Paulo Marceneiro da Concei\u00e7\u00e3o<\/strong> ha sido nombrado entrenador del primer equipo masculino hasta el 30 de junio de 2026\u201d, se lee en la publicaci\u00f3n.<\/span><\/p>\n<p style=\"text-align: justify;\"><span style=\"font-family: helvetica, arial, sans-serif;\">El entrenador de 50 a\u00f1os se encontraba sin equipo desde junio, cuando sali\u00f3 del <strong>Porto<\/strong>. En este club elabor\u00f3 gran parte de su carrera como t\u00e9cnico, dirigiendo 368 partidos y consiguiendo 11 t\u00edtulos, en los que destacan 3 ligas de <strong>Portugal<\/strong>.<\/span><\/p>\n","protected":false},"excerpt":{"rendered":"<p>Cambio en el banquillo del Milan de Italia. Paulo Fonseca fue destituido luego del empate 1-1 en el m\u00e1s reciente compromiso de la Serie A frente a la Roma. Ante un acumulado de malos resultados, con un equipo que se encuentra en la s\u00e9ptima posici\u00f3n, la decisi\u00f3n fue nombrar al portugu\u00e9s Sergio Conceicao. \u201cEl AC [&hellip;]<\/p>\n","protected":false},"author":4,"featured_media":114959,"comment_status":"open","ping_status":"closed","sticky":false,"template":"","format":"standard","meta":{"_acf_changed":false,"footnotes":""},"categories":[152],"tags":[],"class_list":{"0":"post-114958","1":"post","2":"type-post","3":"status-publish","4":"format-standard","5":"has-post-thumbnail","7":"category-mundo-futbol"},"acf":[],"_links":{"self":[{"href":"https:\/\/futbolhoy.co\/index.php\/wp-json\/wp\/v2\/posts\/114958","targetHints":{"allow":["GET"]}}],"collection":[{"href":"https:\/\/futbolhoy.co\/index.php\/wp-json\/wp\/v2\/posts"}],"about":[{"href":"https:\/\/futbolhoy.co\/index.php\/wp-json\/wp\/v2\/types\/post"}],"author":[{"embeddable":true,"href":"https:\/\/futbolhoy.co\/index.php\/wp-json\/wp\/v2\/users\/4"}],"replies":[{"embeddable":true,"href":"https:\/\/futbolhoy.co\/index.php\/wp-json\/wp\/v2\/comments?post=114958"}],"version-history":[{"count":2,"href":"https:\/\/futbolhoy.co\/index.php\/wp-json\/wp\/v2\/posts\/114958\/revisions"}],"predecessor-version":[{"id":114981,"href":"https:\/\/futbolhoy.co\/index.php\/wp-json\/wp\/v2\/posts\/114958\/revisions\/114981"}],"wp:featuredmedia":[{"embeddable":true,"href":"https:\/\/futbolhoy.co\/index.php\/wp-json\/wp\/v2\/media\/114959"}],"wp:attachment":[{"href":"https:\/\/futbolhoy.co\/index.php\/wp-json\/wp\/v2\/media?parent=114958"}],"wp:term":[{"taxonomy":"category","embeddable":true,"href":"https:\/\/futbolhoy.co\/index.php\/wp-json\/wp\/v2\/categories?post=114958"},{"taxonomy":"post_tag","embeddable":true,"href":"https:\/\/futbolhoy.co\/index.php\/wp-json\/wp\/v2\/tags?post=114958"}],"curies":[{"name":"wp","href":"https:\/\/api.w.org\/{rel}","templated":true}]}}