{"id":114968,"date":"2024-12-30T17:02:41","date_gmt":"2024-12-30T22:02:41","guid":{"rendered":"https:\/\/futbolhoy.co\/?p=114968"},"modified":"2024-12-31T10:39:03","modified_gmt":"2024-12-31T15:39:03","slug":"murio-cholo-sotil-el-peruano-que-le-arrebato-una-copa-america-a-colombia","status":"publish","type":"post","link":"https:\/\/futbolhoy.co\/index.php\/2024\/12\/30\/murio-cholo-sotil-el-peruano-que-le-arrebato-una-copa-america-a-colombia\/","title":{"rendered":"Muri\u00f3 Cholo Sotil, el peruano que le arrebat\u00f3 una Copa Am\u00e9rica a Colombia"},"content":{"rendered":"<p style=\"text-align: justify;\"><span style=\"font-family: helvetica, arial, sans-serif;\">El hist\u00f3rico exjugador peruano Hugo \u2018Cholo\u2019 Sotil muri\u00f3 este lunes 30 de diciembre, seg\u00fan confirm\u00f3 el FC Barcelona a trav\u00e9s de un sentido comunicado. <b>El ex futbolista estaba luchando contra una enfermedad <\/b>que lo mantuvo hospitalizado los \u00faltimos d\u00edas.\u00a0<\/span><\/p>\n<p style=\"text-align: justify;\"><span style=\"font-family: helvetica, arial, sans-serif;\">\u201cEste lunes 30 de diciembre falleci\u00f3 Hugo Sotil , nacido en Ica (Per\u00fa) el 18 de mayo de 1949, <b>\u2018Cholo\u2019, como se le conoc\u00eda<\/b>, fue considerado uno de los mejores jugadores sudamericanos de su generaci\u00f3n y uno de los favoritos de la afici\u00f3n azulgrana durante su etapa en el club\u201d, dijo el cuadro cul\u00e9.\u00a0<\/span><\/p>\n<p style=\"text-align: justify;\"><span style=\"font-family: helvetica, arial, sans-serif;\">El peruano tambi\u00e9n tuvo un paso por el f\u00fatbol colombiano, cuando en 1979 se visti\u00f3 con los <b>colores de Independiente Medell\u00edn<\/b>, con el que jug\u00f3 32 partidos y marc\u00f3 8 goles.\u00a0<\/span><\/p>\n<p style=\"text-align: justify;\"><span style=\"font-family: helvetica, arial, sans-serif;\">Sin embargo, en Colombia es recordado por haber sido el autor que le arrebat\u00f3 la primera Copa Am\u00e9rica a la selecci\u00f3n, cuando en la edici\u00f3n de 1975, la Tricolor intent\u00f3 ganar el t\u00edtulo, pero <b>Per\u00fa se qued\u00f3 con un triunfo que signific\u00f3 el dolor de los colombianos.\u00a0<\/b><\/span><\/p>\n","protected":false},"excerpt":{"rendered":"<p>El hist\u00f3rico exjugador peruano Hugo \u2018Cholo\u2019 Sotil muri\u00f3 este lunes 30 de diciembre, seg\u00fan confirm\u00f3 el FC Barcelona a trav\u00e9s de un sentido comunicado. El ex futbolista estaba luchando contra una enfermedad que lo mantuvo hospitalizado los \u00faltimos d\u00edas.\u00a0 \u201cEste lunes 30 de diciembre falleci\u00f3 Hugo Sotil , nacido en Ica (Per\u00fa) el 18 de [&hellip;]<\/p>\n","protected":false},"author":4,"featured_media":114969,"comment_status":"open","ping_status":"closed","sticky":false,"template":"","format":"standard","meta":{"_acf_changed":false,"footnotes":""},"categories":[152],"tags":[],"class_list":{"0":"post-114968","1":"post","2":"type-post","3":"status-publish","4":"format-standard","5":"has-post-thumbnail","7":"category-mundo-futbol"},"acf":[],"_links":{"self":[{"href":"https:\/\/futbolhoy.co\/index.php\/wp-json\/wp\/v2\/posts\/114968","targetHints":{"allow":["GET"]}}],"collection":[{"href":"https:\/\/futbolhoy.co\/index.php\/wp-json\/wp\/v2\/posts"}],"about":[{"href":"https:\/\/futbolhoy.co\/index.php\/wp-json\/wp\/v2\/types\/post"}],"author":[{"embeddable":true,"href":"https:\/\/futbolhoy.co\/index.php\/wp-json\/wp\/v2\/users\/4"}],"replies":[{"embeddable":true,"href":"https:\/\/futbolhoy.co\/index.php\/wp-json\/wp\/v2\/comments?post=114968"}],"version-history":[{"count":1,"href":"https:\/\/futbolhoy.co\/index.php\/wp-json\/wp\/v2\/posts\/114968\/revisions"}],"predecessor-version":[{"id":114970,"href":"https:\/\/futbolhoy.co\/index.php\/wp-json\/wp\/v2\/posts\/114968\/revisions\/114970"}],"wp:featuredmedia":[{"embeddable":true,"href":"https:\/\/futbolhoy.co\/index.php\/wp-json\/wp\/v2\/media\/114969"}],"wp:attachment":[{"href":"https:\/\/futbolhoy.co\/index.php\/wp-json\/wp\/v2\/media?parent=114968"}],"wp:term":[{"taxonomy":"category","embeddable":true,"href":"https:\/\/futbolhoy.co\/index.php\/wp-json\/wp\/v2\/categories?post=114968"},{"taxonomy":"post_tag","embeddable":true,"href":"https:\/\/futbolhoy.co\/index.php\/wp-json\/wp\/v2\/tags?post=114968"}],"curies":[{"name":"wp","href":"https:\/\/api.w.org\/{rel}","templated":true}]}}