{"id":114988,"date":"2024-12-31T10:45:41","date_gmt":"2024-12-31T15:45:41","guid":{"rendered":"https:\/\/futbolhoy.co\/?p=114988"},"modified":"2025-01-02T19:37:06","modified_gmt":"2025-01-03T00:37:06","slug":"juanfer-quintero-en-el-xi-ideal-de-america","status":"publish","type":"post","link":"https:\/\/futbolhoy.co\/index.php\/2024\/12\/31\/juanfer-quintero-en-el-xi-ideal-de-america\/","title":{"rendered":"Juanfer Quintero, en el XI ideal de Am\u00e9rica"},"content":{"rendered":"<p style=\"text-align: justify;\"><span style=\"font-family: helvetica, arial, sans-serif;\"><strong>Juan Fernando Quintero<\/strong> cerr\u00f3 el a\u00f1o con un reconocimiento. El antioque\u00f1o integr\u00f3 el equipo ideal del a\u00f1o en el continente, luego de haber sido votado por un panel de periodistas en la encuesta <strong>Am\u00e9rica le responde a El Pa\u00eds<\/strong>, diario uruguayo.<\/span><\/p>\n<p style=\"text-align: justify;\"><span style=\"font-family: helvetica, arial, sans-serif;\">El antioque\u00f1o fue clave en la obtenci\u00f3n de la <strong>Copa Sudamericana<\/strong> para <strong>Racing<\/strong>, haciendo parte de una n\u00f3mina que le volvi\u00f3 a dar un t\u00edtulo internacional a la instituci\u00f3n desde hace 37 a\u00f1os.<\/span><\/p>\n<p style=\"text-align: justify;\"><span style=\"font-family: helvetica, arial, sans-serif;\">Quintero no seguir\u00e1 su carrera en Racing, pues ya comunic\u00f3 su decisi\u00f3n de jugar en <strong>Colombia<\/strong> por motivos personales. <strong>Am\u00e9rica, Medell\u00edn y Millonarios<\/strong> son los equipos interesados en el \u201810\u2019.<\/span><\/p>\n<p style=\"text-align: justify;\"><strong><span style=\"font-family: helvetica, arial, sans-serif;\">El XI ideal de Am\u00e9rica<\/span><\/strong><\/p>\n<p style=\"text-align: justify;\"><span style=\"font-family: helvetica, arial, sans-serif;\">John V\u00edctor (Brasil), Alexander Barboza (Argentina), Alex Telles (Brasil), Leonardo Fern\u00e1ndez (Uruguay), Rodrigo Battaglia (Argentina), Gast\u00f3n Martirena (Uruguay), Thiago Almada (Argentina), Luiz Henrique (Brasil), Jefferson Savarino (Venezuela), Marlon Freitas (Brasil) y, por supuesto, Juan Fernando Quintero.<\/span><\/p>\n","protected":false},"excerpt":{"rendered":"<p>Juan Fernando Quintero cerr\u00f3 el a\u00f1o con un reconocimiento. El antioque\u00f1o integr\u00f3 el equipo ideal del a\u00f1o en el continente, luego de haber sido votado por un panel de periodistas en la encuesta Am\u00e9rica le responde a El Pa\u00eds, diario uruguayo. El antioque\u00f1o fue clave en la obtenci\u00f3n de la Copa Sudamericana para Racing, haciendo [&hellip;]<\/p>\n","protected":false},"author":4,"featured_media":114989,"comment_status":"open","ping_status":"closed","sticky":false,"template":"","format":"standard","meta":{"_acf_changed":false,"footnotes":""},"categories":[418],"tags":[],"class_list":{"0":"post-114988","1":"post","2":"type-post","3":"status-publish","4":"format-standard","5":"has-post-thumbnail","7":"category-colombia"},"acf":[],"_links":{"self":[{"href":"https:\/\/futbolhoy.co\/index.php\/wp-json\/wp\/v2\/posts\/114988","targetHints":{"allow":["GET"]}}],"collection":[{"href":"https:\/\/futbolhoy.co\/index.php\/wp-json\/wp\/v2\/posts"}],"about":[{"href":"https:\/\/futbolhoy.co\/index.php\/wp-json\/wp\/v2\/types\/post"}],"author":[{"embeddable":true,"href":"https:\/\/futbolhoy.co\/index.php\/wp-json\/wp\/v2\/users\/4"}],"replies":[{"embeddable":true,"href":"https:\/\/futbolhoy.co\/index.php\/wp-json\/wp\/v2\/comments?post=114988"}],"version-history":[{"count":1,"href":"https:\/\/futbolhoy.co\/index.php\/wp-json\/wp\/v2\/posts\/114988\/revisions"}],"predecessor-version":[{"id":114990,"href":"https:\/\/futbolhoy.co\/index.php\/wp-json\/wp\/v2\/posts\/114988\/revisions\/114990"}],"wp:featuredmedia":[{"embeddable":true,"href":"https:\/\/futbolhoy.co\/index.php\/wp-json\/wp\/v2\/media\/114989"}],"wp:attachment":[{"href":"https:\/\/futbolhoy.co\/index.php\/wp-json\/wp\/v2\/media?parent=114988"}],"wp:term":[{"taxonomy":"category","embeddable":true,"href":"https:\/\/futbolhoy.co\/index.php\/wp-json\/wp\/v2\/categories?post=114988"},{"taxonomy":"post_tag","embeddable":true,"href":"https:\/\/futbolhoy.co\/index.php\/wp-json\/wp\/v2\/tags?post=114988"}],"curies":[{"name":"wp","href":"https:\/\/api.w.org\/{rel}","templated":true}]}}