{"id":115005,"date":"2025-01-01T20:59:04","date_gmt":"2025-01-02T01:59:04","guid":{"rendered":"https:\/\/futbolhoy.co\/?p=115005"},"modified":"2025-01-03T13:04:53","modified_gmt":"2025-01-03T18:04:53","slug":"preconvocatoria-de-la-seleccion-colombia-para-el-sudamericano-sub-20","status":"publish","type":"post","link":"https:\/\/futbolhoy.co\/index.php\/2025\/01\/01\/preconvocatoria-de-la-seleccion-colombia-para-el-sudamericano-sub-20\/","title":{"rendered":"Preconvocatoria de la Selecci\u00f3n Colombia para el Sudamericano Sub 20"},"content":{"rendered":"<p style=\"text-align: justify;\"><span style=\"font-family: helvetica, arial, sans-serif;\"><span style=\"font-weight: 400;\">Con la mirada puesta en clasificar a la Copa del Mundo, la Selecci\u00f3n Colombia Sub 20 anunci\u00f3 este mi\u00e9rcoles la lista previa de convocados para disputar el Sudamericano que se jugar\u00e1 en <\/span><b>Venezuela entre el 23 de enero y el 16 de febrero.\u00a0<\/b><\/span><\/p>\n<p style=\"text-align: justify;\"><span style=\"font-family: helvetica, arial, sans-serif;\"><span style=\"font-weight: 400;\">El equipo dirigido por <\/span><b>C\u00e9sar Torres convoc\u00f3 a 25 jugadores <\/b><span style=\"font-weight: 400;\">antes de dar la lista final para pelear por el t\u00edtulo Sudamericano y el cupo a la Copa del Mundo de la categor\u00eda.\u00a0<\/span><\/span><\/p>\n<p style=\"text-align: justify;\"><span style=\"font-family: helvetica, arial, sans-serif;\"><span style=\"font-weight: 400;\">El Sudamericano Sub 20 se jugar\u00e1 en Venezuela y ser\u00e1 el torneo que defina los cupos para la <\/span><b>Copa del Mundo, que tambi\u00e9n se disputar\u00e1 este a\u00f1o.\u00a0<\/b><\/span><\/p>\n<p style=\"text-align: justify;\"><span style=\"font-family: helvetica, arial, sans-serif;\"><span style=\"font-weight: 400;\">Los jugadores iniciar\u00e1n la concentraci\u00f3n del 3 al 19 de enero en la Sede Deportiva de la <\/span><b>Federaci\u00f3n Colombiana de F\u00fatbol en Barranquilla<\/b><span style=\"font-weight: 400;\">. Durante el microciclo los juveniles tendr\u00e1n dos partidos amistosos frente a Per\u00fa los d\u00edas 9 y 12 de enero.<\/span><\/span><\/p>\n<p style=\"text-align: justify;\"><span style=\"font-family: helvetica, arial, sans-serif;\"><span style=\"font-weight: 400;\">Posterior a ello, el 15 de enero,<\/span><b> el cuerpo t\u00e9cnico dar\u00e1 a conocer la lista final de 23 <\/b><span style=\"font-weight: 400;\">jugadores que representar\u00e1n a Colombia en el campeonato Sudamericano Sub-20.\u00a0<\/span><\/span><\/p>\n<p style=\"text-align: justify;\"><span style=\"font-family: helvetica, arial, sans-serif;\"><b>Los 25 preconvocados por la Selecci\u00f3n Colombia Sub 20:<\/b><\/span><\/p>\n<p style=\"text-align: justify;\"><span style=\"font-weight: 400; font-family: helvetica, arial, sans-serif;\">Royner Andr\u00e9s Ben\u00edtez Hern\u00e1ndez \u2013 \u00c1guilas Doradas<\/span><\/p>\n<p style=\"text-align: justify;\"><span style=\"font-weight: 400; font-family: helvetica, arial, sans-serif;\">Alexei Rojas Fedorushchenko \u2013 Arsenal FC (ING)<\/span><\/p>\n<p style=\"text-align: justify;\"><span style=\"font-weight: 400; font-family: helvetica, arial, sans-serif;\">Sim\u00f3n Garc\u00eda Valero \u2013 Atl\u00e9tico Nacional<\/span><\/p>\n<p style=\"text-align: justify;\"><span style=\"font-weight: 400; font-family: helvetica, arial, sans-serif;\">Juan David Arizala Micolta \u2013 Independiente Medell\u00edn<\/span><\/p>\n<p style=\"text-align: justify;\"><span style=\"font-weight: 400; font-family: helvetica, arial, sans-serif;\">Andr\u00e9s Felipe Tovar Escalante \u2013 Envigado FC<\/span><\/p>\n<p style=\"text-align: justify;\"><span style=\"font-weight: 400; font-family: helvetica, arial, sans-serif;\">Jordan Javier Garc\u00eda Bonnet \u2013 Fortaleza CEIF<\/span><\/p>\n<p style=\"text-align: justify;\"><span style=\"font-weight: 400; font-family: helvetica, arial, sans-serif;\">Sebasti\u00e1n Ram\u00edrez Maya \u2013 Fortaleza CEIF<\/span><\/p>\n<p style=\"text-align: justify;\"><span style=\"font-weight: 400; font-family: helvetica, arial, sans-serif;\">Andy Duv\u00e1n Batioja Renter\u00eda \u2013 Houston Dynamo (USA)<\/span><\/p>\n<p style=\"text-align: justify;\"><span style=\"font-weight: 400; font-family: helvetica, arial, sans-serif;\">\u00d3scar Perea Abonce \u2013 Racing Club de Strasbourg Alsace (FRA)<\/span><\/p>\n<p style=\"text-align: justify;\"><span style=\"font-weight: 400; font-family: helvetica, arial, sans-serif;\">Neiser Villarreal Qui\u00f1ones \u2013 Millonarios FC<\/span><\/p>\n<p style=\"text-align: justify;\"><span style=\"font-weight: 400; font-family: helvetica, arial, sans-serif;\">Kener Gonz\u00e1lez Mosquera \u2013 Internacional F.C. de Palmira<\/span><\/p>\n<p style=\"text-align: justify;\"><span style=\"font-weight: 400; font-family: helvetica, arial, sans-serif;\">Keimer Sandoval Rodr\u00edguez \u2013 Real Betis Balompi\u00e9 (ESP)<\/span><\/p>\n<p style=\"text-align: justify;\"><span style=\"font-weight: 400; font-family: helvetica, arial, sans-serif;\">Yeimar Mosquera Mosquera \u2013 Real Uni\u00f3n Club (ESP)<\/span><\/p>\n<p style=\"text-align: justify;\"><span style=\"font-weight: 400; font-family: helvetica, arial, sans-serif;\">Juli\u00e1n Andr\u00e9s Baz\u00e1n Medina \u2013 Deportivo Pereira F.C. S.A<\/span><\/p>\n<p style=\"text-align: justify;\"><span style=\"font-weight: 400; font-family: helvetica, arial, sans-serif;\">Alejandro Ararat D\u00edaz \u2013 Atl\u00e9tico Huila<\/span><\/p>\n<p style=\"text-align: justify;\"><span style=\"font-weight: 400; font-family: helvetica, arial, sans-serif;\">Luis Land\u00e1zuri Cuenu \u2013 Atl\u00e9tico Nacional<\/span><\/p>\n<p style=\"text-align: justify;\"><span style=\"font-weight: 400; font-family: helvetica, arial, sans-serif;\">Jordan Barrera Herrera \u2013 Barranquilla FC<\/span><\/p>\n<p style=\"text-align: justify;\"><span style=\"font-weight: 400; font-family: helvetica, arial, sans-serif;\">Jhon Edwin Monta\u00f1o Preciado \u2013 Independiente Medell\u00edn<\/span><\/p>\n<p style=\"text-align: justify;\"><span style=\"font-weight: 400; font-family: helvetica, arial, sans-serif;\">Nilzo Ronaldo Ram\u00edrez Orozco \u2013 Envigado FC<\/span><\/p>\n<p style=\"text-align: justify;\"><span style=\"font-weight: 400; font-family: helvetica, arial, sans-serif;\">Joel Canchimbo Morales \u2013 Junior FC<\/span><\/p>\n<p style=\"text-align: justify;\"><span style=\"font-weight: 400; font-family: helvetica, arial, sans-serif;\">Elkin Qui\u00f1ones Bonilla \u2013 Orsomarso S.C<\/span><\/p>\n<p style=\"text-align: justify;\"><span style=\"font-weight: 400; font-family: helvetica, arial, sans-serif;\">Alejandro Villarreal Zuluaga \u2013 Santos SP (BRA)<\/span><\/p>\n<p style=\"text-align: justify;\"><span style=\"font-weight: 400; font-family: helvetica, arial, sans-serif;\">Carlos Eduardo Sarabia Barrios \u2013 Millonarios FC<\/span><\/p>\n<p style=\"text-align: justify;\"><span style=\"font-weight: 400; font-family: helvetica, arial, sans-serif;\">Jefrei Stiven Rodr\u00edguez Sinisterra \u2013 Internacional F.C. de Palmira<\/span><\/p>\n<p style=\"text-align: justify;\"><span style=\"font-weight: 400; font-family: helvetica, arial, sans-serif;\">Luis Eduardo Renter\u00eda Rodr\u00edguez \u2013 Independiente Santa Fe<\/span><\/p>\n","protected":false},"excerpt":{"rendered":"<p>Con la mirada puesta en clasificar a la Copa del Mundo, la Selecci\u00f3n Colombia Sub 20 anunci\u00f3 este mi\u00e9rcoles la lista previa de convocados para disputar el Sudamericano que se jugar\u00e1 en Venezuela entre el 23 de enero y el 16 de febrero.\u00a0 El equipo dirigido por C\u00e9sar Torres convoc\u00f3 a 25 jugadores antes de [&hellip;]<\/p>\n","protected":false},"author":4,"featured_media":115006,"comment_status":"open","ping_status":"open","sticky":false,"template":"","format":"standard","meta":{"_acf_changed":false,"footnotes":""},"categories":[418],"tags":[],"class_list":{"0":"post-115005","1":"post","2":"type-post","3":"status-publish","4":"format-standard","5":"has-post-thumbnail","7":"category-colombia"},"acf":[],"yoast_head":"<!-- This site is optimized with the Yoast SEO plugin v26.8 - https:\/\/yoast.com\/product\/yoast-seo-wordpress\/ -->\n<title>Preconvocatoria de la Selecci\u00f3n Colombia para el Sudamericano Sub 20 -<\/title>\n<meta name=\"robots\" content=\"index, follow, max-snippet:-1, max-image-preview:large, max-video-preview:-1\" \/>\n<link rel=\"canonical\" href=\"https:\/\/futbolhoy.co\/index.php\/2025\/01\/01\/preconvocatoria-de-la-seleccion-colombia-para-el-sudamericano-sub-20\/\" \/>\n<meta property=\"og:locale\" content=\"es_ES\" \/>\n<meta property=\"og:type\" content=\"article\" \/>\n<meta property=\"og:title\" content=\"Preconvocatoria de la Selecci\u00f3n Colombia para el Sudamericano Sub 20 -\" \/>\n<meta property=\"og:description\" content=\"Con la mirada puesta en clasificar a la Copa del Mundo, la Selecci\u00f3n Colombia Sub 20 anunci\u00f3 este mi\u00e9rcoles la lista previa de convocados para disputar el Sudamericano que se jugar\u00e1 en Venezuela entre el 23 de enero y el 16 de febrero.\u00a0 El equipo dirigido por C\u00e9sar Torres convoc\u00f3 a 25 jugadores antes de [&hellip;]\" \/>\n<meta property=\"og:url\" content=\"https:\/\/futbolhoy.co\/index.php\/2025\/01\/01\/preconvocatoria-de-la-seleccion-colombia-para-el-sudamericano-sub-20\/\" \/>\n<meta property=\"article:publisher\" content=\"https:\/\/www.facebook.com\/FutbolHoyCol\/\" \/>\n<meta property=\"article:published_time\" content=\"2025-01-02T01:59:04+00:00\" \/>\n<meta property=\"article:modified_time\" content=\"2025-01-03T18:04:53+00:00\" \/>\n<meta property=\"og:image\" content=\"https:\/\/futbolhoy.co\/wp-content\/uploads\/2025\/01\/GgFEdQ2WwAAcDXO.jpeg\" \/>\n\t<meta property=\"og:image:width\" content=\"1220\" \/>\n\t<meta property=\"og:image:height\" content=\"802\" \/>\n\t<meta property=\"og:image:type\" content=\"image\/jpeg\" \/>\n<meta name=\"author\" content=\"contenido\" \/>\n<meta name=\"twitter:card\" content=\"summary_large_image\" \/>\n<meta name=\"twitter:creator\" content=\"@FutbolHoyCol\" \/>\n<meta name=\"twitter:site\" content=\"@FutbolHoyCol\" \/>\n<meta name=\"twitter:label1\" content=\"Escrito por\" \/>\n\t<meta name=\"twitter:data1\" content=\"contenido\" \/>\n\t<meta name=\"twitter:label2\" content=\"Tiempo de lectura\" \/>\n\t<meta name=\"twitter:data2\" content=\"2 minutos\" \/>\n<script type=\"application\/ld+json\" class=\"yoast-schema-graph\">{\"@context\":\"https:\/\/schema.org\",\"@graph\":[{\"@type\":\"Article\",\"@id\":\"https:\/\/futbolhoy.co\/index.php\/2025\/01\/01\/preconvocatoria-de-la-seleccion-colombia-para-el-sudamericano-sub-20\/#article\",\"isPartOf\":{\"@id\":\"https:\/\/futbolhoy.co\/index.php\/2025\/01\/01\/preconvocatoria-de-la-seleccion-colombia-para-el-sudamericano-sub-20\/\"},\"author\":{\"name\":\"contenido\",\"@id\":\"https:\/\/futbolhoy.co\/#\/schema\/person\/1721b69355b6623eaff15ac7b92d4cc3\"},\"headline\":\"Preconvocatoria de la Selecci\u00f3n Colombia para el Sudamericano Sub 20\",\"datePublished\":\"2025-01-02T01:59:04+00:00\",\"dateModified\":\"2025-01-03T18:04:53+00:00\",\"mainEntityOfPage\":{\"@id\":\"https:\/\/futbolhoy.co\/index.php\/2025\/01\/01\/preconvocatoria-de-la-seleccion-colombia-para-el-sudamericano-sub-20\/\"},\"wordCount\":385,\"commentCount\":0,\"publisher\":{\"@id\":\"https:\/\/futbolhoy.co\/#organization\"},\"image\":{\"@id\":\"https:\/\/futbolhoy.co\/index.php\/2025\/01\/01\/preconvocatoria-de-la-seleccion-colombia-para-el-sudamericano-sub-20\/#primaryimage\"},\"thumbnailUrl\":\"https:\/\/futbolhoy.co\/wp-content\/uploads\/2025\/01\/GgFEdQ2WwAAcDXO.jpeg\",\"articleSection\":[\"Colombia\"],\"inLanguage\":\"es\",\"potentialAction\":[{\"@type\":\"CommentAction\",\"name\":\"Comment\",\"target\":[\"https:\/\/futbolhoy.co\/index.php\/2025\/01\/01\/preconvocatoria-de-la-seleccion-colombia-para-el-sudamericano-sub-20\/#respond\"]}]},{\"@type\":\"WebPage\",\"@id\":\"https:\/\/futbolhoy.co\/index.php\/2025\/01\/01\/preconvocatoria-de-la-seleccion-colombia-para-el-sudamericano-sub-20\/\",\"url\":\"https:\/\/futbolhoy.co\/index.php\/2025\/01\/01\/preconvocatoria-de-la-seleccion-colombia-para-el-sudamericano-sub-20\/\",\"name\":\"Preconvocatoria de la Selecci\u00f3n Colombia para el Sudamericano Sub 20 -\",\"isPartOf\":{\"@id\":\"https:\/\/futbolhoy.co\/#website\"},\"primaryImageOfPage\":{\"@id\":\"https:\/\/futbolhoy.co\/index.php\/2025\/01\/01\/preconvocatoria-de-la-seleccion-colombia-para-el-sudamericano-sub-20\/#primaryimage\"},\"image\":{\"@id\":\"https:\/\/futbolhoy.co\/index.php\/2025\/01\/01\/preconvocatoria-de-la-seleccion-colombia-para-el-sudamericano-sub-20\/#primaryimage\"},\"thumbnailUrl\":\"https:\/\/futbolhoy.co\/wp-content\/uploads\/2025\/01\/GgFEdQ2WwAAcDXO.jpeg\",\"datePublished\":\"2025-01-02T01:59:04+00:00\",\"dateModified\":\"2025-01-03T18:04:53+00:00\",\"breadcrumb\":{\"@id\":\"https:\/\/futbolhoy.co\/index.php\/2025\/01\/01\/preconvocatoria-de-la-seleccion-colombia-para-el-sudamericano-sub-20\/#breadcrumb\"},\"inLanguage\":\"es\",\"potentialAction\":[{\"@type\":\"ReadAction\",\"target\":[\"https:\/\/futbolhoy.co\/index.php\/2025\/01\/01\/preconvocatoria-de-la-seleccion-colombia-para-el-sudamericano-sub-20\/\"]}]},{\"@type\":\"ImageObject\",\"inLanguage\":\"es\",\"@id\":\"https:\/\/futbolhoy.co\/index.php\/2025\/01\/01\/preconvocatoria-de-la-seleccion-colombia-para-el-sudamericano-sub-20\/#primaryimage\",\"url\":\"https:\/\/futbolhoy.co\/wp-content\/uploads\/2025\/01\/GgFEdQ2WwAAcDXO.jpeg\",\"contentUrl\":\"https:\/\/futbolhoy.co\/wp-content\/uploads\/2025\/01\/GgFEdQ2WwAAcDXO.jpeg\",\"width\":1220,\"height\":802},{\"@type\":\"BreadcrumbList\",\"@id\":\"https:\/\/futbolhoy.co\/index.php\/2025\/01\/01\/preconvocatoria-de-la-seleccion-colombia-para-el-sudamericano-sub-20\/#breadcrumb\",\"itemListElement\":[{\"@type\":\"ListItem\",\"position\":1,\"name\":\"Portada\",\"item\":\"https:\/\/futbolhoy.co\/\"},{\"@type\":\"ListItem\",\"position\":2,\"name\":\"Preconvocatoria de la Selecci\u00f3n Colombia para el Sudamericano Sub 20\"}]},{\"@type\":\"WebSite\",\"@id\":\"https:\/\/futbolhoy.co\/#website\",\"url\":\"https:\/\/futbolhoy.co\/\",\"name\":\"FutbolHoy\",\"description\":\"\",\"publisher\":{\"@id\":\"https:\/\/futbolhoy.co\/#organization\"},\"potentialAction\":[{\"@type\":\"SearchAction\",\"target\":{\"@type\":\"EntryPoint\",\"urlTemplate\":\"https:\/\/futbolhoy.co\/?s={search_term_string}\"},\"query-input\":{\"@type\":\"PropertyValueSpecification\",\"valueRequired\":true,\"valueName\":\"search_term_string\"}}],\"inLanguage\":\"es\"},{\"@type\":\"Organization\",\"@id\":\"https:\/\/futbolhoy.co\/#organization\",\"name\":\"Futbolhoy.co\",\"url\":\"https:\/\/futbolhoy.co\/\",\"logo\":{\"@type\":\"ImageObject\",\"inLanguage\":\"es\",\"@id\":\"https:\/\/futbolhoy.co\/#\/schema\/logo\/image\/\",\"url\":\"https:\/\/futbolhoy.co\/wp-content\/uploads\/2018\/08\/17426380_1906371736249227_6326180412931521141_n.jpg\",\"contentUrl\":\"https:\/\/futbolhoy.co\/wp-content\/uploads\/2018\/08\/17426380_1906371736249227_6326180412931521141_n.jpg\",\"width\":960,\"height\":960,\"caption\":\"Futbolhoy.co\"},\"image\":{\"@id\":\"https:\/\/futbolhoy.co\/#\/schema\/logo\/image\/\"},\"sameAs\":[\"https:\/\/www.facebook.com\/FutbolHoyCol\/\",\"https:\/\/x.com\/FutbolHoyCol\",\"https:\/\/www.instagram.com\/futbolhoycol\/\"]},{\"@type\":\"Person\",\"@id\":\"https:\/\/futbolhoy.co\/#\/schema\/person\/1721b69355b6623eaff15ac7b92d4cc3\",\"name\":\"contenido\",\"image\":{\"@type\":\"ImageObject\",\"inLanguage\":\"es\",\"@id\":\"https:\/\/futbolhoy.co\/#\/schema\/person\/image\/\",\"url\":\"https:\/\/secure.gravatar.com\/avatar\/4f656d3256f5134f466206e7c3941518?s=96&d=mm&r=g\",\"contentUrl\":\"https:\/\/secure.gravatar.com\/avatar\/4f656d3256f5134f466206e7c3941518?s=96&d=mm&r=g\",\"caption\":\"contenido\"}}]}<\/script>\n<!-- \/ Yoast SEO plugin. -->","yoast_head_json":{"title":"Preconvocatoria de la Selecci\u00f3n Colombia para el Sudamericano Sub 20 -","robots":{"index":"index","follow":"follow","max-snippet":"max-snippet:-1","max-image-preview":"max-image-preview:large","max-video-preview":"max-video-preview:-1"},"canonical":"https:\/\/futbolhoy.co\/index.php\/2025\/01\/01\/preconvocatoria-de-la-seleccion-colombia-para-el-sudamericano-sub-20\/","og_locale":"es_ES","og_type":"article","og_title":"Preconvocatoria de la Selecci\u00f3n Colombia para el Sudamericano Sub 20 -","og_description":"Con la mirada puesta en clasificar a la Copa del Mundo, la Selecci\u00f3n Colombia Sub 20 anunci\u00f3 este mi\u00e9rcoles la lista previa de convocados para disputar el Sudamericano que se jugar\u00e1 en Venezuela entre el 23 de enero y el 16 de febrero.\u00a0 El equipo dirigido por C\u00e9sar Torres convoc\u00f3 a 25 jugadores antes de [&hellip;]","og_url":"https:\/\/futbolhoy.co\/index.php\/2025\/01\/01\/preconvocatoria-de-la-seleccion-colombia-para-el-sudamericano-sub-20\/","article_publisher":"https:\/\/www.facebook.com\/FutbolHoyCol\/","article_published_time":"2025-01-02T01:59:04+00:00","article_modified_time":"2025-01-03T18:04:53+00:00","og_image":[{"width":1220,"height":802,"url":"https:\/\/futbolhoy.co\/wp-content\/uploads\/2025\/01\/GgFEdQ2WwAAcDXO.jpeg","type":"image\/jpeg"}],"author":"contenido","twitter_card":"summary_large_image","twitter_creator":"@FutbolHoyCol","twitter_site":"@FutbolHoyCol","twitter_misc":{"Escrito por":"contenido","Tiempo de lectura":"2 minutos"},"schema":{"@context":"https:\/\/schema.org","@graph":[{"@type":"Article","@id":"https:\/\/futbolhoy.co\/index.php\/2025\/01\/01\/preconvocatoria-de-la-seleccion-colombia-para-el-sudamericano-sub-20\/#article","isPartOf":{"@id":"https:\/\/futbolhoy.co\/index.php\/2025\/01\/01\/preconvocatoria-de-la-seleccion-colombia-para-el-sudamericano-sub-20\/"},"author":{"name":"contenido","@id":"https:\/\/futbolhoy.co\/#\/schema\/person\/1721b69355b6623eaff15ac7b92d4cc3"},"headline":"Preconvocatoria de la Selecci\u00f3n Colombia para el Sudamericano Sub 20","datePublished":"2025-01-02T01:59:04+00:00","dateModified":"2025-01-03T18:04:53+00:00","mainEntityOfPage":{"@id":"https:\/\/futbolhoy.co\/index.php\/2025\/01\/01\/preconvocatoria-de-la-seleccion-colombia-para-el-sudamericano-sub-20\/"},"wordCount":385,"commentCount":0,"publisher":{"@id":"https:\/\/futbolhoy.co\/#organization"},"image":{"@id":"https:\/\/futbolhoy.co\/index.php\/2025\/01\/01\/preconvocatoria-de-la-seleccion-colombia-para-el-sudamericano-sub-20\/#primaryimage"},"thumbnailUrl":"https:\/\/futbolhoy.co\/wp-content\/uploads\/2025\/01\/GgFEdQ2WwAAcDXO.jpeg","articleSection":["Colombia"],"inLanguage":"es","potentialAction":[{"@type":"CommentAction","name":"Comment","target":["https:\/\/futbolhoy.co\/index.php\/2025\/01\/01\/preconvocatoria-de-la-seleccion-colombia-para-el-sudamericano-sub-20\/#respond"]}]},{"@type":"WebPage","@id":"https:\/\/futbolhoy.co\/index.php\/2025\/01\/01\/preconvocatoria-de-la-seleccion-colombia-para-el-sudamericano-sub-20\/","url":"https:\/\/futbolhoy.co\/index.php\/2025\/01\/01\/preconvocatoria-de-la-seleccion-colombia-para-el-sudamericano-sub-20\/","name":"Preconvocatoria de la Selecci\u00f3n Colombia para el Sudamericano Sub 20 -","isPartOf":{"@id":"https:\/\/futbolhoy.co\/#website"},"primaryImageOfPage":{"@id":"https:\/\/futbolhoy.co\/index.php\/2025\/01\/01\/preconvocatoria-de-la-seleccion-colombia-para-el-sudamericano-sub-20\/#primaryimage"},"image":{"@id":"https:\/\/futbolhoy.co\/index.php\/2025\/01\/01\/preconvocatoria-de-la-seleccion-colombia-para-el-sudamericano-sub-20\/#primaryimage"},"thumbnailUrl":"https:\/\/futbolhoy.co\/wp-content\/uploads\/2025\/01\/GgFEdQ2WwAAcDXO.jpeg","datePublished":"2025-01-02T01:59:04+00:00","dateModified":"2025-01-03T18:04:53+00:00","breadcrumb":{"@id":"https:\/\/futbolhoy.co\/index.php\/2025\/01\/01\/preconvocatoria-de-la-seleccion-colombia-para-el-sudamericano-sub-20\/#breadcrumb"},"inLanguage":"es","potentialAction":[{"@type":"ReadAction","target":["https:\/\/futbolhoy.co\/index.php\/2025\/01\/01\/preconvocatoria-de-la-seleccion-colombia-para-el-sudamericano-sub-20\/"]}]},{"@type":"ImageObject","inLanguage":"es","@id":"https:\/\/futbolhoy.co\/index.php\/2025\/01\/01\/preconvocatoria-de-la-seleccion-colombia-para-el-sudamericano-sub-20\/#primaryimage","url":"https:\/\/futbolhoy.co\/wp-content\/uploads\/2025\/01\/GgFEdQ2WwAAcDXO.jpeg","contentUrl":"https:\/\/futbolhoy.co\/wp-content\/uploads\/2025\/01\/GgFEdQ2WwAAcDXO.jpeg","width":1220,"height":802},{"@type":"BreadcrumbList","@id":"https:\/\/futbolhoy.co\/index.php\/2025\/01\/01\/preconvocatoria-de-la-seleccion-colombia-para-el-sudamericano-sub-20\/#breadcrumb","itemListElement":[{"@type":"ListItem","position":1,"name":"Portada","item":"https:\/\/futbolhoy.co\/"},{"@type":"ListItem","position":2,"name":"Preconvocatoria de la Selecci\u00f3n Colombia para el Sudamericano Sub 20"}]},{"@type":"WebSite","@id":"https:\/\/futbolhoy.co\/#website","url":"https:\/\/futbolhoy.co\/","name":"FutbolHoy","description":"","publisher":{"@id":"https:\/\/futbolhoy.co\/#organization"},"potentialAction":[{"@type":"SearchAction","target":{"@type":"EntryPoint","urlTemplate":"https:\/\/futbolhoy.co\/?s={search_term_string}"},"query-input":{"@type":"PropertyValueSpecification","valueRequired":true,"valueName":"search_term_string"}}],"inLanguage":"es"},{"@type":"Organization","@id":"https:\/\/futbolhoy.co\/#organization","name":"Futbolhoy.co","url":"https:\/\/futbolhoy.co\/","logo":{"@type":"ImageObject","inLanguage":"es","@id":"https:\/\/futbolhoy.co\/#\/schema\/logo\/image\/","url":"https:\/\/futbolhoy.co\/wp-content\/uploads\/2018\/08\/17426380_1906371736249227_6326180412931521141_n.jpg","contentUrl":"https:\/\/futbolhoy.co\/wp-content\/uploads\/2018\/08\/17426380_1906371736249227_6326180412931521141_n.jpg","width":960,"height":960,"caption":"Futbolhoy.co"},"image":{"@id":"https:\/\/futbolhoy.co\/#\/schema\/logo\/image\/"},"sameAs":["https:\/\/www.facebook.com\/FutbolHoyCol\/","https:\/\/x.com\/FutbolHoyCol","https:\/\/www.instagram.com\/futbolhoycol\/"]},{"@type":"Person","@id":"https:\/\/futbolhoy.co\/#\/schema\/person\/1721b69355b6623eaff15ac7b92d4cc3","name":"contenido","image":{"@type":"ImageObject","inLanguage":"es","@id":"https:\/\/futbolhoy.co\/#\/schema\/person\/image\/","url":"https:\/\/secure.gravatar.com\/avatar\/4f656d3256f5134f466206e7c3941518?s=96&d=mm&r=g","contentUrl":"https:\/\/secure.gravatar.com\/avatar\/4f656d3256f5134f466206e7c3941518?s=96&d=mm&r=g","caption":"contenido"}}]}},"publishpress_future_action":{"enabled":false,"date":"2026-05-05 17:06:03","action":"change-status","newStatus":"draft","terms":[],"taxonomy":"category","extraData":[]},"publishpress_future_workflow_manual_trigger":{"enabledWorkflows":[]},"_links":{"self":[{"href":"https:\/\/futbolhoy.co\/index.php\/wp-json\/wp\/v2\/posts\/115005","targetHints":{"allow":["GET"]}}],"collection":[{"href":"https:\/\/futbolhoy.co\/index.php\/wp-json\/wp\/v2\/posts"}],"about":[{"href":"https:\/\/futbolhoy.co\/index.php\/wp-json\/wp\/v2\/types\/post"}],"author":[{"embeddable":true,"href":"https:\/\/futbolhoy.co\/index.php\/wp-json\/wp\/v2\/users\/4"}],"replies":[{"embeddable":true,"href":"https:\/\/futbolhoy.co\/index.php\/wp-json\/wp\/v2\/comments?post=115005"}],"version-history":[{"count":1,"href":"https:\/\/futbolhoy.co\/index.php\/wp-json\/wp\/v2\/posts\/115005\/revisions"}],"predecessor-version":[{"id":115007,"href":"https:\/\/futbolhoy.co\/index.php\/wp-json\/wp\/v2\/posts\/115005\/revisions\/115007"}],"wp:featuredmedia":[{"embeddable":true,"href":"https:\/\/futbolhoy.co\/index.php\/wp-json\/wp\/v2\/media\/115006"}],"wp:attachment":[{"href":"https:\/\/futbolhoy.co\/index.php\/wp-json\/wp\/v2\/media?parent=115005"}],"wp:term":[{"taxonomy":"category","embeddable":true,"href":"https:\/\/futbolhoy.co\/index.php\/wp-json\/wp\/v2\/categories?post=115005"},{"taxonomy":"post_tag","embeddable":true,"href":"https:\/\/futbolhoy.co\/index.php\/wp-json\/wp\/v2\/tags?post=115005"}],"curies":[{"name":"wp","href":"https:\/\/api.w.org\/{rel}","templated":true}]}}