{"id":115012,"date":"2025-01-02T10:45:44","date_gmt":"2025-01-02T15:45:44","guid":{"rendered":"https:\/\/futbolhoy.co\/?p=115012"},"modified":"2025-01-03T15:02:15","modified_gmt":"2025-01-03T20:02:15","slug":"james-ausente-en-copa-del-rey-inigo-le-dejo-un-fuerte-mensaje","status":"publish","type":"post","link":"https:\/\/futbolhoy.co\/index.php\/2025\/01\/02\/james-ausente-en-copa-del-rey-inigo-le-dejo-un-fuerte-mensaje\/","title":{"rendered":"James, ausente en Copa del Rey; I\u00f1igo le dej\u00f3 un fuerte mensaje"},"content":{"rendered":"<p style=\"text-align: justify;\"><span style=\"font-family: helvetica, arial, sans-serif;\">El colombiano <strong>James Rodr\u00edguez<\/strong> continuar\u00e1 ausente en el <strong>Rayo Vallecano<\/strong> en el inicio del 2025. El club de <strong>Vallecas<\/strong> estar\u00e1 enfrentando este viernes al <strong>Racing Ferrol<\/strong>, por los 16avos de la<strong> Copa del Rey.<\/strong><\/span><\/p>\n<p style=\"text-align: justify;\"><span style=\"font-family: helvetica, arial, sans-serif;\"><strong>I\u00f1igo P\u00e9rez,<\/strong> director t\u00e9cnico del equipo, confirm\u00f3 la ausencia del volante de la <strong>Selecci\u00f3n Colombia,<\/strong> asegurando que se debe a un tema de salud. \"<strong>Un virus estomacal<\/strong> durante su periodo de vacaciones\", explic\u00f3 P\u00e9rez.<\/span><\/p>\n<p style=\"text-align: justify;\"><span style=\"font-family: helvetica, arial, sans-serif;\">El joven entrenador a\u00f1adi\u00f3 al respecto que se encuentran al tanto de su evoluci\u00f3n. \"El club est\u00e1 al tanto y est\u00e1 pendiente de pruebas\".<\/span><\/p>\n<p style=\"text-align: justify;\"><span style=\"font-family: helvetica, arial, sans-serif;\"><strong>Duro mensaje a James\u00a0<\/strong><\/span><\/p>\n<p style=\"text-align: justify;\"><span style=\"font-family: helvetica, arial, sans-serif;\">Respecto a los pocos minutos del colombiano en el club, P\u00e9rez fue contundente. \"Tanto James como otros que crean que no tienen minutos justos o merecidos<strong> tendr\u00e1n que hablar con el club.<\/strong> Yo estoy encantado con la plantilla. De momento no hay ning\u00fan movimiento\".<\/span><\/p>\n<p style=\"text-align: justify;\"><span style=\"font-family: helvetica, arial, sans-serif;\">Desde su llegada al Rayo Vallecano al inicio de la temporada, James apenas ha disputado siete partidos, dos de ellos como titular, registrando una asistencia.<\/span><\/p>\n","protected":false},"excerpt":{"rendered":"<p>El colombiano James Rodr\u00edguez continuar\u00e1 ausente en el Rayo Vallecano en el inicio del 2025. El club de Vallecas estar\u00e1 enfrentando este viernes al Racing Ferrol, por los 16avos de la Copa del Rey. I\u00f1igo P\u00e9rez, director t\u00e9cnico del equipo, confirm\u00f3 la ausencia del volante de la Selecci\u00f3n Colombia, asegurando que se debe a un [&hellip;]<\/p>\n","protected":false},"author":4,"featured_media":113033,"comment_status":"open","ping_status":"open","sticky":false,"template":"","format":"standard","meta":{"_acf_changed":false,"footnotes":""},"categories":[418],"tags":[],"class_list":{"0":"post-115012","1":"post","2":"type-post","3":"status-publish","4":"format-standard","5":"has-post-thumbnail","7":"category-colombia"},"acf":[],"yoast_head":"<!-- This site is optimized with the Yoast SEO plugin v26.8 - https:\/\/yoast.com\/product\/yoast-seo-wordpress\/ -->\n<title>James, ausente en Copa del Rey; I\u00f1igo le dej\u00f3 un fuerte mensaje -<\/title>\n<meta name=\"robots\" content=\"index, follow, max-snippet:-1, max-image-preview:large, max-video-preview:-1\" \/>\n<link rel=\"canonical\" href=\"https:\/\/futbolhoy.co\/index.php\/2025\/01\/02\/james-ausente-en-copa-del-rey-inigo-le-dejo-un-fuerte-mensaje\/\" \/>\n<meta property=\"og:locale\" content=\"es_ES\" \/>\n<meta property=\"og:type\" content=\"article\" \/>\n<meta property=\"og:title\" content=\"James, ausente en Copa del Rey; I\u00f1igo le dej\u00f3 un fuerte mensaje -\" \/>\n<meta property=\"og:description\" content=\"El colombiano James Rodr\u00edguez continuar\u00e1 ausente en el Rayo Vallecano en el inicio del 2025. El club de Vallecas estar\u00e1 enfrentando este viernes al Racing Ferrol, por los 16avos de la Copa del Rey. I\u00f1igo P\u00e9rez, director t\u00e9cnico del equipo, confirm\u00f3 la ausencia del volante de la Selecci\u00f3n Colombia, asegurando que se debe a un [&hellip;]\" \/>\n<meta property=\"og:url\" content=\"https:\/\/futbolhoy.co\/index.php\/2025\/01\/02\/james-ausente-en-copa-del-rey-inigo-le-dejo-un-fuerte-mensaje\/\" \/>\n<meta property=\"article:publisher\" content=\"https:\/\/www.facebook.com\/FutbolHoyCol\/\" \/>\n<meta property=\"article:published_time\" content=\"2025-01-02T15:45:44+00:00\" \/>\n<meta property=\"article:modified_time\" content=\"2025-01-03T20:02:15+00:00\" \/>\n<meta property=\"og:image\" content=\"https:\/\/futbolhoy.co\/wp-content\/uploads\/2024\/10\/WhatsApp-Image-2024-10-22-at-8.22.09-AM.jpeg\" \/>\n\t<meta property=\"og:image:width\" content=\"1179\" \/>\n\t<meta property=\"og:image:height\" content=\"1000\" \/>\n\t<meta property=\"og:image:type\" content=\"image\/jpeg\" \/>\n<meta name=\"author\" content=\"contenido\" \/>\n<meta name=\"twitter:card\" content=\"summary_large_image\" \/>\n<meta name=\"twitter:creator\" content=\"@FutbolHoyCol\" \/>\n<meta name=\"twitter:site\" content=\"@FutbolHoyCol\" \/>\n<meta name=\"twitter:label1\" content=\"Escrito por\" \/>\n\t<meta name=\"twitter:data1\" content=\"contenido\" \/>\n\t<meta name=\"twitter:label2\" content=\"Tiempo de lectura\" \/>\n\t<meta name=\"twitter:data2\" content=\"1 minuto\" \/>\n<script type=\"application\/ld+json\" class=\"yoast-schema-graph\">{\"@context\":\"https:\/\/schema.org\",\"@graph\":[{\"@type\":\"Article\",\"@id\":\"https:\/\/futbolhoy.co\/index.php\/2025\/01\/02\/james-ausente-en-copa-del-rey-inigo-le-dejo-un-fuerte-mensaje\/#article\",\"isPartOf\":{\"@id\":\"https:\/\/futbolhoy.co\/index.php\/2025\/01\/02\/james-ausente-en-copa-del-rey-inigo-le-dejo-un-fuerte-mensaje\/\"},\"author\":{\"name\":\"contenido\",\"@id\":\"https:\/\/futbolhoy.co\/#\/schema\/person\/1721b69355b6623eaff15ac7b92d4cc3\"},\"headline\":\"James, ausente en Copa del Rey; I\u00f1igo le dej\u00f3 un fuerte mensaje\",\"datePublished\":\"2025-01-02T15:45:44+00:00\",\"dateModified\":\"2025-01-03T20:02:15+00:00\",\"mainEntityOfPage\":{\"@id\":\"https:\/\/futbolhoy.co\/index.php\/2025\/01\/02\/james-ausente-en-copa-del-rey-inigo-le-dejo-un-fuerte-mensaje\/\"},\"wordCount\":188,\"commentCount\":0,\"publisher\":{\"@id\":\"https:\/\/futbolhoy.co\/#organization\"},\"image\":{\"@id\":\"https:\/\/futbolhoy.co\/index.php\/2025\/01\/02\/james-ausente-en-copa-del-rey-inigo-le-dejo-un-fuerte-mensaje\/#primaryimage\"},\"thumbnailUrl\":\"https:\/\/futbolhoy.co\/wp-content\/uploads\/2024\/10\/WhatsApp-Image-2024-10-22-at-8.22.09-AM.jpeg\",\"articleSection\":[\"Colombia\"],\"inLanguage\":\"es\",\"potentialAction\":[{\"@type\":\"CommentAction\",\"name\":\"Comment\",\"target\":[\"https:\/\/futbolhoy.co\/index.php\/2025\/01\/02\/james-ausente-en-copa-del-rey-inigo-le-dejo-un-fuerte-mensaje\/#respond\"]}]},{\"@type\":\"WebPage\",\"@id\":\"https:\/\/futbolhoy.co\/index.php\/2025\/01\/02\/james-ausente-en-copa-del-rey-inigo-le-dejo-un-fuerte-mensaje\/\",\"url\":\"https:\/\/futbolhoy.co\/index.php\/2025\/01\/02\/james-ausente-en-copa-del-rey-inigo-le-dejo-un-fuerte-mensaje\/\",\"name\":\"James, ausente en Copa del Rey; I\u00f1igo le dej\u00f3 un fuerte mensaje -\",\"isPartOf\":{\"@id\":\"https:\/\/futbolhoy.co\/#website\"},\"primaryImageOfPage\":{\"@id\":\"https:\/\/futbolhoy.co\/index.php\/2025\/01\/02\/james-ausente-en-copa-del-rey-inigo-le-dejo-un-fuerte-mensaje\/#primaryimage\"},\"image\":{\"@id\":\"https:\/\/futbolhoy.co\/index.php\/2025\/01\/02\/james-ausente-en-copa-del-rey-inigo-le-dejo-un-fuerte-mensaje\/#primaryimage\"},\"thumbnailUrl\":\"https:\/\/futbolhoy.co\/wp-content\/uploads\/2024\/10\/WhatsApp-Image-2024-10-22-at-8.22.09-AM.jpeg\",\"datePublished\":\"2025-01-02T15:45:44+00:00\",\"dateModified\":\"2025-01-03T20:02:15+00:00\",\"breadcrumb\":{\"@id\":\"https:\/\/futbolhoy.co\/index.php\/2025\/01\/02\/james-ausente-en-copa-del-rey-inigo-le-dejo-un-fuerte-mensaje\/#breadcrumb\"},\"inLanguage\":\"es\",\"potentialAction\":[{\"@type\":\"ReadAction\",\"target\":[\"https:\/\/futbolhoy.co\/index.php\/2025\/01\/02\/james-ausente-en-copa-del-rey-inigo-le-dejo-un-fuerte-mensaje\/\"]}]},{\"@type\":\"ImageObject\",\"inLanguage\":\"es\",\"@id\":\"https:\/\/futbolhoy.co\/index.php\/2025\/01\/02\/james-ausente-en-copa-del-rey-inigo-le-dejo-un-fuerte-mensaje\/#primaryimage\",\"url\":\"https:\/\/futbolhoy.co\/wp-content\/uploads\/2024\/10\/WhatsApp-Image-2024-10-22-at-8.22.09-AM.jpeg\",\"contentUrl\":\"https:\/\/futbolhoy.co\/wp-content\/uploads\/2024\/10\/WhatsApp-Image-2024-10-22-at-8.22.09-AM.jpeg\",\"width\":1179,\"height\":1000},{\"@type\":\"BreadcrumbList\",\"@id\":\"https:\/\/futbolhoy.co\/index.php\/2025\/01\/02\/james-ausente-en-copa-del-rey-inigo-le-dejo-un-fuerte-mensaje\/#breadcrumb\",\"itemListElement\":[{\"@type\":\"ListItem\",\"position\":1,\"name\":\"Portada\",\"item\":\"https:\/\/futbolhoy.co\/\"},{\"@type\":\"ListItem\",\"position\":2,\"name\":\"James, ausente en Copa del Rey; I\u00f1igo le dej\u00f3 un fuerte mensaje\"}]},{\"@type\":\"WebSite\",\"@id\":\"https:\/\/futbolhoy.co\/#website\",\"url\":\"https:\/\/futbolhoy.co\/\",\"name\":\"FutbolHoy\",\"description\":\"\",\"publisher\":{\"@id\":\"https:\/\/futbolhoy.co\/#organization\"},\"potentialAction\":[{\"@type\":\"SearchAction\",\"target\":{\"@type\":\"EntryPoint\",\"urlTemplate\":\"https:\/\/futbolhoy.co\/?s={search_term_string}\"},\"query-input\":{\"@type\":\"PropertyValueSpecification\",\"valueRequired\":true,\"valueName\":\"search_term_string\"}}],\"inLanguage\":\"es\"},{\"@type\":\"Organization\",\"@id\":\"https:\/\/futbolhoy.co\/#organization\",\"name\":\"Futbolhoy.co\",\"url\":\"https:\/\/futbolhoy.co\/\",\"logo\":{\"@type\":\"ImageObject\",\"inLanguage\":\"es\",\"@id\":\"https:\/\/futbolhoy.co\/#\/schema\/logo\/image\/\",\"url\":\"https:\/\/futbolhoy.co\/wp-content\/uploads\/2018\/08\/17426380_1906371736249227_6326180412931521141_n.jpg\",\"contentUrl\":\"https:\/\/futbolhoy.co\/wp-content\/uploads\/2018\/08\/17426380_1906371736249227_6326180412931521141_n.jpg\",\"width\":960,\"height\":960,\"caption\":\"Futbolhoy.co\"},\"image\":{\"@id\":\"https:\/\/futbolhoy.co\/#\/schema\/logo\/image\/\"},\"sameAs\":[\"https:\/\/www.facebook.com\/FutbolHoyCol\/\",\"https:\/\/x.com\/FutbolHoyCol\",\"https:\/\/www.instagram.com\/futbolhoycol\/\"]},{\"@type\":\"Person\",\"@id\":\"https:\/\/futbolhoy.co\/#\/schema\/person\/1721b69355b6623eaff15ac7b92d4cc3\",\"name\":\"contenido\",\"image\":{\"@type\":\"ImageObject\",\"inLanguage\":\"es\",\"@id\":\"https:\/\/futbolhoy.co\/#\/schema\/person\/image\/\",\"url\":\"https:\/\/secure.gravatar.com\/avatar\/4f656d3256f5134f466206e7c3941518?s=96&d=mm&r=g\",\"contentUrl\":\"https:\/\/secure.gravatar.com\/avatar\/4f656d3256f5134f466206e7c3941518?s=96&d=mm&r=g\",\"caption\":\"contenido\"}}]}<\/script>\n<!-- \/ Yoast SEO plugin. -->","yoast_head_json":{"title":"James, ausente en Copa del Rey; I\u00f1igo le dej\u00f3 un fuerte mensaje -","robots":{"index":"index","follow":"follow","max-snippet":"max-snippet:-1","max-image-preview":"max-image-preview:large","max-video-preview":"max-video-preview:-1"},"canonical":"https:\/\/futbolhoy.co\/index.php\/2025\/01\/02\/james-ausente-en-copa-del-rey-inigo-le-dejo-un-fuerte-mensaje\/","og_locale":"es_ES","og_type":"article","og_title":"James, ausente en Copa del Rey; I\u00f1igo le dej\u00f3 un fuerte mensaje -","og_description":"El colombiano James Rodr\u00edguez continuar\u00e1 ausente en el Rayo Vallecano en el inicio del 2025. El club de Vallecas estar\u00e1 enfrentando este viernes al Racing Ferrol, por los 16avos de la Copa del Rey. I\u00f1igo P\u00e9rez, director t\u00e9cnico del equipo, confirm\u00f3 la ausencia del volante de la Selecci\u00f3n Colombia, asegurando que se debe a un [&hellip;]","og_url":"https:\/\/futbolhoy.co\/index.php\/2025\/01\/02\/james-ausente-en-copa-del-rey-inigo-le-dejo-un-fuerte-mensaje\/","article_publisher":"https:\/\/www.facebook.com\/FutbolHoyCol\/","article_published_time":"2025-01-02T15:45:44+00:00","article_modified_time":"2025-01-03T20:02:15+00:00","og_image":[{"width":1179,"height":1000,"url":"https:\/\/futbolhoy.co\/wp-content\/uploads\/2024\/10\/WhatsApp-Image-2024-10-22-at-8.22.09-AM.jpeg","type":"image\/jpeg"}],"author":"contenido","twitter_card":"summary_large_image","twitter_creator":"@FutbolHoyCol","twitter_site":"@FutbolHoyCol","twitter_misc":{"Escrito por":"contenido","Tiempo de lectura":"1 minuto"},"schema":{"@context":"https:\/\/schema.org","@graph":[{"@type":"Article","@id":"https:\/\/futbolhoy.co\/index.php\/2025\/01\/02\/james-ausente-en-copa-del-rey-inigo-le-dejo-un-fuerte-mensaje\/#article","isPartOf":{"@id":"https:\/\/futbolhoy.co\/index.php\/2025\/01\/02\/james-ausente-en-copa-del-rey-inigo-le-dejo-un-fuerte-mensaje\/"},"author":{"name":"contenido","@id":"https:\/\/futbolhoy.co\/#\/schema\/person\/1721b69355b6623eaff15ac7b92d4cc3"},"headline":"James, ausente en Copa del Rey; I\u00f1igo le dej\u00f3 un fuerte mensaje","datePublished":"2025-01-02T15:45:44+00:00","dateModified":"2025-01-03T20:02:15+00:00","mainEntityOfPage":{"@id":"https:\/\/futbolhoy.co\/index.php\/2025\/01\/02\/james-ausente-en-copa-del-rey-inigo-le-dejo-un-fuerte-mensaje\/"},"wordCount":188,"commentCount":0,"publisher":{"@id":"https:\/\/futbolhoy.co\/#organization"},"image":{"@id":"https:\/\/futbolhoy.co\/index.php\/2025\/01\/02\/james-ausente-en-copa-del-rey-inigo-le-dejo-un-fuerte-mensaje\/#primaryimage"},"thumbnailUrl":"https:\/\/futbolhoy.co\/wp-content\/uploads\/2024\/10\/WhatsApp-Image-2024-10-22-at-8.22.09-AM.jpeg","articleSection":["Colombia"],"inLanguage":"es","potentialAction":[{"@type":"CommentAction","name":"Comment","target":["https:\/\/futbolhoy.co\/index.php\/2025\/01\/02\/james-ausente-en-copa-del-rey-inigo-le-dejo-un-fuerte-mensaje\/#respond"]}]},{"@type":"WebPage","@id":"https:\/\/futbolhoy.co\/index.php\/2025\/01\/02\/james-ausente-en-copa-del-rey-inigo-le-dejo-un-fuerte-mensaje\/","url":"https:\/\/futbolhoy.co\/index.php\/2025\/01\/02\/james-ausente-en-copa-del-rey-inigo-le-dejo-un-fuerte-mensaje\/","name":"James, ausente en Copa del Rey; I\u00f1igo le dej\u00f3 un fuerte mensaje -","isPartOf":{"@id":"https:\/\/futbolhoy.co\/#website"},"primaryImageOfPage":{"@id":"https:\/\/futbolhoy.co\/index.php\/2025\/01\/02\/james-ausente-en-copa-del-rey-inigo-le-dejo-un-fuerte-mensaje\/#primaryimage"},"image":{"@id":"https:\/\/futbolhoy.co\/index.php\/2025\/01\/02\/james-ausente-en-copa-del-rey-inigo-le-dejo-un-fuerte-mensaje\/#primaryimage"},"thumbnailUrl":"https:\/\/futbolhoy.co\/wp-content\/uploads\/2024\/10\/WhatsApp-Image-2024-10-22-at-8.22.09-AM.jpeg","datePublished":"2025-01-02T15:45:44+00:00","dateModified":"2025-01-03T20:02:15+00:00","breadcrumb":{"@id":"https:\/\/futbolhoy.co\/index.php\/2025\/01\/02\/james-ausente-en-copa-del-rey-inigo-le-dejo-un-fuerte-mensaje\/#breadcrumb"},"inLanguage":"es","potentialAction":[{"@type":"ReadAction","target":["https:\/\/futbolhoy.co\/index.php\/2025\/01\/02\/james-ausente-en-copa-del-rey-inigo-le-dejo-un-fuerte-mensaje\/"]}]},{"@type":"ImageObject","inLanguage":"es","@id":"https:\/\/futbolhoy.co\/index.php\/2025\/01\/02\/james-ausente-en-copa-del-rey-inigo-le-dejo-un-fuerte-mensaje\/#primaryimage","url":"https:\/\/futbolhoy.co\/wp-content\/uploads\/2024\/10\/WhatsApp-Image-2024-10-22-at-8.22.09-AM.jpeg","contentUrl":"https:\/\/futbolhoy.co\/wp-content\/uploads\/2024\/10\/WhatsApp-Image-2024-10-22-at-8.22.09-AM.jpeg","width":1179,"height":1000},{"@type":"BreadcrumbList","@id":"https:\/\/futbolhoy.co\/index.php\/2025\/01\/02\/james-ausente-en-copa-del-rey-inigo-le-dejo-un-fuerte-mensaje\/#breadcrumb","itemListElement":[{"@type":"ListItem","position":1,"name":"Portada","item":"https:\/\/futbolhoy.co\/"},{"@type":"ListItem","position":2,"name":"James, ausente en Copa del Rey; I\u00f1igo le dej\u00f3 un fuerte mensaje"}]},{"@type":"WebSite","@id":"https:\/\/futbolhoy.co\/#website","url":"https:\/\/futbolhoy.co\/","name":"FutbolHoy","description":"","publisher":{"@id":"https:\/\/futbolhoy.co\/#organization"},"potentialAction":[{"@type":"SearchAction","target":{"@type":"EntryPoint","urlTemplate":"https:\/\/futbolhoy.co\/?s={search_term_string}"},"query-input":{"@type":"PropertyValueSpecification","valueRequired":true,"valueName":"search_term_string"}}],"inLanguage":"es"},{"@type":"Organization","@id":"https:\/\/futbolhoy.co\/#organization","name":"Futbolhoy.co","url":"https:\/\/futbolhoy.co\/","logo":{"@type":"ImageObject","inLanguage":"es","@id":"https:\/\/futbolhoy.co\/#\/schema\/logo\/image\/","url":"https:\/\/futbolhoy.co\/wp-content\/uploads\/2018\/08\/17426380_1906371736249227_6326180412931521141_n.jpg","contentUrl":"https:\/\/futbolhoy.co\/wp-content\/uploads\/2018\/08\/17426380_1906371736249227_6326180412931521141_n.jpg","width":960,"height":960,"caption":"Futbolhoy.co"},"image":{"@id":"https:\/\/futbolhoy.co\/#\/schema\/logo\/image\/"},"sameAs":["https:\/\/www.facebook.com\/FutbolHoyCol\/","https:\/\/x.com\/FutbolHoyCol","https:\/\/www.instagram.com\/futbolhoycol\/"]},{"@type":"Person","@id":"https:\/\/futbolhoy.co\/#\/schema\/person\/1721b69355b6623eaff15ac7b92d4cc3","name":"contenido","image":{"@type":"ImageObject","inLanguage":"es","@id":"https:\/\/futbolhoy.co\/#\/schema\/person\/image\/","url":"https:\/\/secure.gravatar.com\/avatar\/4f656d3256f5134f466206e7c3941518?s=96&d=mm&r=g","contentUrl":"https:\/\/secure.gravatar.com\/avatar\/4f656d3256f5134f466206e7c3941518?s=96&d=mm&r=g","caption":"contenido"}}]}},"publishpress_future_action":{"enabled":false,"date":"2026-05-05 20:16:57","action":"change-status","newStatus":"draft","terms":[],"taxonomy":"category","extraData":[]},"publishpress_future_workflow_manual_trigger":{"enabledWorkflows":[]},"_links":{"self":[{"href":"https:\/\/futbolhoy.co\/index.php\/wp-json\/wp\/v2\/posts\/115012","targetHints":{"allow":["GET"]}}],"collection":[{"href":"https:\/\/futbolhoy.co\/index.php\/wp-json\/wp\/v2\/posts"}],"about":[{"href":"https:\/\/futbolhoy.co\/index.php\/wp-json\/wp\/v2\/types\/post"}],"author":[{"embeddable":true,"href":"https:\/\/futbolhoy.co\/index.php\/wp-json\/wp\/v2\/users\/4"}],"replies":[{"embeddable":true,"href":"https:\/\/futbolhoy.co\/index.php\/wp-json\/wp\/v2\/comments?post=115012"}],"version-history":[{"count":1,"href":"https:\/\/futbolhoy.co\/index.php\/wp-json\/wp\/v2\/posts\/115012\/revisions"}],"predecessor-version":[{"id":115013,"href":"https:\/\/futbolhoy.co\/index.php\/wp-json\/wp\/v2\/posts\/115012\/revisions\/115013"}],"wp:featuredmedia":[{"embeddable":true,"href":"https:\/\/futbolhoy.co\/index.php\/wp-json\/wp\/v2\/media\/113033"}],"wp:attachment":[{"href":"https:\/\/futbolhoy.co\/index.php\/wp-json\/wp\/v2\/media?parent=115012"}],"wp:term":[{"taxonomy":"category","embeddable":true,"href":"https:\/\/futbolhoy.co\/index.php\/wp-json\/wp\/v2\/categories?post=115012"},{"taxonomy":"post_tag","embeddable":true,"href":"https:\/\/futbolhoy.co\/index.php\/wp-json\/wp\/v2\/tags?post=115012"}],"curies":[{"name":"wp","href":"https:\/\/api.w.org\/{rel}","templated":true}]}}