{"id":115016,"date":"2025-01-02T19:38:49","date_gmt":"2025-01-03T00:38:49","guid":{"rendered":"https:\/\/futbolhoy.co\/?p=115016"},"modified":"2025-01-25T12:39:47","modified_gmt":"2025-01-25T17:39:47","slug":"mercado-de-fichajes-liga-betplay-altas-y-bajas-de-los-clubes-en-2025","status":"publish","type":"post","link":"https:\/\/futbolhoy.co\/index.php\/2025\/01\/02\/mercado-de-fichajes-liga-betplay-altas-y-bajas-de-los-clubes-en-2025\/","title":{"rendered":"Matheus Uribe regresa a Nacional: Mercado de fichajes de la Liga 2025"},"content":{"rendered":"<p style=\"text-align: justify;\"><span style=\"font-weight: 400; font-family: helvetica, arial, sans-serif;\">Con Atl\u00e9tico Nacional campe\u00f3n de la Liga BetPlay 2024-2 ya los equipos dieron vuelta de hoja para la pr\u00f3xima temporada. Los movimientos en el mercado de pases ya se comenzaron a dar y en F\u00fatbol Hoy hacemos un repaso uno a uno de lo que va sucediendo en cada club.<\/span><\/p>\n<p style=\"text-align: justify;\"><span style=\"font-family: helvetica, arial, sans-serif;\"><b>Atl\u00e9tico Nacional<\/b><\/span><\/p>\n<p style=\"text-align: justify;\"><span style=\"font-family: helvetica, arial, sans-serif;\"><b>\u200bAltas:<\/b> Andr\u00e9s Salazar, Billy Arce, Faber Gil, Matheus Uribe<\/span><\/p>\n<p style=\"text-align: justify;\"><span style=\"font-family: helvetica, arial, sans-serif;\"><b>Bajas: <\/b>Yeicar Perlaza, Pablo Ceppelini, Efra\u00edn Ju\u00e1rez (DT), \u00c1lvaro \u00c1ngulo<\/span><\/p>\n<p style=\"text-align: justify;\"><span style=\"font-family: helvetica, arial, sans-serif;\"><b>Am\u00e9rica<\/b><\/span><\/p>\n<p style=\"text-align: justify;\"><span style=\"font-family: helvetica, arial, sans-serif;\"><b>\u200bAltas: <\/b>Mateo Castillo, Omar Bertel, Joider Micolta, Sebasti\u00e1n Navarro, Santiago Silva, Rafael Carrascal, Jean Pesta\u00f1a, Cristian Tovar y Jan Lucum\u00ed.<\/span><\/p>\n<p style=\"text-align: justify;\"><span style=\"font-family: helvetica, arial, sans-serif;\"><b>Bajas: <\/b>Alexis Zapata, Edwin Velasco, Jeisson Palacios, Ever Valencia, Mateo Zuleta, Josen Escobar y Juan Pablo M\u00fanera.<\/span><\/p>\n<p style=\"text-align: justify;\"><span style=\"font-family: helvetica, arial, sans-serif;\"><b>Millonarios<\/b><\/span><\/p>\n<p style=\"text-align: justify;\"><span style=\"font-family: helvetica, arial, sans-serif;\"><b>Altas: <\/b>David Gonz\u00e1lez (DT)\u00a0<\/span><\/p>\n<p style=\"text-align: justify;\"><span style=\"font-family: helvetica, arial, sans-serif;\"><b>Bajas:<\/b> \u00d3mar Bertel, Alberto Gamero (DT), Juan Jos\u00e9 Ram\u00edrez, Jhon Largacha, Luis Paredes, Diego Abad\u00eda, Neymar S\u00e1nchez y Falcao.<\/span><\/p>\n<p style=\"text-align: justify;\"><span style=\"font-family: helvetica, arial, sans-serif;\"><b>Santa Fe\u00a0<\/b><\/span><\/p>\n<p style=\"text-align: justify;\"><span style=\"font-family: helvetica, arial, sans-serif;\"><b>Altas: <\/b>V\u00edctor Moreno, Kevin Cuesta, Christian Mafla, Jeison Angulo, Leandro Angulo, Omar Fern\u00e1ndez, Emanuel Olivera, Angelo Rodr\u00edguez, Alexis Zapata, Ewil Murillo, Yeicar Perlaza, Lucas R\u00edos y Andr\u00e9s Mehring.<\/span><\/p>\n<p style=\"text-align: justify;\"><span style=\"font-family: helvetica, arial, sans-serif;\"><b>Bajas: <\/b><span style=\"font-weight: 400;\">Agust\u00edn Rodr\u00edguez, Juli\u00e1n Mill\u00e1n, Facundo Ag\u00fcero, Vladimir Hern\u00e1ndez, Juan Espitia, Juan Pablo Zuluaga, Dairon Mosquera<\/span><\/span><\/p>\n<p style=\"text-align: justify;\"><span style=\"font-family: helvetica, arial, sans-serif;\"><b>Medell\u00edn<\/b><\/span><\/p>\n<p style=\"text-align: justify;\"><span style=\"font-family: helvetica, arial, sans-serif;\"><b>\u200bAltas: <\/b><span style=\"font-weight: 400;\">Alexis Serna, Francisco Fydriszewski<\/span><\/span><\/p>\n<p style=\"text-align: justify;\"><span style=\"font-family: helvetica, arial, sans-serif;\"><b>Bajas:<\/b>Cristian Graciano, Pablo Lima, Jos\u00e9 Manuel Aja, Jhon V\u00e1squez, Kener Valencia, Jersson Gonz\u00e1lez, Christian Graciano, V\u00edctor Moreno.<\/span><\/p>\n<p style=\"text-align: justify;\"><span style=\"font-family: helvetica, arial, sans-serif;\"><b>Deportes Tolima<\/b><\/span><\/p>\n<p style=\"text-align: justify;\"><span style=\"font-family: helvetica, arial, sans-serif;\"><b>\u200bAltas: <\/b>Ismael Rescalvo (DT), Ever Valencia, Jersson Gonz\u00e1lez, Adri\u00e1n Parra, Gonzalo Lencina<\/span><\/p>\n<p style=\"text-align: justify;\"><span style=\"font-family: helvetica, arial, sans-serif;\"><b>Bajas: <\/b>David Gonz\u00e1lez (DT), Juan Camilo Chaverra, Jeison Angulo, Yilson Rosales, Carlos Esparragoza, Eduardo Sosa, Facundo Bon\u00e9, Jeison Lucum\u00ed, Franco L\u00f3pez<\/span><\/p>\n<p style=\"text-align: justify;\"><span style=\"font-family: helvetica, arial, sans-serif;\"><b>Junior\u00a0<\/b><\/span><\/p>\n<p style=\"text-align: justify;\"><span style=\"font-family: helvetica, arial, sans-serif;\"><b>\u200bAltas:<\/b>Daniel Rivera, Guillermo Paiva, Jes\u00fas D\u00edaz, Jos\u00e9 Caicedo, Miller Bacca, Jordan Barrera, Jhonier Guerrero, D\u00e9iber Caicedo, Miguel Ag\u00e1mez, Javier B\u00e1ez<\/span><\/p>\n<p><span style=\"font-family: helvetica, arial, sans-serif;\"><strong>Bajas:<\/strong> Yairo Moreno, Roberto Hinojosa, V\u00edctor Cantillo, Emmanuel Olivera y Nicol\u00e1s Zalazar.<\/span><\/p>\n<p style=\"text-align: justify;\"><span style=\"font-family: helvetica, arial, sans-serif;\"><b>Bucaramanga<\/b><\/span><\/p>\n<p style=\"text-align: justify;\"><span style=\"font-family: helvetica, arial, sans-serif;\"><b>Altas: <\/b><span style=\"font-weight: 400;\">Gustavo Florent\u00edn (DT), Andr\u00e9s Andrade, Jhon V\u00e1squez, Alejandro Moralez, Diego Ch\u00e1vez, Jean Carlos Blanco, Sherm\u00e1n C\u00e1rdenas, Jos\u00e9 Garc\u00eda y Kevin Londo\u00f1o.<\/span><\/span><\/p>\n<p style=\"text-align: justify;\"><span style=\"font-family: helvetica, arial, sans-serif;\"><b>Bajas:<\/b>Rafael Dudamel (DT), Kevin Cuesta, Michael Rangel, Jean Colorado, Est\u00e9fano Arango, Enrique Camargo, Ricardo M\u00e1rquez y Joider Micolta.<\/span><\/p>\n<p style=\"text-align: justify;\"><span style=\"font-family: helvetica, arial, sans-serif;\"><b>Bajas:<\/b><\/span><\/p>\n<p style=\"text-align: justify;\"><span style=\"font-family: helvetica, arial, sans-serif;\"><b>\u00c1guilas Doradas<\/b><\/span><\/p>\n<p style=\"text-align: justify;\"><span style=\"font-family: helvetica, arial, sans-serif;\"><b>\u200bAltas: <\/b><span style=\"font-weight: 400;\">Pedro Depablos (DT), Wilson Morelo, Andr\u00e9s Felipe Aguilar, Juan Jos\u00e9 Aguilar<\/span><\/span><\/p>\n<p style=\"text-align: justify;\"><span style=\"font-family: helvetica, arial, sans-serif;\"><b>Bajas:<\/b> Juan Pablo Buch (DT) y V\u00edctor Moreno.<\/span><\/p>\n<p style=\"text-align: justify;\"><span style=\"font-family: helvetica, arial, sans-serif;\"><b>Alianza FC<\/b><\/span><\/p>\n<p style=\"text-align: justify;\"><span style=\"font-family: helvetica, arial, sans-serif;\"><b>Altas:<\/b>Jos\u00e9 Carlos Mu\u00f1oz, Johan Wallens, Juan Camila Chaverra, Kalaz\u00e1n Su\u00e1rez, Luis P\u00e9rez y Yilson Rojas.<\/span><\/p>\n<p style=\"text-align: justify;\"><span style=\"font-family: helvetica, arial, sans-serif;\"><b>Bajas:<\/b>Santiago Or\u00f3zco, Emerson Batalla, Isaac Camargo, Carlos Mosquera, Cristian Blanco, Cristhian Hurtado, John P\u00e9rez y Kevin Torres.<\/span><\/p>\n<p style=\"text-align: justify;\"><span style=\"font-family: helvetica, arial, sans-serif;\"><b>Boyac\u00e1 Chic\u00f3<\/b><\/span><\/p>\n<p style=\"text-align: justify;\"><span style=\"font-family: helvetica, arial, sans-serif;\"><b>Altas:<\/b>Wilmar Arango, Elian Peralta, Yael L\u00f3pez, Jorge Molina, Arlen Banguero y Kevin Riascos.<\/span><\/p>\n<p style=\"text-align: justify;\"><span style=\"font-family: helvetica, arial, sans-serif;\"><b>Bajas: <\/b>Wilmar Cruz.<\/span><\/p>\n<p style=\"text-align: justify;\"><span style=\"font-family: helvetica, arial, sans-serif;\"><b>Deportivo Cali<\/b><\/span><\/p>\n<p style=\"text-align: justify;\"><span style=\"font-family: helvetica, arial, sans-serif;\"><b>Altas: <\/b><span style=\"font-weight: 400;\">Alfredo Arias (D.T.), Jean Colorado, V\u00edctor Mej\u00eda, Cristian Graciano, Juan Sebasti\u00e1n Quintero, Guzm\u00e1n Corujo y Yeison Gordillo.<\/span><\/span><\/p>\n<p style=\"text-align: justify;\"><span style=\"font-family: helvetica, arial, sans-serif;\"><b>Bajas: <\/b>Humberto Acevedo, Alexander Mej\u00eda, Fabi\u00e1n Castillo, Jonathan Marulanda, Brayan Monta\u00f1o, Jimmy Medranda, Fabi\u00e1n \u00c1ngel, Juan Manuel Valencia, Andr\u00e9s Andrade, Anderson Plata y Fredy Montero.<\/span><\/p>\n<p style=\"text-align: justify;\"><span style=\"font-family: helvetica, arial, sans-serif;\"><b>Once Caldas<\/b><\/span><\/p>\n<p style=\"text-align: justify;\"><span style=\"font-family: helvetica, arial, sans-serif;\"><b>\u200bAltas:<\/b>Hugo Dorrego, Mateo Rodas, Joan Felipe Parra, Juan Felipe Casta\u00f1o, Jerson Malag\u00f3n, Mateo Zuleta y Juan Carlos D\u00edaz.<\/span><\/p>\n<p style=\"text-align: justify;\"><span style=\"font-family: helvetica, arial, sans-serif;\"><b>Bajas:<\/b>Yonatan Murillo, Ezequiel Mastrol\u00eda, Daniel Guzm\u00e1n, Roger Torres y Jes\u00fas Hern\u00e1ndez.<\/span><\/p>\n<p style=\"text-align: justify;\"><span style=\"font-family: helvetica, arial, sans-serif;\"><b>Pasto<\/b><\/span><\/p>\n<p style=\"text-align: justify;\"><span style=\"font-family: helvetica, arial, sans-serif;\"><b>Altas: <\/b>Camilo Ayala (DT) y Edwin Velasco.<\/span><\/p>\n<p style=\"text-align: justify;\"><span style=\"font-family: helvetica, arial, sans-serif;\"><b>Bajas<\/b>: Gustavo Florent\u00edn (DT), Kevin Londo\u00f1o, Diego Chavez, Daniel Moreno y V\u00edctor Mej\u00eda.<\/span><\/p>\n<p style=\"text-align: justify;\"><span style=\"font-family: helvetica, arial, sans-serif;\"><b>Pereira<\/b><\/span><\/p>\n<p style=\"text-align: justify;\"><span style=\"font-family: helvetica, arial, sans-serif;\"><b>\u200bAltas: <\/b>Gianfranco Pe\u00f1a<\/span><\/p>\n<p style=\"text-align: justify;\"><span style=\"font-family: helvetica, arial, sans-serif;\"><b>Bajas:<\/b> Alejandro Piedrahita, Jean Pesta\u00f1a y Jhonny V\u00e1squez.<\/span><\/p>\n<p style=\"text-align: justify;\"><span style=\"font-family: helvetica, arial, sans-serif;\"><b>Envigado<\/b><\/span><\/p>\n<p style=\"text-align: justify;\"><span style=\"font-family: helvetica, arial, sans-serif;\"><b>Altas:<\/b><\/span><\/p>\n<p style=\"text-align: justify;\"><span style=\"font-family: helvetica, arial, sans-serif;\"><b>Bajas: <\/b><span style=\"font-weight: 400;\">Joan Felipe Parra<\/span><\/span><\/p>\n<p style=\"text-align: justify;\"><span style=\"font-family: helvetica, arial, sans-serif;\"><b>Fortaleza\u00a0<\/b><\/span><\/p>\n<p style=\"text-align: justify;\"><span style=\"font-family: helvetica, arial, sans-serif;\"><b>Altas:<\/b> Edilson Cabeza (ecuatoriano), Stalin Valencia (ecuatoriano), Jhon Balanta, Cristian Mosquera, Santiago Cuero, Luis S\u00e1nchez, Andr\u00e9s Ricaurte, David Camacho, Elvin Flores, Carlos Lucum\u00ed y Emilio Aristiz\u00e1bal.<\/span><\/p>\n<p style=\"text-align: justify;\"><span style=\"font-family: helvetica, arial, sans-serif;\"><b>Bajas: <\/b>Daniel Rivera, Sebasti\u00e1n Navarro y Hayen Palacios.<\/span><\/p>\n<p style=\"text-align: justify;\"><span style=\"font-family: helvetica, arial, sans-serif;\"><b>La Equidad<\/b><\/span><\/p>\n<p style=\"text-align: justify;\"><span style=\"font-family: helvetica, arial, sans-serif;\"><b>Altas: <\/b>Santiago Orozco, Cristopher Varela, Sebasti\u00e1n T\u00e1mara y Wilmar Cruz.<\/span><\/p>\n<p style=\"text-align: justify;\"><span style=\"font-family: helvetica, arial, sans-serif;\"><b>Bajas:<\/b>Juan Esteban Carvajal, Washington Ortega, Kevin Salazar, Jos\u00e9 Lloreda, Juan Ceballos, Diego Castillo, Jaison Mina, Brayan Fern\u00e1ndez, L\u00e9iner Escalante, Diego P\u00e1ez, Juli\u00e1n Huertas, J\u00f3iner Moreno, Mart\u00edn Payares.<\/span><\/p>\n<p style=\"text-align: justify;\"><span style=\"font-family: helvetica, arial, sans-serif;\"><b>Llaneros<\/b><\/span><\/p>\n<p style=\"text-align: justify;\"><span style=\"font-family: helvetica, arial, sans-serif;\"><b>\u200bAltas:<\/b>Jaime De La Pava (DT), Jhonatan Mayorga, \u00d3scar Vega, Freedy Espinal, Michael Rangel, Humberto Acevedo, Carlos Sierra, Kener Valencia, Jaison Mina, Dannovi Qui\u00f1ones, Juan Jos\u00e9 V\u00e1squez, Jos\u00e9 Bernal, Santiago Cantillo, Roberto Hinojosa<\/span><\/p>\n<p style=\"text-align: justify;\"><span style=\"font-family: helvetica, arial, sans-serif;\"><b>Bajas:<\/b><span style=\"font-weight: 400;\"> Pedro Depablos (DT), Duban Ayala, Federico Arbel\u00e1ez, Marlon Tunjano, Emanuel Zagert, Juli\u00e1n Quintero, Andr\u00e9s Cadavid, Arled Cadavid, Miller Mosquera, Juan Fernando Caicedo, Juan Villamayor, Agust\u00edn Verdugo y Luis Juim\u00e9nez.<\/span><\/span><\/p>\n<p style=\"text-align: justify;\"><span style=\"font-family: helvetica, arial, sans-serif;\"><b>Uni\u00f3n Magdalena<\/b><\/span><\/p>\n<p style=\"text-align: justify;\"><span style=\"font-family: helvetica, arial, sans-serif;\"><b>\u200bAltas: <\/b>Mart\u00edn Payares, Eduard Esteban, Darwin Palomeque, \u00d3scar Barreto y Ricardo M\u00e1rquez<b>.<\/b><\/span><\/p>\n<p style=\"text-align: justify;\"><span style=\"font-family: helvetica, arial, sans-serif;\"><b>Bajas: <\/b><span style=\"font-weight: 400;\">Andr\u00e9s Felipe Correa, Johan Wallens, Juan Ocampo, Jaime Giraldo<\/span><\/span><\/p>\n","protected":false},"excerpt":{"rendered":"<p>Con Atl\u00e9tico Nacional campe\u00f3n de la Liga BetPlay 2024-2 ya los equipos dieron vuelta de hoja para la pr\u00f3xima temporada. Los movimientos en el mercado de pases ya se comenzaron a dar y en F\u00fatbol Hoy hacemos un repaso uno a uno de lo que va sucediendo en cada club. Atl\u00e9tico Nacional \u200bAltas: Andr\u00e9s Salazar, [&hellip;]<\/p>\n","protected":false},"author":4,"featured_media":115473,"comment_status":"open","ping_status":"open","sticky":false,"template":"","format":"standard","meta":{"_acf_changed":false,"footnotes":""},"categories":[7],"tags":[],"class_list":{"0":"post-115016","1":"post","2":"type-post","3":"status-publish","4":"format-standard","5":"has-post-thumbnail","7":"category-liga-betplay"},"acf":[],"yoast_head":"<!-- This site is optimized with the Yoast SEO plugin v26.8 - https:\/\/yoast.com\/product\/yoast-seo-wordpress\/ -->\n<title>Matheus Uribe regresa a Nacional: Mercado de fichajes de la Liga 2025 -<\/title>\n<meta name=\"robots\" content=\"index, follow, max-snippet:-1, max-image-preview:large, max-video-preview:-1\" \/>\n<link rel=\"canonical\" href=\"https:\/\/futbolhoy.co\/index.php\/2025\/01\/02\/mercado-de-fichajes-liga-betplay-altas-y-bajas-de-los-clubes-en-2025\/\" \/>\n<meta property=\"og:locale\" content=\"es_ES\" \/>\n<meta property=\"og:type\" content=\"article\" \/>\n<meta property=\"og:title\" content=\"Matheus Uribe regresa a Nacional: Mercado de fichajes de la Liga 2025 -\" \/>\n<meta property=\"og:description\" content=\"Con Atl\u00e9tico Nacional campe\u00f3n de la Liga BetPlay 2024-2 ya los equipos dieron vuelta de hoja para la pr\u00f3xima temporada. Los movimientos en el mercado de pases ya se comenzaron a dar y en F\u00fatbol Hoy hacemos un repaso uno a uno de lo que va sucediendo en cada club. Atl\u00e9tico Nacional \u200bAltas: Andr\u00e9s Salazar, [&hellip;]\" \/>\n<meta property=\"og:url\" content=\"https:\/\/futbolhoy.co\/index.php\/2025\/01\/02\/mercado-de-fichajes-liga-betplay-altas-y-bajas-de-los-clubes-en-2025\/\" \/>\n<meta property=\"article:publisher\" content=\"https:\/\/www.facebook.com\/FutbolHoyCol\/\" \/>\n<meta property=\"article:published_time\" content=\"2025-01-03T00:38:49+00:00\" \/>\n<meta property=\"article:modified_time\" content=\"2025-01-25T17:39:47+00:00\" \/>\n<meta property=\"og:image\" content=\"https:\/\/futbolhoy.co\/wp-content\/uploads\/2025\/01\/GhW0lGAWwAA-I1L.jpeg\" \/>\n\t<meta property=\"og:image:width\" content=\"638\" \/>\n\t<meta property=\"og:image:height\" content=\"384\" \/>\n\t<meta property=\"og:image:type\" content=\"image\/jpeg\" \/>\n<meta name=\"author\" content=\"contenido\" \/>\n<meta name=\"twitter:card\" content=\"summary_large_image\" \/>\n<meta name=\"twitter:creator\" content=\"@FutbolHoyCol\" \/>\n<meta name=\"twitter:site\" content=\"@FutbolHoyCol\" \/>\n<meta name=\"twitter:label1\" content=\"Escrito por\" \/>\n\t<meta name=\"twitter:data1\" content=\"contenido\" \/>\n\t<meta name=\"twitter:label2\" content=\"Tiempo de lectura\" \/>\n\t<meta name=\"twitter:data2\" content=\"4 minutos\" \/>\n<script type=\"application\/ld+json\" class=\"yoast-schema-graph\">{\"@context\":\"https:\/\/schema.org\",\"@graph\":[{\"@type\":\"Article\",\"@id\":\"https:\/\/futbolhoy.co\/index.php\/2025\/01\/02\/mercado-de-fichajes-liga-betplay-altas-y-bajas-de-los-clubes-en-2025\/#article\",\"isPartOf\":{\"@id\":\"https:\/\/futbolhoy.co\/index.php\/2025\/01\/02\/mercado-de-fichajes-liga-betplay-altas-y-bajas-de-los-clubes-en-2025\/\"},\"author\":{\"name\":\"contenido\",\"@id\":\"https:\/\/futbolhoy.co\/#\/schema\/person\/1721b69355b6623eaff15ac7b92d4cc3\"},\"headline\":\"Matheus Uribe regresa a Nacional: Mercado de fichajes de la Liga 2025\",\"datePublished\":\"2025-01-03T00:38:49+00:00\",\"dateModified\":\"2025-01-25T17:39:47+00:00\",\"mainEntityOfPage\":{\"@id\":\"https:\/\/futbolhoy.co\/index.php\/2025\/01\/02\/mercado-de-fichajes-liga-betplay-altas-y-bajas-de-los-clubes-en-2025\/\"},\"wordCount\":791,\"commentCount\":0,\"publisher\":{\"@id\":\"https:\/\/futbolhoy.co\/#organization\"},\"image\":{\"@id\":\"https:\/\/futbolhoy.co\/index.php\/2025\/01\/02\/mercado-de-fichajes-liga-betplay-altas-y-bajas-de-los-clubes-en-2025\/#primaryimage\"},\"thumbnailUrl\":\"https:\/\/futbolhoy.co\/wp-content\/uploads\/2025\/01\/GhW0lGAWwAA-I1L.jpeg\",\"articleSection\":[\"Liga BetPlay\"],\"inLanguage\":\"es\",\"potentialAction\":[{\"@type\":\"CommentAction\",\"name\":\"Comment\",\"target\":[\"https:\/\/futbolhoy.co\/index.php\/2025\/01\/02\/mercado-de-fichajes-liga-betplay-altas-y-bajas-de-los-clubes-en-2025\/#respond\"]}]},{\"@type\":\"WebPage\",\"@id\":\"https:\/\/futbolhoy.co\/index.php\/2025\/01\/02\/mercado-de-fichajes-liga-betplay-altas-y-bajas-de-los-clubes-en-2025\/\",\"url\":\"https:\/\/futbolhoy.co\/index.php\/2025\/01\/02\/mercado-de-fichajes-liga-betplay-altas-y-bajas-de-los-clubes-en-2025\/\",\"name\":\"Matheus Uribe regresa a Nacional: Mercado de fichajes de la Liga 2025 -\",\"isPartOf\":{\"@id\":\"https:\/\/futbolhoy.co\/#website\"},\"primaryImageOfPage\":{\"@id\":\"https:\/\/futbolhoy.co\/index.php\/2025\/01\/02\/mercado-de-fichajes-liga-betplay-altas-y-bajas-de-los-clubes-en-2025\/#primaryimage\"},\"image\":{\"@id\":\"https:\/\/futbolhoy.co\/index.php\/2025\/01\/02\/mercado-de-fichajes-liga-betplay-altas-y-bajas-de-los-clubes-en-2025\/#primaryimage\"},\"thumbnailUrl\":\"https:\/\/futbolhoy.co\/wp-content\/uploads\/2025\/01\/GhW0lGAWwAA-I1L.jpeg\",\"datePublished\":\"2025-01-03T00:38:49+00:00\",\"dateModified\":\"2025-01-25T17:39:47+00:00\",\"breadcrumb\":{\"@id\":\"https:\/\/futbolhoy.co\/index.php\/2025\/01\/02\/mercado-de-fichajes-liga-betplay-altas-y-bajas-de-los-clubes-en-2025\/#breadcrumb\"},\"inLanguage\":\"es\",\"potentialAction\":[{\"@type\":\"ReadAction\",\"target\":[\"https:\/\/futbolhoy.co\/index.php\/2025\/01\/02\/mercado-de-fichajes-liga-betplay-altas-y-bajas-de-los-clubes-en-2025\/\"]}]},{\"@type\":\"ImageObject\",\"inLanguage\":\"es\",\"@id\":\"https:\/\/futbolhoy.co\/index.php\/2025\/01\/02\/mercado-de-fichajes-liga-betplay-altas-y-bajas-de-los-clubes-en-2025\/#primaryimage\",\"url\":\"https:\/\/futbolhoy.co\/wp-content\/uploads\/2025\/01\/GhW0lGAWwAA-I1L.jpeg\",\"contentUrl\":\"https:\/\/futbolhoy.co\/wp-content\/uploads\/2025\/01\/GhW0lGAWwAA-I1L.jpeg\",\"width\":638,\"height\":384},{\"@type\":\"BreadcrumbList\",\"@id\":\"https:\/\/futbolhoy.co\/index.php\/2025\/01\/02\/mercado-de-fichajes-liga-betplay-altas-y-bajas-de-los-clubes-en-2025\/#breadcrumb\",\"itemListElement\":[{\"@type\":\"ListItem\",\"position\":1,\"name\":\"Portada\",\"item\":\"https:\/\/futbolhoy.co\/\"},{\"@type\":\"ListItem\",\"position\":2,\"name\":\"Matheus Uribe regresa a Nacional: Mercado de fichajes de la Liga 2025\"}]},{\"@type\":\"WebSite\",\"@id\":\"https:\/\/futbolhoy.co\/#website\",\"url\":\"https:\/\/futbolhoy.co\/\",\"name\":\"FutbolHoy\",\"description\":\"\",\"publisher\":{\"@id\":\"https:\/\/futbolhoy.co\/#organization\"},\"potentialAction\":[{\"@type\":\"SearchAction\",\"target\":{\"@type\":\"EntryPoint\",\"urlTemplate\":\"https:\/\/futbolhoy.co\/?s={search_term_string}\"},\"query-input\":{\"@type\":\"PropertyValueSpecification\",\"valueRequired\":true,\"valueName\":\"search_term_string\"}}],\"inLanguage\":\"es\"},{\"@type\":\"Organization\",\"@id\":\"https:\/\/futbolhoy.co\/#organization\",\"name\":\"Futbolhoy.co\",\"url\":\"https:\/\/futbolhoy.co\/\",\"logo\":{\"@type\":\"ImageObject\",\"inLanguage\":\"es\",\"@id\":\"https:\/\/futbolhoy.co\/#\/schema\/logo\/image\/\",\"url\":\"https:\/\/futbolhoy.co\/wp-content\/uploads\/2018\/08\/17426380_1906371736249227_6326180412931521141_n.jpg\",\"contentUrl\":\"https:\/\/futbolhoy.co\/wp-content\/uploads\/2018\/08\/17426380_1906371736249227_6326180412931521141_n.jpg\",\"width\":960,\"height\":960,\"caption\":\"Futbolhoy.co\"},\"image\":{\"@id\":\"https:\/\/futbolhoy.co\/#\/schema\/logo\/image\/\"},\"sameAs\":[\"https:\/\/www.facebook.com\/FutbolHoyCol\/\",\"https:\/\/x.com\/FutbolHoyCol\",\"https:\/\/www.instagram.com\/futbolhoycol\/\"]},{\"@type\":\"Person\",\"@id\":\"https:\/\/futbolhoy.co\/#\/schema\/person\/1721b69355b6623eaff15ac7b92d4cc3\",\"name\":\"contenido\",\"image\":{\"@type\":\"ImageObject\",\"inLanguage\":\"es\",\"@id\":\"https:\/\/futbolhoy.co\/#\/schema\/person\/image\/\",\"url\":\"https:\/\/secure.gravatar.com\/avatar\/4f656d3256f5134f466206e7c3941518?s=96&d=mm&r=g\",\"contentUrl\":\"https:\/\/secure.gravatar.com\/avatar\/4f656d3256f5134f466206e7c3941518?s=96&d=mm&r=g\",\"caption\":\"contenido\"}}]}<\/script>\n<!-- \/ Yoast SEO plugin. -->","yoast_head_json":{"title":"Matheus Uribe regresa a Nacional: Mercado de fichajes de la Liga 2025 -","robots":{"index":"index","follow":"follow","max-snippet":"max-snippet:-1","max-image-preview":"max-image-preview:large","max-video-preview":"max-video-preview:-1"},"canonical":"https:\/\/futbolhoy.co\/index.php\/2025\/01\/02\/mercado-de-fichajes-liga-betplay-altas-y-bajas-de-los-clubes-en-2025\/","og_locale":"es_ES","og_type":"article","og_title":"Matheus Uribe regresa a Nacional: Mercado de fichajes de la Liga 2025 -","og_description":"Con Atl\u00e9tico Nacional campe\u00f3n de la Liga BetPlay 2024-2 ya los equipos dieron vuelta de hoja para la pr\u00f3xima temporada. Los movimientos en el mercado de pases ya se comenzaron a dar y en F\u00fatbol Hoy hacemos un repaso uno a uno de lo que va sucediendo en cada club. Atl\u00e9tico Nacional \u200bAltas: Andr\u00e9s Salazar, [&hellip;]","og_url":"https:\/\/futbolhoy.co\/index.php\/2025\/01\/02\/mercado-de-fichajes-liga-betplay-altas-y-bajas-de-los-clubes-en-2025\/","article_publisher":"https:\/\/www.facebook.com\/FutbolHoyCol\/","article_published_time":"2025-01-03T00:38:49+00:00","article_modified_time":"2025-01-25T17:39:47+00:00","og_image":[{"width":638,"height":384,"url":"https:\/\/futbolhoy.co\/wp-content\/uploads\/2025\/01\/GhW0lGAWwAA-I1L.jpeg","type":"image\/jpeg"}],"author":"contenido","twitter_card":"summary_large_image","twitter_creator":"@FutbolHoyCol","twitter_site":"@FutbolHoyCol","twitter_misc":{"Escrito por":"contenido","Tiempo de lectura":"4 minutos"},"schema":{"@context":"https:\/\/schema.org","@graph":[{"@type":"Article","@id":"https:\/\/futbolhoy.co\/index.php\/2025\/01\/02\/mercado-de-fichajes-liga-betplay-altas-y-bajas-de-los-clubes-en-2025\/#article","isPartOf":{"@id":"https:\/\/futbolhoy.co\/index.php\/2025\/01\/02\/mercado-de-fichajes-liga-betplay-altas-y-bajas-de-los-clubes-en-2025\/"},"author":{"name":"contenido","@id":"https:\/\/futbolhoy.co\/#\/schema\/person\/1721b69355b6623eaff15ac7b92d4cc3"},"headline":"Matheus Uribe regresa a Nacional: Mercado de fichajes de la Liga 2025","datePublished":"2025-01-03T00:38:49+00:00","dateModified":"2025-01-25T17:39:47+00:00","mainEntityOfPage":{"@id":"https:\/\/futbolhoy.co\/index.php\/2025\/01\/02\/mercado-de-fichajes-liga-betplay-altas-y-bajas-de-los-clubes-en-2025\/"},"wordCount":791,"commentCount":0,"publisher":{"@id":"https:\/\/futbolhoy.co\/#organization"},"image":{"@id":"https:\/\/futbolhoy.co\/index.php\/2025\/01\/02\/mercado-de-fichajes-liga-betplay-altas-y-bajas-de-los-clubes-en-2025\/#primaryimage"},"thumbnailUrl":"https:\/\/futbolhoy.co\/wp-content\/uploads\/2025\/01\/GhW0lGAWwAA-I1L.jpeg","articleSection":["Liga BetPlay"],"inLanguage":"es","potentialAction":[{"@type":"CommentAction","name":"Comment","target":["https:\/\/futbolhoy.co\/index.php\/2025\/01\/02\/mercado-de-fichajes-liga-betplay-altas-y-bajas-de-los-clubes-en-2025\/#respond"]}]},{"@type":"WebPage","@id":"https:\/\/futbolhoy.co\/index.php\/2025\/01\/02\/mercado-de-fichajes-liga-betplay-altas-y-bajas-de-los-clubes-en-2025\/","url":"https:\/\/futbolhoy.co\/index.php\/2025\/01\/02\/mercado-de-fichajes-liga-betplay-altas-y-bajas-de-los-clubes-en-2025\/","name":"Matheus Uribe regresa a Nacional: Mercado de fichajes de la Liga 2025 -","isPartOf":{"@id":"https:\/\/futbolhoy.co\/#website"},"primaryImageOfPage":{"@id":"https:\/\/futbolhoy.co\/index.php\/2025\/01\/02\/mercado-de-fichajes-liga-betplay-altas-y-bajas-de-los-clubes-en-2025\/#primaryimage"},"image":{"@id":"https:\/\/futbolhoy.co\/index.php\/2025\/01\/02\/mercado-de-fichajes-liga-betplay-altas-y-bajas-de-los-clubes-en-2025\/#primaryimage"},"thumbnailUrl":"https:\/\/futbolhoy.co\/wp-content\/uploads\/2025\/01\/GhW0lGAWwAA-I1L.jpeg","datePublished":"2025-01-03T00:38:49+00:00","dateModified":"2025-01-25T17:39:47+00:00","breadcrumb":{"@id":"https:\/\/futbolhoy.co\/index.php\/2025\/01\/02\/mercado-de-fichajes-liga-betplay-altas-y-bajas-de-los-clubes-en-2025\/#breadcrumb"},"inLanguage":"es","potentialAction":[{"@type":"ReadAction","target":["https:\/\/futbolhoy.co\/index.php\/2025\/01\/02\/mercado-de-fichajes-liga-betplay-altas-y-bajas-de-los-clubes-en-2025\/"]}]},{"@type":"ImageObject","inLanguage":"es","@id":"https:\/\/futbolhoy.co\/index.php\/2025\/01\/02\/mercado-de-fichajes-liga-betplay-altas-y-bajas-de-los-clubes-en-2025\/#primaryimage","url":"https:\/\/futbolhoy.co\/wp-content\/uploads\/2025\/01\/GhW0lGAWwAA-I1L.jpeg","contentUrl":"https:\/\/futbolhoy.co\/wp-content\/uploads\/2025\/01\/GhW0lGAWwAA-I1L.jpeg","width":638,"height":384},{"@type":"BreadcrumbList","@id":"https:\/\/futbolhoy.co\/index.php\/2025\/01\/02\/mercado-de-fichajes-liga-betplay-altas-y-bajas-de-los-clubes-en-2025\/#breadcrumb","itemListElement":[{"@type":"ListItem","position":1,"name":"Portada","item":"https:\/\/futbolhoy.co\/"},{"@type":"ListItem","position":2,"name":"Matheus Uribe regresa a Nacional: Mercado de fichajes de la Liga 2025"}]},{"@type":"WebSite","@id":"https:\/\/futbolhoy.co\/#website","url":"https:\/\/futbolhoy.co\/","name":"FutbolHoy","description":"","publisher":{"@id":"https:\/\/futbolhoy.co\/#organization"},"potentialAction":[{"@type":"SearchAction","target":{"@type":"EntryPoint","urlTemplate":"https:\/\/futbolhoy.co\/?s={search_term_string}"},"query-input":{"@type":"PropertyValueSpecification","valueRequired":true,"valueName":"search_term_string"}}],"inLanguage":"es"},{"@type":"Organization","@id":"https:\/\/futbolhoy.co\/#organization","name":"Futbolhoy.co","url":"https:\/\/futbolhoy.co\/","logo":{"@type":"ImageObject","inLanguage":"es","@id":"https:\/\/futbolhoy.co\/#\/schema\/logo\/image\/","url":"https:\/\/futbolhoy.co\/wp-content\/uploads\/2018\/08\/17426380_1906371736249227_6326180412931521141_n.jpg","contentUrl":"https:\/\/futbolhoy.co\/wp-content\/uploads\/2018\/08\/17426380_1906371736249227_6326180412931521141_n.jpg","width":960,"height":960,"caption":"Futbolhoy.co"},"image":{"@id":"https:\/\/futbolhoy.co\/#\/schema\/logo\/image\/"},"sameAs":["https:\/\/www.facebook.com\/FutbolHoyCol\/","https:\/\/x.com\/FutbolHoyCol","https:\/\/www.instagram.com\/futbolhoycol\/"]},{"@type":"Person","@id":"https:\/\/futbolhoy.co\/#\/schema\/person\/1721b69355b6623eaff15ac7b92d4cc3","name":"contenido","image":{"@type":"ImageObject","inLanguage":"es","@id":"https:\/\/futbolhoy.co\/#\/schema\/person\/image\/","url":"https:\/\/secure.gravatar.com\/avatar\/4f656d3256f5134f466206e7c3941518?s=96&d=mm&r=g","contentUrl":"https:\/\/secure.gravatar.com\/avatar\/4f656d3256f5134f466206e7c3941518?s=96&d=mm&r=g","caption":"contenido"}}]}},"publishpress_future_action":{"enabled":false,"date":"2026-05-05 21:26:31","action":"change-status","newStatus":"draft","terms":[],"taxonomy":"category","extraData":[]},"publishpress_future_workflow_manual_trigger":{"enabledWorkflows":[]},"_links":{"self":[{"href":"https:\/\/futbolhoy.co\/index.php\/wp-json\/wp\/v2\/posts\/115016","targetHints":{"allow":["GET"]}}],"collection":[{"href":"https:\/\/futbolhoy.co\/index.php\/wp-json\/wp\/v2\/posts"}],"about":[{"href":"https:\/\/futbolhoy.co\/index.php\/wp-json\/wp\/v2\/types\/post"}],"author":[{"embeddable":true,"href":"https:\/\/futbolhoy.co\/index.php\/wp-json\/wp\/v2\/users\/4"}],"replies":[{"embeddable":true,"href":"https:\/\/futbolhoy.co\/index.php\/wp-json\/wp\/v2\/comments?post=115016"}],"version-history":[{"count":57,"href":"https:\/\/futbolhoy.co\/index.php\/wp-json\/wp\/v2\/posts\/115016\/revisions"}],"predecessor-version":[{"id":115582,"href":"https:\/\/futbolhoy.co\/index.php\/wp-json\/wp\/v2\/posts\/115016\/revisions\/115582"}],"wp:featuredmedia":[{"embeddable":true,"href":"https:\/\/futbolhoy.co\/index.php\/wp-json\/wp\/v2\/media\/115473"}],"wp:attachment":[{"href":"https:\/\/futbolhoy.co\/index.php\/wp-json\/wp\/v2\/media?parent=115016"}],"wp:term":[{"taxonomy":"category","embeddable":true,"href":"https:\/\/futbolhoy.co\/index.php\/wp-json\/wp\/v2\/categories?post=115016"},{"taxonomy":"post_tag","embeddable":true,"href":"https:\/\/futbolhoy.co\/index.php\/wp-json\/wp\/v2\/tags?post=115016"}],"curies":[{"name":"wp","href":"https:\/\/api.w.org\/{rel}","templated":true}]}}