{"id":115025,"date":"2025-01-03T08:55:49","date_gmt":"2025-01-03T13:55:49","guid":{"rendered":"https:\/\/futbolhoy.co\/?p=115025"},"modified":"2025-01-04T11:49:19","modified_gmt":"2025-01-04T16:49:19","slug":"flick-confia-en-que-dani-olmo-y-pau-victor-puedan-volver","status":"publish","type":"post","link":"https:\/\/futbolhoy.co\/index.php\/2025\/01\/03\/flick-confia-en-que-dani-olmo-y-pau-victor-puedan-volver\/","title":{"rendered":"Flick conf\u00eda en que Dani Olmo y Pau V\u00edctor puedan volver"},"content":{"rendered":"<p style=\"text-align: justify;\"><span style=\"font-family: helvetica, arial, sans-serif;\"><b>El t\u00e9cnico del Barcelona, Hansi Flick<\/b>, dijo este viernes que conf\u00eda en que Dani Olmo y Pau V\u00edctor puedan volver a ser inscritos en LaLiga en las pr\u00f3ximas horas, en medio del problema que est\u00e1 sufriendo el club con la RFEF.\u00a0<\/span><\/p>\n<p style=\"text-align: justify;\"><span style=\"font-family: helvetica, arial, sans-serif;\">\"Tenemos confianza, pero hay que esperar. <b>Yo siempre soy positivo<\/b>\", dijo el DT en la previa del debut en la Copa del Rey ante el Barbastro.<\/span><\/p>\n<p style=\"text-align: justify;\"><span style=\"font-family: helvetica, arial, sans-serif;\">\"No quiero hablar demasiado de esto, porque cada uno hace su trabajo y el m\u00edo es preparar al equipo para el pr\u00f3ximo partido. Para ser honesto, la situaci\u00f3n no es algo que me agrade y a los jugadores tampoco, pero somos profesionales\", dijo Flick, al tiempo que confirm\u00f3 que tanto Olmo como V\u00edctor \"<b>son optimistas y quieren jugar en este club y para este club\".<\/b><\/span><\/p>\n<p style=\"text-align: justify;\"><span style=\"font-family: helvetica, arial, sans-serif;\"><b>Ambos jugadores hicieron parte del entrenamiento este viernes<\/b>, a la espera de lo que pasar\u00e1 con su inscripci\u00f3n para disputar LaLiga.\u00a0<\/span><\/p>\n","protected":false},"excerpt":{"rendered":"<p>El t\u00e9cnico del Barcelona, Hansi Flick, dijo este viernes que conf\u00eda en que Dani Olmo y Pau V\u00edctor puedan volver a ser inscritos en LaLiga en las pr\u00f3ximas horas, en medio del problema que est\u00e1 sufriendo el club con la RFEF.\u00a0 \"Tenemos confianza, pero hay que esperar. Yo siempre soy positivo\", dijo el DT en [&hellip;]<\/p>\n","protected":false},"author":4,"featured_media":115026,"comment_status":"open","ping_status":"open","sticky":false,"template":"","format":"standard","meta":{"_acf_changed":false,"footnotes":""},"categories":[152],"tags":[],"class_list":{"0":"post-115025","1":"post","2":"type-post","3":"status-publish","4":"format-standard","5":"has-post-thumbnail","7":"category-mundo-futbol"},"acf":[],"yoast_head":"<!-- This site is optimized with the Yoast SEO plugin v26.8 - https:\/\/yoast.com\/product\/yoast-seo-wordpress\/ -->\n<title>Flick conf\u00eda en que Dani Olmo y Pau V\u00edctor puedan volver -<\/title>\n<meta name=\"robots\" content=\"index, follow, max-snippet:-1, max-image-preview:large, max-video-preview:-1\" \/>\n<link rel=\"canonical\" href=\"https:\/\/futbolhoy.co\/index.php\/2025\/01\/03\/flick-confia-en-que-dani-olmo-y-pau-victor-puedan-volver\/\" \/>\n<meta property=\"og:locale\" content=\"es_ES\" \/>\n<meta property=\"og:type\" content=\"article\" \/>\n<meta property=\"og:title\" content=\"Flick conf\u00eda en que Dani Olmo y Pau V\u00edctor puedan volver -\" \/>\n<meta property=\"og:description\" content=\"El t\u00e9cnico del Barcelona, Hansi Flick, dijo este viernes que conf\u00eda en que Dani Olmo y Pau V\u00edctor puedan volver a ser inscritos en LaLiga en las pr\u00f3ximas horas, en medio del problema que est\u00e1 sufriendo el club con la RFEF.\u00a0 &quot;Tenemos confianza, pero hay que esperar. Yo siempre soy positivo&quot;, dijo el DT en [&hellip;]\" \/>\n<meta property=\"og:url\" content=\"https:\/\/futbolhoy.co\/index.php\/2025\/01\/03\/flick-confia-en-que-dani-olmo-y-pau-victor-puedan-volver\/\" \/>\n<meta property=\"article:publisher\" content=\"https:\/\/www.facebook.com\/FutbolHoyCol\/\" \/>\n<meta property=\"article:published_time\" content=\"2025-01-03T13:55:49+00:00\" \/>\n<meta property=\"article:modified_time\" content=\"2025-01-04T16:49:19+00:00\" \/>\n<meta property=\"og:image\" content=\"https:\/\/futbolhoy.co\/wp-content\/uploads\/2025\/01\/IMG_0319.jpeg\" \/>\n\t<meta property=\"og:image:width\" content=\"2048\" \/>\n\t<meta property=\"og:image:height\" content=\"1365\" \/>\n\t<meta property=\"og:image:type\" content=\"image\/jpeg\" \/>\n<meta name=\"author\" content=\"contenido\" \/>\n<meta name=\"twitter:card\" content=\"summary_large_image\" \/>\n<meta name=\"twitter:creator\" content=\"@FutbolHoyCol\" \/>\n<meta name=\"twitter:site\" content=\"@FutbolHoyCol\" \/>\n<meta name=\"twitter:label1\" content=\"Escrito por\" \/>\n\t<meta name=\"twitter:data1\" content=\"contenido\" \/>\n\t<meta name=\"twitter:label2\" content=\"Tiempo de lectura\" \/>\n\t<meta name=\"twitter:data2\" content=\"1 minuto\" \/>\n<script type=\"application\/ld+json\" class=\"yoast-schema-graph\">{\"@context\":\"https:\/\/schema.org\",\"@graph\":[{\"@type\":\"Article\",\"@id\":\"https:\/\/futbolhoy.co\/index.php\/2025\/01\/03\/flick-confia-en-que-dani-olmo-y-pau-victor-puedan-volver\/#article\",\"isPartOf\":{\"@id\":\"https:\/\/futbolhoy.co\/index.php\/2025\/01\/03\/flick-confia-en-que-dani-olmo-y-pau-victor-puedan-volver\/\"},\"author\":{\"name\":\"contenido\",\"@id\":\"https:\/\/futbolhoy.co\/#\/schema\/person\/1721b69355b6623eaff15ac7b92d4cc3\"},\"headline\":\"Flick conf\u00eda en que Dani Olmo y Pau V\u00edctor puedan volver\",\"datePublished\":\"2025-01-03T13:55:49+00:00\",\"dateModified\":\"2025-01-04T16:49:19+00:00\",\"mainEntityOfPage\":{\"@id\":\"https:\/\/futbolhoy.co\/index.php\/2025\/01\/03\/flick-confia-en-que-dani-olmo-y-pau-victor-puedan-volver\/\"},\"wordCount\":175,\"commentCount\":0,\"publisher\":{\"@id\":\"https:\/\/futbolhoy.co\/#organization\"},\"image\":{\"@id\":\"https:\/\/futbolhoy.co\/index.php\/2025\/01\/03\/flick-confia-en-que-dani-olmo-y-pau-victor-puedan-volver\/#primaryimage\"},\"thumbnailUrl\":\"https:\/\/futbolhoy.co\/wp-content\/uploads\/2025\/01\/IMG_0319.jpeg\",\"articleSection\":[\"Mundo Futbol\"],\"inLanguage\":\"es\",\"potentialAction\":[{\"@type\":\"CommentAction\",\"name\":\"Comment\",\"target\":[\"https:\/\/futbolhoy.co\/index.php\/2025\/01\/03\/flick-confia-en-que-dani-olmo-y-pau-victor-puedan-volver\/#respond\"]}]},{\"@type\":\"WebPage\",\"@id\":\"https:\/\/futbolhoy.co\/index.php\/2025\/01\/03\/flick-confia-en-que-dani-olmo-y-pau-victor-puedan-volver\/\",\"url\":\"https:\/\/futbolhoy.co\/index.php\/2025\/01\/03\/flick-confia-en-que-dani-olmo-y-pau-victor-puedan-volver\/\",\"name\":\"Flick conf\u00eda en que Dani Olmo y Pau V\u00edctor puedan volver -\",\"isPartOf\":{\"@id\":\"https:\/\/futbolhoy.co\/#website\"},\"primaryImageOfPage\":{\"@id\":\"https:\/\/futbolhoy.co\/index.php\/2025\/01\/03\/flick-confia-en-que-dani-olmo-y-pau-victor-puedan-volver\/#primaryimage\"},\"image\":{\"@id\":\"https:\/\/futbolhoy.co\/index.php\/2025\/01\/03\/flick-confia-en-que-dani-olmo-y-pau-victor-puedan-volver\/#primaryimage\"},\"thumbnailUrl\":\"https:\/\/futbolhoy.co\/wp-content\/uploads\/2025\/01\/IMG_0319.jpeg\",\"datePublished\":\"2025-01-03T13:55:49+00:00\",\"dateModified\":\"2025-01-04T16:49:19+00:00\",\"breadcrumb\":{\"@id\":\"https:\/\/futbolhoy.co\/index.php\/2025\/01\/03\/flick-confia-en-que-dani-olmo-y-pau-victor-puedan-volver\/#breadcrumb\"},\"inLanguage\":\"es\",\"potentialAction\":[{\"@type\":\"ReadAction\",\"target\":[\"https:\/\/futbolhoy.co\/index.php\/2025\/01\/03\/flick-confia-en-que-dani-olmo-y-pau-victor-puedan-volver\/\"]}]},{\"@type\":\"ImageObject\",\"inLanguage\":\"es\",\"@id\":\"https:\/\/futbolhoy.co\/index.php\/2025\/01\/03\/flick-confia-en-que-dani-olmo-y-pau-victor-puedan-volver\/#primaryimage\",\"url\":\"https:\/\/futbolhoy.co\/wp-content\/uploads\/2025\/01\/IMG_0319.jpeg\",\"contentUrl\":\"https:\/\/futbolhoy.co\/wp-content\/uploads\/2025\/01\/IMG_0319.jpeg\",\"width\":2048,\"height\":1365},{\"@type\":\"BreadcrumbList\",\"@id\":\"https:\/\/futbolhoy.co\/index.php\/2025\/01\/03\/flick-confia-en-que-dani-olmo-y-pau-victor-puedan-volver\/#breadcrumb\",\"itemListElement\":[{\"@type\":\"ListItem\",\"position\":1,\"name\":\"Portada\",\"item\":\"https:\/\/futbolhoy.co\/\"},{\"@type\":\"ListItem\",\"position\":2,\"name\":\"Flick conf\u00eda en que Dani Olmo y Pau V\u00edctor puedan volver\"}]},{\"@type\":\"WebSite\",\"@id\":\"https:\/\/futbolhoy.co\/#website\",\"url\":\"https:\/\/futbolhoy.co\/\",\"name\":\"FutbolHoy\",\"description\":\"\",\"publisher\":{\"@id\":\"https:\/\/futbolhoy.co\/#organization\"},\"potentialAction\":[{\"@type\":\"SearchAction\",\"target\":{\"@type\":\"EntryPoint\",\"urlTemplate\":\"https:\/\/futbolhoy.co\/?s={search_term_string}\"},\"query-input\":{\"@type\":\"PropertyValueSpecification\",\"valueRequired\":true,\"valueName\":\"search_term_string\"}}],\"inLanguage\":\"es\"},{\"@type\":\"Organization\",\"@id\":\"https:\/\/futbolhoy.co\/#organization\",\"name\":\"Futbolhoy.co\",\"url\":\"https:\/\/futbolhoy.co\/\",\"logo\":{\"@type\":\"ImageObject\",\"inLanguage\":\"es\",\"@id\":\"https:\/\/futbolhoy.co\/#\/schema\/logo\/image\/\",\"url\":\"https:\/\/futbolhoy.co\/wp-content\/uploads\/2018\/08\/17426380_1906371736249227_6326180412931521141_n.jpg\",\"contentUrl\":\"https:\/\/futbolhoy.co\/wp-content\/uploads\/2018\/08\/17426380_1906371736249227_6326180412931521141_n.jpg\",\"width\":960,\"height\":960,\"caption\":\"Futbolhoy.co\"},\"image\":{\"@id\":\"https:\/\/futbolhoy.co\/#\/schema\/logo\/image\/\"},\"sameAs\":[\"https:\/\/www.facebook.com\/FutbolHoyCol\/\",\"https:\/\/x.com\/FutbolHoyCol\",\"https:\/\/www.instagram.com\/futbolhoycol\/\"]},{\"@type\":\"Person\",\"@id\":\"https:\/\/futbolhoy.co\/#\/schema\/person\/1721b69355b6623eaff15ac7b92d4cc3\",\"name\":\"contenido\",\"image\":{\"@type\":\"ImageObject\",\"inLanguage\":\"es\",\"@id\":\"https:\/\/futbolhoy.co\/#\/schema\/person\/image\/\",\"url\":\"https:\/\/secure.gravatar.com\/avatar\/4f656d3256f5134f466206e7c3941518?s=96&d=mm&r=g\",\"contentUrl\":\"https:\/\/secure.gravatar.com\/avatar\/4f656d3256f5134f466206e7c3941518?s=96&d=mm&r=g\",\"caption\":\"contenido\"}}]}<\/script>\n<!-- \/ Yoast SEO plugin. -->","yoast_head_json":{"title":"Flick conf\u00eda en que Dani Olmo y Pau V\u00edctor puedan volver -","robots":{"index":"index","follow":"follow","max-snippet":"max-snippet:-1","max-image-preview":"max-image-preview:large","max-video-preview":"max-video-preview:-1"},"canonical":"https:\/\/futbolhoy.co\/index.php\/2025\/01\/03\/flick-confia-en-que-dani-olmo-y-pau-victor-puedan-volver\/","og_locale":"es_ES","og_type":"article","og_title":"Flick conf\u00eda en que Dani Olmo y Pau V\u00edctor puedan volver -","og_description":"El t\u00e9cnico del Barcelona, Hansi Flick, dijo este viernes que conf\u00eda en que Dani Olmo y Pau V\u00edctor puedan volver a ser inscritos en LaLiga en las pr\u00f3ximas horas, en medio del problema que est\u00e1 sufriendo el club con la RFEF.\u00a0 \"Tenemos confianza, pero hay que esperar. Yo siempre soy positivo\", dijo el DT en [&hellip;]","og_url":"https:\/\/futbolhoy.co\/index.php\/2025\/01\/03\/flick-confia-en-que-dani-olmo-y-pau-victor-puedan-volver\/","article_publisher":"https:\/\/www.facebook.com\/FutbolHoyCol\/","article_published_time":"2025-01-03T13:55:49+00:00","article_modified_time":"2025-01-04T16:49:19+00:00","og_image":[{"width":2048,"height":1365,"url":"https:\/\/futbolhoy.co\/wp-content\/uploads\/2025\/01\/IMG_0319.jpeg","type":"image\/jpeg"}],"author":"contenido","twitter_card":"summary_large_image","twitter_creator":"@FutbolHoyCol","twitter_site":"@FutbolHoyCol","twitter_misc":{"Escrito por":"contenido","Tiempo de lectura":"1 minuto"},"schema":{"@context":"https:\/\/schema.org","@graph":[{"@type":"Article","@id":"https:\/\/futbolhoy.co\/index.php\/2025\/01\/03\/flick-confia-en-que-dani-olmo-y-pau-victor-puedan-volver\/#article","isPartOf":{"@id":"https:\/\/futbolhoy.co\/index.php\/2025\/01\/03\/flick-confia-en-que-dani-olmo-y-pau-victor-puedan-volver\/"},"author":{"name":"contenido","@id":"https:\/\/futbolhoy.co\/#\/schema\/person\/1721b69355b6623eaff15ac7b92d4cc3"},"headline":"Flick conf\u00eda en que Dani Olmo y Pau V\u00edctor puedan volver","datePublished":"2025-01-03T13:55:49+00:00","dateModified":"2025-01-04T16:49:19+00:00","mainEntityOfPage":{"@id":"https:\/\/futbolhoy.co\/index.php\/2025\/01\/03\/flick-confia-en-que-dani-olmo-y-pau-victor-puedan-volver\/"},"wordCount":175,"commentCount":0,"publisher":{"@id":"https:\/\/futbolhoy.co\/#organization"},"image":{"@id":"https:\/\/futbolhoy.co\/index.php\/2025\/01\/03\/flick-confia-en-que-dani-olmo-y-pau-victor-puedan-volver\/#primaryimage"},"thumbnailUrl":"https:\/\/futbolhoy.co\/wp-content\/uploads\/2025\/01\/IMG_0319.jpeg","articleSection":["Mundo Futbol"],"inLanguage":"es","potentialAction":[{"@type":"CommentAction","name":"Comment","target":["https:\/\/futbolhoy.co\/index.php\/2025\/01\/03\/flick-confia-en-que-dani-olmo-y-pau-victor-puedan-volver\/#respond"]}]},{"@type":"WebPage","@id":"https:\/\/futbolhoy.co\/index.php\/2025\/01\/03\/flick-confia-en-que-dani-olmo-y-pau-victor-puedan-volver\/","url":"https:\/\/futbolhoy.co\/index.php\/2025\/01\/03\/flick-confia-en-que-dani-olmo-y-pau-victor-puedan-volver\/","name":"Flick conf\u00eda en que Dani Olmo y Pau V\u00edctor puedan volver -","isPartOf":{"@id":"https:\/\/futbolhoy.co\/#website"},"primaryImageOfPage":{"@id":"https:\/\/futbolhoy.co\/index.php\/2025\/01\/03\/flick-confia-en-que-dani-olmo-y-pau-victor-puedan-volver\/#primaryimage"},"image":{"@id":"https:\/\/futbolhoy.co\/index.php\/2025\/01\/03\/flick-confia-en-que-dani-olmo-y-pau-victor-puedan-volver\/#primaryimage"},"thumbnailUrl":"https:\/\/futbolhoy.co\/wp-content\/uploads\/2025\/01\/IMG_0319.jpeg","datePublished":"2025-01-03T13:55:49+00:00","dateModified":"2025-01-04T16:49:19+00:00","breadcrumb":{"@id":"https:\/\/futbolhoy.co\/index.php\/2025\/01\/03\/flick-confia-en-que-dani-olmo-y-pau-victor-puedan-volver\/#breadcrumb"},"inLanguage":"es","potentialAction":[{"@type":"ReadAction","target":["https:\/\/futbolhoy.co\/index.php\/2025\/01\/03\/flick-confia-en-que-dani-olmo-y-pau-victor-puedan-volver\/"]}]},{"@type":"ImageObject","inLanguage":"es","@id":"https:\/\/futbolhoy.co\/index.php\/2025\/01\/03\/flick-confia-en-que-dani-olmo-y-pau-victor-puedan-volver\/#primaryimage","url":"https:\/\/futbolhoy.co\/wp-content\/uploads\/2025\/01\/IMG_0319.jpeg","contentUrl":"https:\/\/futbolhoy.co\/wp-content\/uploads\/2025\/01\/IMG_0319.jpeg","width":2048,"height":1365},{"@type":"BreadcrumbList","@id":"https:\/\/futbolhoy.co\/index.php\/2025\/01\/03\/flick-confia-en-que-dani-olmo-y-pau-victor-puedan-volver\/#breadcrumb","itemListElement":[{"@type":"ListItem","position":1,"name":"Portada","item":"https:\/\/futbolhoy.co\/"},{"@type":"ListItem","position":2,"name":"Flick conf\u00eda en que Dani Olmo y Pau V\u00edctor puedan volver"}]},{"@type":"WebSite","@id":"https:\/\/futbolhoy.co\/#website","url":"https:\/\/futbolhoy.co\/","name":"FutbolHoy","description":"","publisher":{"@id":"https:\/\/futbolhoy.co\/#organization"},"potentialAction":[{"@type":"SearchAction","target":{"@type":"EntryPoint","urlTemplate":"https:\/\/futbolhoy.co\/?s={search_term_string}"},"query-input":{"@type":"PropertyValueSpecification","valueRequired":true,"valueName":"search_term_string"}}],"inLanguage":"es"},{"@type":"Organization","@id":"https:\/\/futbolhoy.co\/#organization","name":"Futbolhoy.co","url":"https:\/\/futbolhoy.co\/","logo":{"@type":"ImageObject","inLanguage":"es","@id":"https:\/\/futbolhoy.co\/#\/schema\/logo\/image\/","url":"https:\/\/futbolhoy.co\/wp-content\/uploads\/2018\/08\/17426380_1906371736249227_6326180412931521141_n.jpg","contentUrl":"https:\/\/futbolhoy.co\/wp-content\/uploads\/2018\/08\/17426380_1906371736249227_6326180412931521141_n.jpg","width":960,"height":960,"caption":"Futbolhoy.co"},"image":{"@id":"https:\/\/futbolhoy.co\/#\/schema\/logo\/image\/"},"sameAs":["https:\/\/www.facebook.com\/FutbolHoyCol\/","https:\/\/x.com\/FutbolHoyCol","https:\/\/www.instagram.com\/futbolhoycol\/"]},{"@type":"Person","@id":"https:\/\/futbolhoy.co\/#\/schema\/person\/1721b69355b6623eaff15ac7b92d4cc3","name":"contenido","image":{"@type":"ImageObject","inLanguage":"es","@id":"https:\/\/futbolhoy.co\/#\/schema\/person\/image\/","url":"https:\/\/secure.gravatar.com\/avatar\/4f656d3256f5134f466206e7c3941518?s=96&d=mm&r=g","contentUrl":"https:\/\/secure.gravatar.com\/avatar\/4f656d3256f5134f466206e7c3941518?s=96&d=mm&r=g","caption":"contenido"}}]}},"publishpress_future_action":{"enabled":false,"date":"2026-05-05 23:27:27","action":"change-status","newStatus":"draft","terms":[],"taxonomy":"category","extraData":[]},"publishpress_future_workflow_manual_trigger":{"enabledWorkflows":[]},"_links":{"self":[{"href":"https:\/\/futbolhoy.co\/index.php\/wp-json\/wp\/v2\/posts\/115025","targetHints":{"allow":["GET"]}}],"collection":[{"href":"https:\/\/futbolhoy.co\/index.php\/wp-json\/wp\/v2\/posts"}],"about":[{"href":"https:\/\/futbolhoy.co\/index.php\/wp-json\/wp\/v2\/types\/post"}],"author":[{"embeddable":true,"href":"https:\/\/futbolhoy.co\/index.php\/wp-json\/wp\/v2\/users\/4"}],"replies":[{"embeddable":true,"href":"https:\/\/futbolhoy.co\/index.php\/wp-json\/wp\/v2\/comments?post=115025"}],"version-history":[{"count":1,"href":"https:\/\/futbolhoy.co\/index.php\/wp-json\/wp\/v2\/posts\/115025\/revisions"}],"predecessor-version":[{"id":115027,"href":"https:\/\/futbolhoy.co\/index.php\/wp-json\/wp\/v2\/posts\/115025\/revisions\/115027"}],"wp:featuredmedia":[{"embeddable":true,"href":"https:\/\/futbolhoy.co\/index.php\/wp-json\/wp\/v2\/media\/115026"}],"wp:attachment":[{"href":"https:\/\/futbolhoy.co\/index.php\/wp-json\/wp\/v2\/media?parent=115025"}],"wp:term":[{"taxonomy":"category","embeddable":true,"href":"https:\/\/futbolhoy.co\/index.php\/wp-json\/wp\/v2\/categories?post=115025"},{"taxonomy":"post_tag","embeddable":true,"href":"https:\/\/futbolhoy.co\/index.php\/wp-json\/wp\/v2\/tags?post=115025"}],"curies":[{"name":"wp","href":"https:\/\/api.w.org\/{rel}","templated":true}]}}