{"id":115057,"date":"2025-01-03T15:07:50","date_gmt":"2025-01-03T20:07:50","guid":{"rendered":"https:\/\/futbolhoy.co\/?p=115057"},"modified":"2025-01-04T14:09:44","modified_gmt":"2025-01-04T19:09:44","slug":"mohamed-salah-anuncio-hasta-cuando-jugara-con-liverpool","status":"publish","type":"post","link":"https:\/\/futbolhoy.co\/index.php\/2025\/01\/03\/mohamed-salah-anuncio-hasta-cuando-jugara-con-liverpool\/","title":{"rendered":"Mohamed Salah anunci\u00f3 hasta cu\u00e1ndo jugar\u00e1 con Liverpool"},"content":{"rendered":"<p style=\"text-align: justify;\"><span style=\"font-family: helvetica, arial, sans-serif;\"><b>Es un hecho, Mohamed Salah <\/b><span style=\"font-weight: 400;\">no continuar\u00e1 vistiendo la camiseta del Liverpool cuando finalice la actual temporada, as\u00ed lo confirm\u00f3 el egipcio en una entrevista con Sky Sports, donde el jugador tambi\u00e9n confes\u00f3 que no hay cercan\u00eda con las negociaciones que el club.\u00a0<\/span><\/span><\/p>\n<p style=\"text-align: justify;\"><span style=\"font-family: helvetica, arial, sans-serif;\"><span style=\"font-weight: 400;\">Una de las m\u00e1ximas figuras del Liverpool anunci\u00f3 que la temporada 2024-2025 ser\u00e1 su \u00faltima en el <\/span><b>club y anhela ganar este a\u00f1o la Premier League.<\/b><\/span><\/p>\n<p style=\"text-align: justify;\"><span style=\"font-family: helvetica, arial, sans-serif;\"><span style=\"font-weight: 400;\">\"Tengo muchas ganas de ganar la Premier League con el Liverpool. Es mi \u00faltimo a\u00f1o en el club. <\/span><b>Quiero darle este regalo especial al club y a la ciudad\"<\/b><span style=\"font-weight: 400;\">, anunci\u00f3.<\/span><\/span><\/p>\n<p style=\"text-align: justify;\"><span style=\"font-family: helvetica, arial, sans-serif;\"><span style=\"font-weight: 400;\">Salah finaliza contrato en junio de 2025 y se dice que ha rechazado varias ofertas de renovaci\u00f3n con el Liverpool:<\/span><b> \"Estamos muy lejos de cualquier progreso<\/b><span style=\"font-weight: 400;\"> en las negociaciones contractuales, por lo que solo tenemos que esperar y ver\".<\/span><\/span><\/p>\n<p style=\"text-align: justify;\"><span style=\"font-family: helvetica, arial, sans-serif;\"><span style=\"font-weight: 400;\">En esta temporada el egipcio ha marcado 20 goles y ha dado 17 asistencias en los 26 partidos que ha disputado bajo las \u00f3rdenes de Arne Slot. <\/span><b>El Liverpool es el actual l\u00edder de la Premier League y de la Champions League.<\/b><\/span><\/p>\n","protected":false},"excerpt":{"rendered":"<p>Es un hecho, Mohamed Salah no continuar\u00e1 vistiendo la camiseta del Liverpool cuando finalice la actual temporada, as\u00ed lo confirm\u00f3 el egipcio en una entrevista con Sky Sports, donde el jugador tambi\u00e9n confes\u00f3 que no hay cercan\u00eda con las negociaciones que el club.\u00a0 Una de las m\u00e1ximas figuras del Liverpool anunci\u00f3 que la temporada 2024-2025 [&hellip;]<\/p>\n","protected":false},"author":4,"featured_media":115059,"comment_status":"open","ping_status":"open","sticky":false,"template":"","format":"standard","meta":{"_acf_changed":false,"footnotes":""},"categories":[152],"tags":[],"class_list":{"0":"post-115057","1":"post","2":"type-post","3":"status-publish","4":"format-standard","5":"has-post-thumbnail","7":"category-mundo-futbol"},"acf":[],"yoast_head":"<!-- This site is optimized with the Yoast SEO plugin v26.8 - https:\/\/yoast.com\/product\/yoast-seo-wordpress\/ -->\n<title>Mohamed Salah anunci\u00f3 hasta cu\u00e1ndo jugar\u00e1 con Liverpool -<\/title>\n<meta name=\"robots\" content=\"index, follow, max-snippet:-1, max-image-preview:large, max-video-preview:-1\" \/>\n<link rel=\"canonical\" href=\"https:\/\/futbolhoy.co\/index.php\/2025\/01\/03\/mohamed-salah-anuncio-hasta-cuando-jugara-con-liverpool\/\" \/>\n<meta property=\"og:locale\" content=\"es_ES\" \/>\n<meta property=\"og:type\" content=\"article\" \/>\n<meta property=\"og:title\" content=\"Mohamed Salah anunci\u00f3 hasta cu\u00e1ndo jugar\u00e1 con Liverpool -\" \/>\n<meta property=\"og:description\" content=\"Es un hecho, Mohamed Salah no continuar\u00e1 vistiendo la camiseta del Liverpool cuando finalice la actual temporada, as\u00ed lo confirm\u00f3 el egipcio en una entrevista con Sky Sports, donde el jugador tambi\u00e9n confes\u00f3 que no hay cercan\u00eda con las negociaciones que el club.\u00a0 Una de las m\u00e1ximas figuras del Liverpool anunci\u00f3 que la temporada 2024-2025 [&hellip;]\" \/>\n<meta property=\"og:url\" content=\"https:\/\/futbolhoy.co\/index.php\/2025\/01\/03\/mohamed-salah-anuncio-hasta-cuando-jugara-con-liverpool\/\" \/>\n<meta property=\"article:publisher\" content=\"https:\/\/www.facebook.com\/FutbolHoyCol\/\" \/>\n<meta property=\"article:published_time\" content=\"2025-01-03T20:07:50+00:00\" \/>\n<meta property=\"article:modified_time\" content=\"2025-01-04T19:09:44+00:00\" \/>\n<meta property=\"og:image\" content=\"https:\/\/futbolhoy.co\/wp-content\/uploads\/2025\/01\/Captura-de-pantalla-2025-01-03-a-las-3.00.45\u202fp.-m-1024x678.png\" \/>\n\t<meta property=\"og:image:width\" content=\"1024\" \/>\n\t<meta property=\"og:image:height\" content=\"678\" \/>\n\t<meta property=\"og:image:type\" content=\"image\/png\" \/>\n<meta name=\"author\" content=\"contenido\" \/>\n<meta name=\"twitter:card\" content=\"summary_large_image\" \/>\n<meta name=\"twitter:creator\" content=\"@FutbolHoyCol\" \/>\n<meta name=\"twitter:site\" content=\"@FutbolHoyCol\" \/>\n<meta name=\"twitter:label1\" content=\"Escrito por\" \/>\n\t<meta name=\"twitter:data1\" content=\"contenido\" \/>\n\t<meta name=\"twitter:label2\" content=\"Tiempo de lectura\" \/>\n\t<meta name=\"twitter:data2\" content=\"1 minuto\" \/>\n<script type=\"application\/ld+json\" class=\"yoast-schema-graph\">{\"@context\":\"https:\/\/schema.org\",\"@graph\":[{\"@type\":\"Article\",\"@id\":\"https:\/\/futbolhoy.co\/index.php\/2025\/01\/03\/mohamed-salah-anuncio-hasta-cuando-jugara-con-liverpool\/#article\",\"isPartOf\":{\"@id\":\"https:\/\/futbolhoy.co\/index.php\/2025\/01\/03\/mohamed-salah-anuncio-hasta-cuando-jugara-con-liverpool\/\"},\"author\":{\"name\":\"contenido\",\"@id\":\"https:\/\/futbolhoy.co\/#\/schema\/person\/1721b69355b6623eaff15ac7b92d4cc3\"},\"headline\":\"Mohamed Salah anunci\u00f3 hasta cu\u00e1ndo jugar\u00e1 con Liverpool\",\"datePublished\":\"2025-01-03T20:07:50+00:00\",\"dateModified\":\"2025-01-04T19:09:44+00:00\",\"mainEntityOfPage\":{\"@id\":\"https:\/\/futbolhoy.co\/index.php\/2025\/01\/03\/mohamed-salah-anuncio-hasta-cuando-jugara-con-liverpool\/\"},\"wordCount\":192,\"commentCount\":0,\"publisher\":{\"@id\":\"https:\/\/futbolhoy.co\/#organization\"},\"image\":{\"@id\":\"https:\/\/futbolhoy.co\/index.php\/2025\/01\/03\/mohamed-salah-anuncio-hasta-cuando-jugara-con-liverpool\/#primaryimage\"},\"thumbnailUrl\":\"https:\/\/futbolhoy.co\/wp-content\/uploads\/2025\/01\/Captura-de-pantalla-2025-01-03-a-las-3.00.45\u202fp.-m.png\",\"articleSection\":[\"Mundo Futbol\"],\"inLanguage\":\"es\",\"potentialAction\":[{\"@type\":\"CommentAction\",\"name\":\"Comment\",\"target\":[\"https:\/\/futbolhoy.co\/index.php\/2025\/01\/03\/mohamed-salah-anuncio-hasta-cuando-jugara-con-liverpool\/#respond\"]}]},{\"@type\":\"WebPage\",\"@id\":\"https:\/\/futbolhoy.co\/index.php\/2025\/01\/03\/mohamed-salah-anuncio-hasta-cuando-jugara-con-liverpool\/\",\"url\":\"https:\/\/futbolhoy.co\/index.php\/2025\/01\/03\/mohamed-salah-anuncio-hasta-cuando-jugara-con-liverpool\/\",\"name\":\"Mohamed Salah anunci\u00f3 hasta cu\u00e1ndo jugar\u00e1 con Liverpool -\",\"isPartOf\":{\"@id\":\"https:\/\/futbolhoy.co\/#website\"},\"primaryImageOfPage\":{\"@id\":\"https:\/\/futbolhoy.co\/index.php\/2025\/01\/03\/mohamed-salah-anuncio-hasta-cuando-jugara-con-liverpool\/#primaryimage\"},\"image\":{\"@id\":\"https:\/\/futbolhoy.co\/index.php\/2025\/01\/03\/mohamed-salah-anuncio-hasta-cuando-jugara-con-liverpool\/#primaryimage\"},\"thumbnailUrl\":\"https:\/\/futbolhoy.co\/wp-content\/uploads\/2025\/01\/Captura-de-pantalla-2025-01-03-a-las-3.00.45\u202fp.-m.png\",\"datePublished\":\"2025-01-03T20:07:50+00:00\",\"dateModified\":\"2025-01-04T19:09:44+00:00\",\"breadcrumb\":{\"@id\":\"https:\/\/futbolhoy.co\/index.php\/2025\/01\/03\/mohamed-salah-anuncio-hasta-cuando-jugara-con-liverpool\/#breadcrumb\"},\"inLanguage\":\"es\",\"potentialAction\":[{\"@type\":\"ReadAction\",\"target\":[\"https:\/\/futbolhoy.co\/index.php\/2025\/01\/03\/mohamed-salah-anuncio-hasta-cuando-jugara-con-liverpool\/\"]}]},{\"@type\":\"ImageObject\",\"inLanguage\":\"es\",\"@id\":\"https:\/\/futbolhoy.co\/index.php\/2025\/01\/03\/mohamed-salah-anuncio-hasta-cuando-jugara-con-liverpool\/#primaryimage\",\"url\":\"https:\/\/futbolhoy.co\/wp-content\/uploads\/2025\/01\/Captura-de-pantalla-2025-01-03-a-las-3.00.45\u202fp.-m.png\",\"contentUrl\":\"https:\/\/futbolhoy.co\/wp-content\/uploads\/2025\/01\/Captura-de-pantalla-2025-01-03-a-las-3.00.45\u202fp.-m.png\",\"width\":1944,\"height\":1288},{\"@type\":\"BreadcrumbList\",\"@id\":\"https:\/\/futbolhoy.co\/index.php\/2025\/01\/03\/mohamed-salah-anuncio-hasta-cuando-jugara-con-liverpool\/#breadcrumb\",\"itemListElement\":[{\"@type\":\"ListItem\",\"position\":1,\"name\":\"Portada\",\"item\":\"https:\/\/futbolhoy.co\/\"},{\"@type\":\"ListItem\",\"position\":2,\"name\":\"Mohamed Salah anunci\u00f3 hasta cu\u00e1ndo jugar\u00e1 con Liverpool\"}]},{\"@type\":\"WebSite\",\"@id\":\"https:\/\/futbolhoy.co\/#website\",\"url\":\"https:\/\/futbolhoy.co\/\",\"name\":\"FutbolHoy\",\"description\":\"\",\"publisher\":{\"@id\":\"https:\/\/futbolhoy.co\/#organization\"},\"potentialAction\":[{\"@type\":\"SearchAction\",\"target\":{\"@type\":\"EntryPoint\",\"urlTemplate\":\"https:\/\/futbolhoy.co\/?s={search_term_string}\"},\"query-input\":{\"@type\":\"PropertyValueSpecification\",\"valueRequired\":true,\"valueName\":\"search_term_string\"}}],\"inLanguage\":\"es\"},{\"@type\":\"Organization\",\"@id\":\"https:\/\/futbolhoy.co\/#organization\",\"name\":\"Futbolhoy.co\",\"url\":\"https:\/\/futbolhoy.co\/\",\"logo\":{\"@type\":\"ImageObject\",\"inLanguage\":\"es\",\"@id\":\"https:\/\/futbolhoy.co\/#\/schema\/logo\/image\/\",\"url\":\"https:\/\/futbolhoy.co\/wp-content\/uploads\/2018\/08\/17426380_1906371736249227_6326180412931521141_n.jpg\",\"contentUrl\":\"https:\/\/futbolhoy.co\/wp-content\/uploads\/2018\/08\/17426380_1906371736249227_6326180412931521141_n.jpg\",\"width\":960,\"height\":960,\"caption\":\"Futbolhoy.co\"},\"image\":{\"@id\":\"https:\/\/futbolhoy.co\/#\/schema\/logo\/image\/\"},\"sameAs\":[\"https:\/\/www.facebook.com\/FutbolHoyCol\/\",\"https:\/\/x.com\/FutbolHoyCol\",\"https:\/\/www.instagram.com\/futbolhoycol\/\"]},{\"@type\":\"Person\",\"@id\":\"https:\/\/futbolhoy.co\/#\/schema\/person\/1721b69355b6623eaff15ac7b92d4cc3\",\"name\":\"contenido\",\"image\":{\"@type\":\"ImageObject\",\"inLanguage\":\"es\",\"@id\":\"https:\/\/futbolhoy.co\/#\/schema\/person\/image\/\",\"url\":\"https:\/\/secure.gravatar.com\/avatar\/4f656d3256f5134f466206e7c3941518?s=96&d=mm&r=g\",\"contentUrl\":\"https:\/\/secure.gravatar.com\/avatar\/4f656d3256f5134f466206e7c3941518?s=96&d=mm&r=g\",\"caption\":\"contenido\"}}]}<\/script>\n<!-- \/ Yoast SEO plugin. -->","yoast_head_json":{"title":"Mohamed Salah anunci\u00f3 hasta cu\u00e1ndo jugar\u00e1 con Liverpool -","robots":{"index":"index","follow":"follow","max-snippet":"max-snippet:-1","max-image-preview":"max-image-preview:large","max-video-preview":"max-video-preview:-1"},"canonical":"https:\/\/futbolhoy.co\/index.php\/2025\/01\/03\/mohamed-salah-anuncio-hasta-cuando-jugara-con-liverpool\/","og_locale":"es_ES","og_type":"article","og_title":"Mohamed Salah anunci\u00f3 hasta cu\u00e1ndo jugar\u00e1 con Liverpool -","og_description":"Es un hecho, Mohamed Salah no continuar\u00e1 vistiendo la camiseta del Liverpool cuando finalice la actual temporada, as\u00ed lo confirm\u00f3 el egipcio en una entrevista con Sky Sports, donde el jugador tambi\u00e9n confes\u00f3 que no hay cercan\u00eda con las negociaciones que el club.\u00a0 Una de las m\u00e1ximas figuras del Liverpool anunci\u00f3 que la temporada 2024-2025 [&hellip;]","og_url":"https:\/\/futbolhoy.co\/index.php\/2025\/01\/03\/mohamed-salah-anuncio-hasta-cuando-jugara-con-liverpool\/","article_publisher":"https:\/\/www.facebook.com\/FutbolHoyCol\/","article_published_time":"2025-01-03T20:07:50+00:00","article_modified_time":"2025-01-04T19:09:44+00:00","og_image":[{"width":1024,"height":678,"url":"https:\/\/futbolhoy.co\/wp-content\/uploads\/2025\/01\/Captura-de-pantalla-2025-01-03-a-las-3.00.45\u202fp.-m-1024x678.png","type":"image\/png"}],"author":"contenido","twitter_card":"summary_large_image","twitter_creator":"@FutbolHoyCol","twitter_site":"@FutbolHoyCol","twitter_misc":{"Escrito por":"contenido","Tiempo de lectura":"1 minuto"},"schema":{"@context":"https:\/\/schema.org","@graph":[{"@type":"Article","@id":"https:\/\/futbolhoy.co\/index.php\/2025\/01\/03\/mohamed-salah-anuncio-hasta-cuando-jugara-con-liverpool\/#article","isPartOf":{"@id":"https:\/\/futbolhoy.co\/index.php\/2025\/01\/03\/mohamed-salah-anuncio-hasta-cuando-jugara-con-liverpool\/"},"author":{"name":"contenido","@id":"https:\/\/futbolhoy.co\/#\/schema\/person\/1721b69355b6623eaff15ac7b92d4cc3"},"headline":"Mohamed Salah anunci\u00f3 hasta cu\u00e1ndo jugar\u00e1 con Liverpool","datePublished":"2025-01-03T20:07:50+00:00","dateModified":"2025-01-04T19:09:44+00:00","mainEntityOfPage":{"@id":"https:\/\/futbolhoy.co\/index.php\/2025\/01\/03\/mohamed-salah-anuncio-hasta-cuando-jugara-con-liverpool\/"},"wordCount":192,"commentCount":0,"publisher":{"@id":"https:\/\/futbolhoy.co\/#organization"},"image":{"@id":"https:\/\/futbolhoy.co\/index.php\/2025\/01\/03\/mohamed-salah-anuncio-hasta-cuando-jugara-con-liverpool\/#primaryimage"},"thumbnailUrl":"https:\/\/futbolhoy.co\/wp-content\/uploads\/2025\/01\/Captura-de-pantalla-2025-01-03-a-las-3.00.45\u202fp.-m.png","articleSection":["Mundo Futbol"],"inLanguage":"es","potentialAction":[{"@type":"CommentAction","name":"Comment","target":["https:\/\/futbolhoy.co\/index.php\/2025\/01\/03\/mohamed-salah-anuncio-hasta-cuando-jugara-con-liverpool\/#respond"]}]},{"@type":"WebPage","@id":"https:\/\/futbolhoy.co\/index.php\/2025\/01\/03\/mohamed-salah-anuncio-hasta-cuando-jugara-con-liverpool\/","url":"https:\/\/futbolhoy.co\/index.php\/2025\/01\/03\/mohamed-salah-anuncio-hasta-cuando-jugara-con-liverpool\/","name":"Mohamed Salah anunci\u00f3 hasta cu\u00e1ndo jugar\u00e1 con Liverpool -","isPartOf":{"@id":"https:\/\/futbolhoy.co\/#website"},"primaryImageOfPage":{"@id":"https:\/\/futbolhoy.co\/index.php\/2025\/01\/03\/mohamed-salah-anuncio-hasta-cuando-jugara-con-liverpool\/#primaryimage"},"image":{"@id":"https:\/\/futbolhoy.co\/index.php\/2025\/01\/03\/mohamed-salah-anuncio-hasta-cuando-jugara-con-liverpool\/#primaryimage"},"thumbnailUrl":"https:\/\/futbolhoy.co\/wp-content\/uploads\/2025\/01\/Captura-de-pantalla-2025-01-03-a-las-3.00.45\u202fp.-m.png","datePublished":"2025-01-03T20:07:50+00:00","dateModified":"2025-01-04T19:09:44+00:00","breadcrumb":{"@id":"https:\/\/futbolhoy.co\/index.php\/2025\/01\/03\/mohamed-salah-anuncio-hasta-cuando-jugara-con-liverpool\/#breadcrumb"},"inLanguage":"es","potentialAction":[{"@type":"ReadAction","target":["https:\/\/futbolhoy.co\/index.php\/2025\/01\/03\/mohamed-salah-anuncio-hasta-cuando-jugara-con-liverpool\/"]}]},{"@type":"ImageObject","inLanguage":"es","@id":"https:\/\/futbolhoy.co\/index.php\/2025\/01\/03\/mohamed-salah-anuncio-hasta-cuando-jugara-con-liverpool\/#primaryimage","url":"https:\/\/futbolhoy.co\/wp-content\/uploads\/2025\/01\/Captura-de-pantalla-2025-01-03-a-las-3.00.45\u202fp.-m.png","contentUrl":"https:\/\/futbolhoy.co\/wp-content\/uploads\/2025\/01\/Captura-de-pantalla-2025-01-03-a-las-3.00.45\u202fp.-m.png","width":1944,"height":1288},{"@type":"BreadcrumbList","@id":"https:\/\/futbolhoy.co\/index.php\/2025\/01\/03\/mohamed-salah-anuncio-hasta-cuando-jugara-con-liverpool\/#breadcrumb","itemListElement":[{"@type":"ListItem","position":1,"name":"Portada","item":"https:\/\/futbolhoy.co\/"},{"@type":"ListItem","position":2,"name":"Mohamed Salah anunci\u00f3 hasta cu\u00e1ndo jugar\u00e1 con Liverpool"}]},{"@type":"WebSite","@id":"https:\/\/futbolhoy.co\/#website","url":"https:\/\/futbolhoy.co\/","name":"FutbolHoy","description":"","publisher":{"@id":"https:\/\/futbolhoy.co\/#organization"},"potentialAction":[{"@type":"SearchAction","target":{"@type":"EntryPoint","urlTemplate":"https:\/\/futbolhoy.co\/?s={search_term_string}"},"query-input":{"@type":"PropertyValueSpecification","valueRequired":true,"valueName":"search_term_string"}}],"inLanguage":"es"},{"@type":"Organization","@id":"https:\/\/futbolhoy.co\/#organization","name":"Futbolhoy.co","url":"https:\/\/futbolhoy.co\/","logo":{"@type":"ImageObject","inLanguage":"es","@id":"https:\/\/futbolhoy.co\/#\/schema\/logo\/image\/","url":"https:\/\/futbolhoy.co\/wp-content\/uploads\/2018\/08\/17426380_1906371736249227_6326180412931521141_n.jpg","contentUrl":"https:\/\/futbolhoy.co\/wp-content\/uploads\/2018\/08\/17426380_1906371736249227_6326180412931521141_n.jpg","width":960,"height":960,"caption":"Futbolhoy.co"},"image":{"@id":"https:\/\/futbolhoy.co\/#\/schema\/logo\/image\/"},"sameAs":["https:\/\/www.facebook.com\/FutbolHoyCol\/","https:\/\/x.com\/FutbolHoyCol","https:\/\/www.instagram.com\/futbolhoycol\/"]},{"@type":"Person","@id":"https:\/\/futbolhoy.co\/#\/schema\/person\/1721b69355b6623eaff15ac7b92d4cc3","name":"contenido","image":{"@type":"ImageObject","inLanguage":"es","@id":"https:\/\/futbolhoy.co\/#\/schema\/person\/image\/","url":"https:\/\/secure.gravatar.com\/avatar\/4f656d3256f5134f466206e7c3941518?s=96&d=mm&r=g","contentUrl":"https:\/\/secure.gravatar.com\/avatar\/4f656d3256f5134f466206e7c3941518?s=96&d=mm&r=g","caption":"contenido"}}]}},"publishpress_future_action":{"enabled":false,"date":"2026-05-06 02:31:20","action":"change-status","newStatus":"draft","terms":[],"taxonomy":"category","extraData":[]},"publishpress_future_workflow_manual_trigger":{"enabledWorkflows":[]},"_links":{"self":[{"href":"https:\/\/futbolhoy.co\/index.php\/wp-json\/wp\/v2\/posts\/115057","targetHints":{"allow":["GET"]}}],"collection":[{"href":"https:\/\/futbolhoy.co\/index.php\/wp-json\/wp\/v2\/posts"}],"about":[{"href":"https:\/\/futbolhoy.co\/index.php\/wp-json\/wp\/v2\/types\/post"}],"author":[{"embeddable":true,"href":"https:\/\/futbolhoy.co\/index.php\/wp-json\/wp\/v2\/users\/4"}],"replies":[{"embeddable":true,"href":"https:\/\/futbolhoy.co\/index.php\/wp-json\/wp\/v2\/comments?post=115057"}],"version-history":[{"count":1,"href":"https:\/\/futbolhoy.co\/index.php\/wp-json\/wp\/v2\/posts\/115057\/revisions"}],"predecessor-version":[{"id":115062,"href":"https:\/\/futbolhoy.co\/index.php\/wp-json\/wp\/v2\/posts\/115057\/revisions\/115062"}],"wp:featuredmedia":[{"embeddable":true,"href":"https:\/\/futbolhoy.co\/index.php\/wp-json\/wp\/v2\/media\/115059"}],"wp:attachment":[{"href":"https:\/\/futbolhoy.co\/index.php\/wp-json\/wp\/v2\/media?parent=115057"}],"wp:term":[{"taxonomy":"category","embeddable":true,"href":"https:\/\/futbolhoy.co\/index.php\/wp-json\/wp\/v2\/categories?post=115057"},{"taxonomy":"post_tag","embeddable":true,"href":"https:\/\/futbolhoy.co\/index.php\/wp-json\/wp\/v2\/tags?post=115057"}],"curies":[{"name":"wp","href":"https:\/\/api.w.org\/{rel}","templated":true}]}}