{"id":115067,"date":"2025-01-03T20:39:35","date_gmt":"2025-01-04T01:39:35","guid":{"rendered":"https:\/\/futbolhoy.co\/?p=115067"},"modified":"2025-01-04T16:27:52","modified_gmt":"2025-01-04T21:27:52","slug":"santa-fe-anuncio-nueve-refuerzos-para-copa-libertadores-y-liga-2025","status":"publish","type":"post","link":"https:\/\/futbolhoy.co\/index.php\/2025\/01\/03\/santa-fe-anuncio-nueve-refuerzos-para-copa-libertadores-y-liga-2025\/","title":{"rendered":"Santa Fe anunci\u00f3 nueve refuerzos para Copa Libertadores y Liga 2025"},"content":{"rendered":"<p style=\"text-align: justify;\"><span style=\"font-family: helvetica, arial, sans-serif;\"><b>Se comenz\u00f3 a mover el mercado de pases para Santa Fe<\/b><span style=\"font-weight: 400;\"> y este viernes el equipo cardenal confirm\u00f3 los primeros nombres que reforzar\u00e1n el equipo de Pablo Peirano pensando en la Copa Libertadores 2025 y la Liga BetPlay.<\/span><\/span><\/p>\n<p style=\"text-align: justify;\"><span style=\"font-family: helvetica, arial, sans-serif;\"><b>Santa Fe debutar\u00e1 en la Copa Libertadores 2025 <\/b><span style=\"font-weight: 400;\">en la fase preliminar cuando enfrente a Deportes Iquique de Chile, mientras que en la Liga BetPlay espera cambiar la p\u00e9sima cara que dej\u00f3 el los cuadrangulares pasados, en los que sum\u00f3 cinco derrotas y un empate.<\/span><\/span><\/p>\n<p style=\"text-align: justify;\"><span style=\"font-family: helvetica, arial, sans-serif;\"><span style=\"font-weight: 400;\">El equipo de Pablo Peirano no tuvo un mal a\u00f1o, termin\u00f3 primero de todos contra todos en ambos torneos y gracias a los puntos clasific\u00f3 a la <\/span><b>Copa Libertadores por su puesto en la tabla de reclasificaci\u00f3n<\/b><span style=\"font-weight: 400;\">. Sin embargo, el t\u00edtulo se escap\u00f3 en el primer semestre cuando perdi\u00f3 la final ante Atl\u00e9tico Bucaramanga y la no clasificaci\u00f3n en los cuadrangulares del segundo semestre.\u00a0<\/span><\/span><\/p>\n<p style=\"text-align: justify;\"><span style=\"font-family: helvetica, arial, sans-serif;\"><span style=\"font-weight: 400;\">Entre tanto, con la mirada en cambiar el mal momento con el que terminaron el 2024, Santa Fe <\/span><b>anunci\u00f3 nueve refuerzos y prometi\u00f3 que llegar\u00e1n otros nuevos jugadores.<\/b><\/span><\/p>\n<p style=\"text-align: justify;\"><span style=\"font-family: helvetica, arial, sans-serif;\"><span style=\"font-weight: 400;\">Victor Moreno, Kevin Cuesta, Christian Mafla, Emanuel Olivera, Jeison Angulo, Leandro Angulo, Omar Fern\u00e1ndez, Angelo Rodr\u00edguez y Yeicar Perlaza son las nuevas caras de Santa Fe, a su vez, el equipo cardenal <\/span><b>confirm\u00f3 que al menos seis canteranos integrar\u00e1n la primera plantilla.<\/b><\/span><\/p>\n","protected":false},"excerpt":{"rendered":"<p>Se comenz\u00f3 a mover el mercado de pases para Santa Fe y este viernes el equipo cardenal confirm\u00f3 los primeros nombres que reforzar\u00e1n el equipo de Pablo Peirano pensando en la Copa Libertadores 2025 y la Liga BetPlay. Santa Fe debutar\u00e1 en la Copa Libertadores 2025 en la fase preliminar cuando enfrente a Deportes Iquique [&hellip;]<\/p>\n","protected":false},"author":4,"featured_media":115068,"comment_status":"open","ping_status":"open","sticky":false,"template":"","format":"standard","meta":{"_acf_changed":false,"footnotes":""},"categories":[7],"tags":[],"class_list":{"0":"post-115067","1":"post","2":"type-post","3":"status-publish","4":"format-standard","5":"has-post-thumbnail","7":"category-liga-betplay"},"acf":[],"yoast_head":"<!-- This site is optimized with the Yoast SEO plugin v26.8 - https:\/\/yoast.com\/product\/yoast-seo-wordpress\/ -->\n<title>Santa Fe anunci\u00f3 nueve refuerzos para Copa Libertadores y Liga 2025 -<\/title>\n<meta name=\"robots\" content=\"index, follow, max-snippet:-1, max-image-preview:large, max-video-preview:-1\" \/>\n<link rel=\"canonical\" href=\"https:\/\/futbolhoy.co\/index.php\/2025\/01\/03\/santa-fe-anuncio-nueve-refuerzos-para-copa-libertadores-y-liga-2025\/\" \/>\n<meta property=\"og:locale\" content=\"es_ES\" \/>\n<meta property=\"og:type\" content=\"article\" \/>\n<meta property=\"og:title\" content=\"Santa Fe anunci\u00f3 nueve refuerzos para Copa Libertadores y Liga 2025 -\" \/>\n<meta property=\"og:description\" content=\"Se comenz\u00f3 a mover el mercado de pases para Santa Fe y este viernes el equipo cardenal confirm\u00f3 los primeros nombres que reforzar\u00e1n el equipo de Pablo Peirano pensando en la Copa Libertadores 2025 y la Liga BetPlay. Santa Fe debutar\u00e1 en la Copa Libertadores 2025 en la fase preliminar cuando enfrente a Deportes Iquique [&hellip;]\" \/>\n<meta property=\"og:url\" content=\"https:\/\/futbolhoy.co\/index.php\/2025\/01\/03\/santa-fe-anuncio-nueve-refuerzos-para-copa-libertadores-y-liga-2025\/\" \/>\n<meta property=\"article:publisher\" content=\"https:\/\/www.facebook.com\/FutbolHoyCol\/\" \/>\n<meta property=\"article:published_time\" content=\"2025-01-04T01:39:35+00:00\" \/>\n<meta property=\"article:modified_time\" content=\"2025-01-04T21:27:52+00:00\" \/>\n<meta property=\"og:image\" content=\"https:\/\/futbolhoy.co\/wp-content\/uploads\/2025\/01\/Captura-de-pantalla-2025-01-03-a-las-8.37.39\u202fp.-m-1024x700.png\" \/>\n\t<meta property=\"og:image:width\" content=\"1024\" \/>\n\t<meta property=\"og:image:height\" content=\"700\" \/>\n\t<meta property=\"og:image:type\" content=\"image\/png\" \/>\n<meta name=\"author\" content=\"contenido\" \/>\n<meta name=\"twitter:card\" content=\"summary_large_image\" \/>\n<meta name=\"twitter:creator\" content=\"@FutbolHoyCol\" \/>\n<meta name=\"twitter:site\" content=\"@FutbolHoyCol\" \/>\n<meta name=\"twitter:label1\" content=\"Escrito por\" \/>\n\t<meta name=\"twitter:data1\" content=\"contenido\" \/>\n\t<meta name=\"twitter:label2\" content=\"Tiempo de lectura\" \/>\n\t<meta name=\"twitter:data2\" content=\"1 minuto\" \/>\n<script type=\"application\/ld+json\" class=\"yoast-schema-graph\">{\"@context\":\"https:\/\/schema.org\",\"@graph\":[{\"@type\":\"Article\",\"@id\":\"https:\/\/futbolhoy.co\/index.php\/2025\/01\/03\/santa-fe-anuncio-nueve-refuerzos-para-copa-libertadores-y-liga-2025\/#article\",\"isPartOf\":{\"@id\":\"https:\/\/futbolhoy.co\/index.php\/2025\/01\/03\/santa-fe-anuncio-nueve-refuerzos-para-copa-libertadores-y-liga-2025\/\"},\"author\":{\"name\":\"contenido\",\"@id\":\"https:\/\/futbolhoy.co\/#\/schema\/person\/1721b69355b6623eaff15ac7b92d4cc3\"},\"headline\":\"Santa Fe anunci\u00f3 nueve refuerzos para Copa Libertadores y Liga 2025\",\"datePublished\":\"2025-01-04T01:39:35+00:00\",\"dateModified\":\"2025-01-04T21:27:52+00:00\",\"mainEntityOfPage\":{\"@id\":\"https:\/\/futbolhoy.co\/index.php\/2025\/01\/03\/santa-fe-anuncio-nueve-refuerzos-para-copa-libertadores-y-liga-2025\/\"},\"wordCount\":235,\"commentCount\":0,\"publisher\":{\"@id\":\"https:\/\/futbolhoy.co\/#organization\"},\"image\":{\"@id\":\"https:\/\/futbolhoy.co\/index.php\/2025\/01\/03\/santa-fe-anuncio-nueve-refuerzos-para-copa-libertadores-y-liga-2025\/#primaryimage\"},\"thumbnailUrl\":\"https:\/\/futbolhoy.co\/wp-content\/uploads\/2025\/01\/Captura-de-pantalla-2025-01-03-a-las-8.37.39\u202fp.-m.png\",\"articleSection\":[\"Liga BetPlay\"],\"inLanguage\":\"es\",\"potentialAction\":[{\"@type\":\"CommentAction\",\"name\":\"Comment\",\"target\":[\"https:\/\/futbolhoy.co\/index.php\/2025\/01\/03\/santa-fe-anuncio-nueve-refuerzos-para-copa-libertadores-y-liga-2025\/#respond\"]}]},{\"@type\":\"WebPage\",\"@id\":\"https:\/\/futbolhoy.co\/index.php\/2025\/01\/03\/santa-fe-anuncio-nueve-refuerzos-para-copa-libertadores-y-liga-2025\/\",\"url\":\"https:\/\/futbolhoy.co\/index.php\/2025\/01\/03\/santa-fe-anuncio-nueve-refuerzos-para-copa-libertadores-y-liga-2025\/\",\"name\":\"Santa Fe anunci\u00f3 nueve refuerzos para Copa Libertadores y Liga 2025 -\",\"isPartOf\":{\"@id\":\"https:\/\/futbolhoy.co\/#website\"},\"primaryImageOfPage\":{\"@id\":\"https:\/\/futbolhoy.co\/index.php\/2025\/01\/03\/santa-fe-anuncio-nueve-refuerzos-para-copa-libertadores-y-liga-2025\/#primaryimage\"},\"image\":{\"@id\":\"https:\/\/futbolhoy.co\/index.php\/2025\/01\/03\/santa-fe-anuncio-nueve-refuerzos-para-copa-libertadores-y-liga-2025\/#primaryimage\"},\"thumbnailUrl\":\"https:\/\/futbolhoy.co\/wp-content\/uploads\/2025\/01\/Captura-de-pantalla-2025-01-03-a-las-8.37.39\u202fp.-m.png\",\"datePublished\":\"2025-01-04T01:39:35+00:00\",\"dateModified\":\"2025-01-04T21:27:52+00:00\",\"breadcrumb\":{\"@id\":\"https:\/\/futbolhoy.co\/index.php\/2025\/01\/03\/santa-fe-anuncio-nueve-refuerzos-para-copa-libertadores-y-liga-2025\/#breadcrumb\"},\"inLanguage\":\"es\",\"potentialAction\":[{\"@type\":\"ReadAction\",\"target\":[\"https:\/\/futbolhoy.co\/index.php\/2025\/01\/03\/santa-fe-anuncio-nueve-refuerzos-para-copa-libertadores-y-liga-2025\/\"]}]},{\"@type\":\"ImageObject\",\"inLanguage\":\"es\",\"@id\":\"https:\/\/futbolhoy.co\/index.php\/2025\/01\/03\/santa-fe-anuncio-nueve-refuerzos-para-copa-libertadores-y-liga-2025\/#primaryimage\",\"url\":\"https:\/\/futbolhoy.co\/wp-content\/uploads\/2025\/01\/Captura-de-pantalla-2025-01-03-a-las-8.37.39\u202fp.-m.png\",\"contentUrl\":\"https:\/\/futbolhoy.co\/wp-content\/uploads\/2025\/01\/Captura-de-pantalla-2025-01-03-a-las-8.37.39\u202fp.-m.png\",\"width\":1916,\"height\":1310},{\"@type\":\"BreadcrumbList\",\"@id\":\"https:\/\/futbolhoy.co\/index.php\/2025\/01\/03\/santa-fe-anuncio-nueve-refuerzos-para-copa-libertadores-y-liga-2025\/#breadcrumb\",\"itemListElement\":[{\"@type\":\"ListItem\",\"position\":1,\"name\":\"Portada\",\"item\":\"https:\/\/futbolhoy.co\/\"},{\"@type\":\"ListItem\",\"position\":2,\"name\":\"Santa Fe anunci\u00f3 nueve refuerzos para Copa Libertadores y Liga 2025\"}]},{\"@type\":\"WebSite\",\"@id\":\"https:\/\/futbolhoy.co\/#website\",\"url\":\"https:\/\/futbolhoy.co\/\",\"name\":\"FutbolHoy\",\"description\":\"\",\"publisher\":{\"@id\":\"https:\/\/futbolhoy.co\/#organization\"},\"potentialAction\":[{\"@type\":\"SearchAction\",\"target\":{\"@type\":\"EntryPoint\",\"urlTemplate\":\"https:\/\/futbolhoy.co\/?s={search_term_string}\"},\"query-input\":{\"@type\":\"PropertyValueSpecification\",\"valueRequired\":true,\"valueName\":\"search_term_string\"}}],\"inLanguage\":\"es\"},{\"@type\":\"Organization\",\"@id\":\"https:\/\/futbolhoy.co\/#organization\",\"name\":\"Futbolhoy.co\",\"url\":\"https:\/\/futbolhoy.co\/\",\"logo\":{\"@type\":\"ImageObject\",\"inLanguage\":\"es\",\"@id\":\"https:\/\/futbolhoy.co\/#\/schema\/logo\/image\/\",\"url\":\"https:\/\/futbolhoy.co\/wp-content\/uploads\/2018\/08\/17426380_1906371736249227_6326180412931521141_n.jpg\",\"contentUrl\":\"https:\/\/futbolhoy.co\/wp-content\/uploads\/2018\/08\/17426380_1906371736249227_6326180412931521141_n.jpg\",\"width\":960,\"height\":960,\"caption\":\"Futbolhoy.co\"},\"image\":{\"@id\":\"https:\/\/futbolhoy.co\/#\/schema\/logo\/image\/\"},\"sameAs\":[\"https:\/\/www.facebook.com\/FutbolHoyCol\/\",\"https:\/\/x.com\/FutbolHoyCol\",\"https:\/\/www.instagram.com\/futbolhoycol\/\"]},{\"@type\":\"Person\",\"@id\":\"https:\/\/futbolhoy.co\/#\/schema\/person\/1721b69355b6623eaff15ac7b92d4cc3\",\"name\":\"contenido\",\"image\":{\"@type\":\"ImageObject\",\"inLanguage\":\"es\",\"@id\":\"https:\/\/futbolhoy.co\/#\/schema\/person\/image\/\",\"url\":\"https:\/\/secure.gravatar.com\/avatar\/4f656d3256f5134f466206e7c3941518?s=96&d=mm&r=g\",\"contentUrl\":\"https:\/\/secure.gravatar.com\/avatar\/4f656d3256f5134f466206e7c3941518?s=96&d=mm&r=g\",\"caption\":\"contenido\"}}]}<\/script>\n<!-- \/ Yoast SEO plugin. -->","yoast_head_json":{"title":"Santa Fe anunci\u00f3 nueve refuerzos para Copa Libertadores y Liga 2025 -","robots":{"index":"index","follow":"follow","max-snippet":"max-snippet:-1","max-image-preview":"max-image-preview:large","max-video-preview":"max-video-preview:-1"},"canonical":"https:\/\/futbolhoy.co\/index.php\/2025\/01\/03\/santa-fe-anuncio-nueve-refuerzos-para-copa-libertadores-y-liga-2025\/","og_locale":"es_ES","og_type":"article","og_title":"Santa Fe anunci\u00f3 nueve refuerzos para Copa Libertadores y Liga 2025 -","og_description":"Se comenz\u00f3 a mover el mercado de pases para Santa Fe y este viernes el equipo cardenal confirm\u00f3 los primeros nombres que reforzar\u00e1n el equipo de Pablo Peirano pensando en la Copa Libertadores 2025 y la Liga BetPlay. Santa Fe debutar\u00e1 en la Copa Libertadores 2025 en la fase preliminar cuando enfrente a Deportes Iquique [&hellip;]","og_url":"https:\/\/futbolhoy.co\/index.php\/2025\/01\/03\/santa-fe-anuncio-nueve-refuerzos-para-copa-libertadores-y-liga-2025\/","article_publisher":"https:\/\/www.facebook.com\/FutbolHoyCol\/","article_published_time":"2025-01-04T01:39:35+00:00","article_modified_time":"2025-01-04T21:27:52+00:00","og_image":[{"width":1024,"height":700,"url":"https:\/\/futbolhoy.co\/wp-content\/uploads\/2025\/01\/Captura-de-pantalla-2025-01-03-a-las-8.37.39\u202fp.-m-1024x700.png","type":"image\/png"}],"author":"contenido","twitter_card":"summary_large_image","twitter_creator":"@FutbolHoyCol","twitter_site":"@FutbolHoyCol","twitter_misc":{"Escrito por":"contenido","Tiempo de lectura":"1 minuto"},"schema":{"@context":"https:\/\/schema.org","@graph":[{"@type":"Article","@id":"https:\/\/futbolhoy.co\/index.php\/2025\/01\/03\/santa-fe-anuncio-nueve-refuerzos-para-copa-libertadores-y-liga-2025\/#article","isPartOf":{"@id":"https:\/\/futbolhoy.co\/index.php\/2025\/01\/03\/santa-fe-anuncio-nueve-refuerzos-para-copa-libertadores-y-liga-2025\/"},"author":{"name":"contenido","@id":"https:\/\/futbolhoy.co\/#\/schema\/person\/1721b69355b6623eaff15ac7b92d4cc3"},"headline":"Santa Fe anunci\u00f3 nueve refuerzos para Copa Libertadores y Liga 2025","datePublished":"2025-01-04T01:39:35+00:00","dateModified":"2025-01-04T21:27:52+00:00","mainEntityOfPage":{"@id":"https:\/\/futbolhoy.co\/index.php\/2025\/01\/03\/santa-fe-anuncio-nueve-refuerzos-para-copa-libertadores-y-liga-2025\/"},"wordCount":235,"commentCount":0,"publisher":{"@id":"https:\/\/futbolhoy.co\/#organization"},"image":{"@id":"https:\/\/futbolhoy.co\/index.php\/2025\/01\/03\/santa-fe-anuncio-nueve-refuerzos-para-copa-libertadores-y-liga-2025\/#primaryimage"},"thumbnailUrl":"https:\/\/futbolhoy.co\/wp-content\/uploads\/2025\/01\/Captura-de-pantalla-2025-01-03-a-las-8.37.39\u202fp.-m.png","articleSection":["Liga BetPlay"],"inLanguage":"es","potentialAction":[{"@type":"CommentAction","name":"Comment","target":["https:\/\/futbolhoy.co\/index.php\/2025\/01\/03\/santa-fe-anuncio-nueve-refuerzos-para-copa-libertadores-y-liga-2025\/#respond"]}]},{"@type":"WebPage","@id":"https:\/\/futbolhoy.co\/index.php\/2025\/01\/03\/santa-fe-anuncio-nueve-refuerzos-para-copa-libertadores-y-liga-2025\/","url":"https:\/\/futbolhoy.co\/index.php\/2025\/01\/03\/santa-fe-anuncio-nueve-refuerzos-para-copa-libertadores-y-liga-2025\/","name":"Santa Fe anunci\u00f3 nueve refuerzos para Copa Libertadores y Liga 2025 -","isPartOf":{"@id":"https:\/\/futbolhoy.co\/#website"},"primaryImageOfPage":{"@id":"https:\/\/futbolhoy.co\/index.php\/2025\/01\/03\/santa-fe-anuncio-nueve-refuerzos-para-copa-libertadores-y-liga-2025\/#primaryimage"},"image":{"@id":"https:\/\/futbolhoy.co\/index.php\/2025\/01\/03\/santa-fe-anuncio-nueve-refuerzos-para-copa-libertadores-y-liga-2025\/#primaryimage"},"thumbnailUrl":"https:\/\/futbolhoy.co\/wp-content\/uploads\/2025\/01\/Captura-de-pantalla-2025-01-03-a-las-8.37.39\u202fp.-m.png","datePublished":"2025-01-04T01:39:35+00:00","dateModified":"2025-01-04T21:27:52+00:00","breadcrumb":{"@id":"https:\/\/futbolhoy.co\/index.php\/2025\/01\/03\/santa-fe-anuncio-nueve-refuerzos-para-copa-libertadores-y-liga-2025\/#breadcrumb"},"inLanguage":"es","potentialAction":[{"@type":"ReadAction","target":["https:\/\/futbolhoy.co\/index.php\/2025\/01\/03\/santa-fe-anuncio-nueve-refuerzos-para-copa-libertadores-y-liga-2025\/"]}]},{"@type":"ImageObject","inLanguage":"es","@id":"https:\/\/futbolhoy.co\/index.php\/2025\/01\/03\/santa-fe-anuncio-nueve-refuerzos-para-copa-libertadores-y-liga-2025\/#primaryimage","url":"https:\/\/futbolhoy.co\/wp-content\/uploads\/2025\/01\/Captura-de-pantalla-2025-01-03-a-las-8.37.39\u202fp.-m.png","contentUrl":"https:\/\/futbolhoy.co\/wp-content\/uploads\/2025\/01\/Captura-de-pantalla-2025-01-03-a-las-8.37.39\u202fp.-m.png","width":1916,"height":1310},{"@type":"BreadcrumbList","@id":"https:\/\/futbolhoy.co\/index.php\/2025\/01\/03\/santa-fe-anuncio-nueve-refuerzos-para-copa-libertadores-y-liga-2025\/#breadcrumb","itemListElement":[{"@type":"ListItem","position":1,"name":"Portada","item":"https:\/\/futbolhoy.co\/"},{"@type":"ListItem","position":2,"name":"Santa Fe anunci\u00f3 nueve refuerzos para Copa Libertadores y Liga 2025"}]},{"@type":"WebSite","@id":"https:\/\/futbolhoy.co\/#website","url":"https:\/\/futbolhoy.co\/","name":"FutbolHoy","description":"","publisher":{"@id":"https:\/\/futbolhoy.co\/#organization"},"potentialAction":[{"@type":"SearchAction","target":{"@type":"EntryPoint","urlTemplate":"https:\/\/futbolhoy.co\/?s={search_term_string}"},"query-input":{"@type":"PropertyValueSpecification","valueRequired":true,"valueName":"search_term_string"}}],"inLanguage":"es"},{"@type":"Organization","@id":"https:\/\/futbolhoy.co\/#organization","name":"Futbolhoy.co","url":"https:\/\/futbolhoy.co\/","logo":{"@type":"ImageObject","inLanguage":"es","@id":"https:\/\/futbolhoy.co\/#\/schema\/logo\/image\/","url":"https:\/\/futbolhoy.co\/wp-content\/uploads\/2018\/08\/17426380_1906371736249227_6326180412931521141_n.jpg","contentUrl":"https:\/\/futbolhoy.co\/wp-content\/uploads\/2018\/08\/17426380_1906371736249227_6326180412931521141_n.jpg","width":960,"height":960,"caption":"Futbolhoy.co"},"image":{"@id":"https:\/\/futbolhoy.co\/#\/schema\/logo\/image\/"},"sameAs":["https:\/\/www.facebook.com\/FutbolHoyCol\/","https:\/\/x.com\/FutbolHoyCol","https:\/\/www.instagram.com\/futbolhoycol\/"]},{"@type":"Person","@id":"https:\/\/futbolhoy.co\/#\/schema\/person\/1721b69355b6623eaff15ac7b92d4cc3","name":"contenido","image":{"@type":"ImageObject","inLanguage":"es","@id":"https:\/\/futbolhoy.co\/#\/schema\/person\/image\/","url":"https:\/\/secure.gravatar.com\/avatar\/4f656d3256f5134f466206e7c3941518?s=96&d=mm&r=g","contentUrl":"https:\/\/secure.gravatar.com\/avatar\/4f656d3256f5134f466206e7c3941518?s=96&d=mm&r=g","caption":"contenido"}}]}},"publishpress_future_action":{"enabled":false,"date":"2026-05-06 04:29:12","action":"change-status","newStatus":"draft","terms":[],"taxonomy":"category","extraData":[]},"publishpress_future_workflow_manual_trigger":{"enabledWorkflows":[]},"_links":{"self":[{"href":"https:\/\/futbolhoy.co\/index.php\/wp-json\/wp\/v2\/posts\/115067","targetHints":{"allow":["GET"]}}],"collection":[{"href":"https:\/\/futbolhoy.co\/index.php\/wp-json\/wp\/v2\/posts"}],"about":[{"href":"https:\/\/futbolhoy.co\/index.php\/wp-json\/wp\/v2\/types\/post"}],"author":[{"embeddable":true,"href":"https:\/\/futbolhoy.co\/index.php\/wp-json\/wp\/v2\/users\/4"}],"replies":[{"embeddable":true,"href":"https:\/\/futbolhoy.co\/index.php\/wp-json\/wp\/v2\/comments?post=115067"}],"version-history":[{"count":1,"href":"https:\/\/futbolhoy.co\/index.php\/wp-json\/wp\/v2\/posts\/115067\/revisions"}],"predecessor-version":[{"id":115069,"href":"https:\/\/futbolhoy.co\/index.php\/wp-json\/wp\/v2\/posts\/115067\/revisions\/115069"}],"wp:featuredmedia":[{"embeddable":true,"href":"https:\/\/futbolhoy.co\/index.php\/wp-json\/wp\/v2\/media\/115068"}],"wp:attachment":[{"href":"https:\/\/futbolhoy.co\/index.php\/wp-json\/wp\/v2\/media?parent=115067"}],"wp:term":[{"taxonomy":"category","embeddable":true,"href":"https:\/\/futbolhoy.co\/index.php\/wp-json\/wp\/v2\/categories?post=115067"},{"taxonomy":"post_tag","embeddable":true,"href":"https:\/\/futbolhoy.co\/index.php\/wp-json\/wp\/v2\/tags?post=115067"}],"curies":[{"name":"wp","href":"https:\/\/api.w.org\/{rel}","templated":true}]}}