{"id":115088,"date":"2025-01-04T10:06:14","date_gmt":"2025-01-04T15:06:14","guid":{"rendered":"https:\/\/futbolhoy.co\/?p=115088"},"modified":"2025-01-05T08:00:11","modified_gmt":"2025-01-05T13:00:11","slug":"laliga-rechaza-reinscribir-a-dani-olmo-y-pau-victor-sufre-barcelona","status":"publish","type":"post","link":"https:\/\/futbolhoy.co\/index.php\/2025\/01\/04\/laliga-rechaza-reinscribir-a-dani-olmo-y-pau-victor-sufre-barcelona\/","title":{"rendered":"LaLiga rechaza reinscribir a Dani Olmo y Pau V\u00edctor: sufre Barcelona"},"content":{"rendered":"<p style=\"text-align: justify;\"><span style=\"font-family: helvetica, arial, sans-serif;\"><b>La Comisi\u00f3n de Seguimiento del Convenio de Coordinaci\u00f3n LaLiga-RFEF<\/b> se reuni\u00f3 este s\u00e1bado y rechaz\u00f3 reinscribir a los jugadores del Barcelona Dani Olmo y Pau V\u00edctor, por lo que no podr\u00e1n jugar el campeonato espa\u00f1ol.\u00a0<\/span><\/p>\n<p style=\"text-align: justify;\"><span style=\"font-family: helvetica, arial, sans-serif;\">\"Habiendo sido solicitadas las licencias para los referidos jugadores por parte del FC Barcelona, tras an\u00e1lisis de la normativa federativa aplicable la Comisi\u00f3n de <b>Seguimiento est\u00e1n de acuerdo en no conceder el visado previo<\/b>, ni la licencia definitiva solicitada por el FC Barcelona para los jugadores D. Daniel Olmo Carvajal y D. Pau V\u00edctor Delgado\", afirma el\u00a0 comunicado de ambas entidades.\u00a0<\/span><\/p>\n<p style=\"text-align: justify;\"><span style=\"font-family: helvetica, arial, sans-serif;\"><b>LaLiga y la RFEF a\u00f1aden que toman esa decisi\u00f3n <\/b>\"de acuerdo a la interpretaci\u00f3n literal\" de los art\u00edculos 130.2 y 141.5 del Reglamento General de la RFEF que impiden que un jugador cuya licencia se cancele, \"pueda en el transcurso de la misma temporada, obtener la licencia en el mismo equipo del club al que ya estuviera vinculado\".<\/span><\/p>\n<p style=\"text-align: justify;\"><span style=\"font-family: helvetica, arial, sans-serif;\">Todo el problema del Barcelona corre alrededor del incumplimiento a los requisitos de la normativa de control financiero, por lo que ambos jugadores no aparec\u00edan desde el 1 de enero en la lista de futbolistas inscritos por el cuadro cul\u00e9 en la web oficial de LaLiga.\u00a0<\/span><\/p>\n<p style=\"text-align: justify;\"><span style=\"font-family: helvetica, arial, sans-serif;\">En el caso de que finalmente el Barcelona, que podr\u00eda usar sus \u00faltimos recursos ante el Consejo Superior de Deportes (CSD) o ante los tribunales ordinarios, no consiga inscribir a los jugadores, tanto <b>Dani Olmo como Pau V\u00edctor quedar\u00edan libres para poder jugar en cualquier otro equipo.<\/b><\/span><\/p>\n<p style=\"text-align: justify;\"><span style=\"font-family: helvetica, arial, sans-serif;\">El Barcelona <b>recurrir\u00e1 ahora ante el Tribunal Administrativo del Deporte (TAD) <\/b>para buscar una soluci\u00f3n que le permita continuar con sus jugadores.\u00a0<\/span><\/p>\n","protected":false},"excerpt":{"rendered":"<p>La Comisi\u00f3n de Seguimiento del Convenio de Coordinaci\u00f3n LaLiga-RFEF se reuni\u00f3 este s\u00e1bado y rechaz\u00f3 reinscribir a los jugadores del Barcelona Dani Olmo y Pau V\u00edctor, por lo que no podr\u00e1n jugar el campeonato espa\u00f1ol.\u00a0 \"Habiendo sido solicitadas las licencias para los referidos jugadores por parte del FC Barcelona, tras an\u00e1lisis de la normativa federativa [&hellip;]<\/p>\n","protected":false},"author":4,"featured_media":115089,"comment_status":"open","ping_status":"open","sticky":false,"template":"","format":"standard","meta":{"_acf_changed":false,"footnotes":""},"categories":[152],"tags":[],"class_list":{"0":"post-115088","1":"post","2":"type-post","3":"status-publish","4":"format-standard","5":"has-post-thumbnail","7":"category-mundo-futbol"},"acf":[],"yoast_head":"<!-- This site is optimized with the Yoast SEO plugin v26.8 - https:\/\/yoast.com\/product\/yoast-seo-wordpress\/ -->\n<title>LaLiga rechaza reinscribir a Dani Olmo y Pau V\u00edctor: sufre Barcelona -<\/title>\n<meta name=\"robots\" content=\"index, follow, max-snippet:-1, max-image-preview:large, max-video-preview:-1\" \/>\n<link rel=\"canonical\" href=\"https:\/\/futbolhoy.co\/index.php\/2025\/01\/04\/laliga-rechaza-reinscribir-a-dani-olmo-y-pau-victor-sufre-barcelona\/\" \/>\n<meta property=\"og:locale\" content=\"es_ES\" \/>\n<meta property=\"og:type\" content=\"article\" \/>\n<meta property=\"og:title\" content=\"LaLiga rechaza reinscribir a Dani Olmo y Pau V\u00edctor: sufre Barcelona -\" \/>\n<meta property=\"og:description\" content=\"La Comisi\u00f3n de Seguimiento del Convenio de Coordinaci\u00f3n LaLiga-RFEF se reuni\u00f3 este s\u00e1bado y rechaz\u00f3 reinscribir a los jugadores del Barcelona Dani Olmo y Pau V\u00edctor, por lo que no podr\u00e1n jugar el campeonato espa\u00f1ol.\u00a0 &quot;Habiendo sido solicitadas las licencias para los referidos jugadores por parte del FC Barcelona, tras an\u00e1lisis de la normativa federativa [&hellip;]\" \/>\n<meta property=\"og:url\" content=\"https:\/\/futbolhoy.co\/index.php\/2025\/01\/04\/laliga-rechaza-reinscribir-a-dani-olmo-y-pau-victor-sufre-barcelona\/\" \/>\n<meta property=\"article:publisher\" content=\"https:\/\/www.facebook.com\/FutbolHoyCol\/\" \/>\n<meta property=\"article:published_time\" content=\"2025-01-04T15:06:14+00:00\" \/>\n<meta property=\"article:modified_time\" content=\"2025-01-05T13:00:11+00:00\" \/>\n<meta property=\"og:image\" content=\"https:\/\/futbolhoy.co\/wp-content\/uploads\/2025\/01\/IMG_0330.jpeg\" \/>\n\t<meta property=\"og:image:width\" content=\"2048\" \/>\n\t<meta property=\"og:image:height\" content=\"1365\" \/>\n\t<meta property=\"og:image:type\" content=\"image\/jpeg\" \/>\n<meta name=\"author\" content=\"contenido\" \/>\n<meta name=\"twitter:card\" content=\"summary_large_image\" \/>\n<meta name=\"twitter:creator\" content=\"@FutbolHoyCol\" \/>\n<meta name=\"twitter:site\" content=\"@FutbolHoyCol\" \/>\n<meta name=\"twitter:label1\" content=\"Escrito por\" \/>\n\t<meta name=\"twitter:data1\" content=\"contenido\" \/>\n\t<meta name=\"twitter:label2\" content=\"Tiempo de lectura\" \/>\n\t<meta name=\"twitter:data2\" content=\"1 minuto\" \/>\n<script type=\"application\/ld+json\" class=\"yoast-schema-graph\">{\"@context\":\"https:\/\/schema.org\",\"@graph\":[{\"@type\":\"Article\",\"@id\":\"https:\/\/futbolhoy.co\/index.php\/2025\/01\/04\/laliga-rechaza-reinscribir-a-dani-olmo-y-pau-victor-sufre-barcelona\/#article\",\"isPartOf\":{\"@id\":\"https:\/\/futbolhoy.co\/index.php\/2025\/01\/04\/laliga-rechaza-reinscribir-a-dani-olmo-y-pau-victor-sufre-barcelona\/\"},\"author\":{\"name\":\"contenido\",\"@id\":\"https:\/\/futbolhoy.co\/#\/schema\/person\/1721b69355b6623eaff15ac7b92d4cc3\"},\"headline\":\"LaLiga rechaza reinscribir a Dani Olmo y Pau V\u00edctor: sufre Barcelona\",\"datePublished\":\"2025-01-04T15:06:14+00:00\",\"dateModified\":\"2025-01-05T13:00:11+00:00\",\"mainEntityOfPage\":{\"@id\":\"https:\/\/futbolhoy.co\/index.php\/2025\/01\/04\/laliga-rechaza-reinscribir-a-dani-olmo-y-pau-victor-sufre-barcelona\/\"},\"wordCount\":297,\"commentCount\":0,\"publisher\":{\"@id\":\"https:\/\/futbolhoy.co\/#organization\"},\"image\":{\"@id\":\"https:\/\/futbolhoy.co\/index.php\/2025\/01\/04\/laliga-rechaza-reinscribir-a-dani-olmo-y-pau-victor-sufre-barcelona\/#primaryimage\"},\"thumbnailUrl\":\"https:\/\/futbolhoy.co\/wp-content\/uploads\/2025\/01\/IMG_0330.jpeg\",\"articleSection\":[\"Mundo Futbol\"],\"inLanguage\":\"es\",\"potentialAction\":[{\"@type\":\"CommentAction\",\"name\":\"Comment\",\"target\":[\"https:\/\/futbolhoy.co\/index.php\/2025\/01\/04\/laliga-rechaza-reinscribir-a-dani-olmo-y-pau-victor-sufre-barcelona\/#respond\"]}]},{\"@type\":\"WebPage\",\"@id\":\"https:\/\/futbolhoy.co\/index.php\/2025\/01\/04\/laliga-rechaza-reinscribir-a-dani-olmo-y-pau-victor-sufre-barcelona\/\",\"url\":\"https:\/\/futbolhoy.co\/index.php\/2025\/01\/04\/laliga-rechaza-reinscribir-a-dani-olmo-y-pau-victor-sufre-barcelona\/\",\"name\":\"LaLiga rechaza reinscribir a Dani Olmo y Pau V\u00edctor: sufre Barcelona -\",\"isPartOf\":{\"@id\":\"https:\/\/futbolhoy.co\/#website\"},\"primaryImageOfPage\":{\"@id\":\"https:\/\/futbolhoy.co\/index.php\/2025\/01\/04\/laliga-rechaza-reinscribir-a-dani-olmo-y-pau-victor-sufre-barcelona\/#primaryimage\"},\"image\":{\"@id\":\"https:\/\/futbolhoy.co\/index.php\/2025\/01\/04\/laliga-rechaza-reinscribir-a-dani-olmo-y-pau-victor-sufre-barcelona\/#primaryimage\"},\"thumbnailUrl\":\"https:\/\/futbolhoy.co\/wp-content\/uploads\/2025\/01\/IMG_0330.jpeg\",\"datePublished\":\"2025-01-04T15:06:14+00:00\",\"dateModified\":\"2025-01-05T13:00:11+00:00\",\"breadcrumb\":{\"@id\":\"https:\/\/futbolhoy.co\/index.php\/2025\/01\/04\/laliga-rechaza-reinscribir-a-dani-olmo-y-pau-victor-sufre-barcelona\/#breadcrumb\"},\"inLanguage\":\"es\",\"potentialAction\":[{\"@type\":\"ReadAction\",\"target\":[\"https:\/\/futbolhoy.co\/index.php\/2025\/01\/04\/laliga-rechaza-reinscribir-a-dani-olmo-y-pau-victor-sufre-barcelona\/\"]}]},{\"@type\":\"ImageObject\",\"inLanguage\":\"es\",\"@id\":\"https:\/\/futbolhoy.co\/index.php\/2025\/01\/04\/laliga-rechaza-reinscribir-a-dani-olmo-y-pau-victor-sufre-barcelona\/#primaryimage\",\"url\":\"https:\/\/futbolhoy.co\/wp-content\/uploads\/2025\/01\/IMG_0330.jpeg\",\"contentUrl\":\"https:\/\/futbolhoy.co\/wp-content\/uploads\/2025\/01\/IMG_0330.jpeg\",\"width\":2048,\"height\":1365},{\"@type\":\"BreadcrumbList\",\"@id\":\"https:\/\/futbolhoy.co\/index.php\/2025\/01\/04\/laliga-rechaza-reinscribir-a-dani-olmo-y-pau-victor-sufre-barcelona\/#breadcrumb\",\"itemListElement\":[{\"@type\":\"ListItem\",\"position\":1,\"name\":\"Portada\",\"item\":\"https:\/\/futbolhoy.co\/\"},{\"@type\":\"ListItem\",\"position\":2,\"name\":\"LaLiga rechaza reinscribir a Dani Olmo y Pau V\u00edctor: sufre Barcelona\"}]},{\"@type\":\"WebSite\",\"@id\":\"https:\/\/futbolhoy.co\/#website\",\"url\":\"https:\/\/futbolhoy.co\/\",\"name\":\"FutbolHoy\",\"description\":\"\",\"publisher\":{\"@id\":\"https:\/\/futbolhoy.co\/#organization\"},\"potentialAction\":[{\"@type\":\"SearchAction\",\"target\":{\"@type\":\"EntryPoint\",\"urlTemplate\":\"https:\/\/futbolhoy.co\/?s={search_term_string}\"},\"query-input\":{\"@type\":\"PropertyValueSpecification\",\"valueRequired\":true,\"valueName\":\"search_term_string\"}}],\"inLanguage\":\"es\"},{\"@type\":\"Organization\",\"@id\":\"https:\/\/futbolhoy.co\/#organization\",\"name\":\"Futbolhoy.co\",\"url\":\"https:\/\/futbolhoy.co\/\",\"logo\":{\"@type\":\"ImageObject\",\"inLanguage\":\"es\",\"@id\":\"https:\/\/futbolhoy.co\/#\/schema\/logo\/image\/\",\"url\":\"https:\/\/futbolhoy.co\/wp-content\/uploads\/2018\/08\/17426380_1906371736249227_6326180412931521141_n.jpg\",\"contentUrl\":\"https:\/\/futbolhoy.co\/wp-content\/uploads\/2018\/08\/17426380_1906371736249227_6326180412931521141_n.jpg\",\"width\":960,\"height\":960,\"caption\":\"Futbolhoy.co\"},\"image\":{\"@id\":\"https:\/\/futbolhoy.co\/#\/schema\/logo\/image\/\"},\"sameAs\":[\"https:\/\/www.facebook.com\/FutbolHoyCol\/\",\"https:\/\/x.com\/FutbolHoyCol\",\"https:\/\/www.instagram.com\/futbolhoycol\/\"]},{\"@type\":\"Person\",\"@id\":\"https:\/\/futbolhoy.co\/#\/schema\/person\/1721b69355b6623eaff15ac7b92d4cc3\",\"name\":\"contenido\",\"image\":{\"@type\":\"ImageObject\",\"inLanguage\":\"es\",\"@id\":\"https:\/\/futbolhoy.co\/#\/schema\/person\/image\/\",\"url\":\"https:\/\/secure.gravatar.com\/avatar\/4f656d3256f5134f466206e7c3941518?s=96&d=mm&r=g\",\"contentUrl\":\"https:\/\/secure.gravatar.com\/avatar\/4f656d3256f5134f466206e7c3941518?s=96&d=mm&r=g\",\"caption\":\"contenido\"}}]}<\/script>\n<!-- \/ Yoast SEO plugin. -->","yoast_head_json":{"title":"LaLiga rechaza reinscribir a Dani Olmo y Pau V\u00edctor: sufre Barcelona -","robots":{"index":"index","follow":"follow","max-snippet":"max-snippet:-1","max-image-preview":"max-image-preview:large","max-video-preview":"max-video-preview:-1"},"canonical":"https:\/\/futbolhoy.co\/index.php\/2025\/01\/04\/laliga-rechaza-reinscribir-a-dani-olmo-y-pau-victor-sufre-barcelona\/","og_locale":"es_ES","og_type":"article","og_title":"LaLiga rechaza reinscribir a Dani Olmo y Pau V\u00edctor: sufre Barcelona -","og_description":"La Comisi\u00f3n de Seguimiento del Convenio de Coordinaci\u00f3n LaLiga-RFEF se reuni\u00f3 este s\u00e1bado y rechaz\u00f3 reinscribir a los jugadores del Barcelona Dani Olmo y Pau V\u00edctor, por lo que no podr\u00e1n jugar el campeonato espa\u00f1ol.\u00a0 \"Habiendo sido solicitadas las licencias para los referidos jugadores por parte del FC Barcelona, tras an\u00e1lisis de la normativa federativa [&hellip;]","og_url":"https:\/\/futbolhoy.co\/index.php\/2025\/01\/04\/laliga-rechaza-reinscribir-a-dani-olmo-y-pau-victor-sufre-barcelona\/","article_publisher":"https:\/\/www.facebook.com\/FutbolHoyCol\/","article_published_time":"2025-01-04T15:06:14+00:00","article_modified_time":"2025-01-05T13:00:11+00:00","og_image":[{"width":2048,"height":1365,"url":"https:\/\/futbolhoy.co\/wp-content\/uploads\/2025\/01\/IMG_0330.jpeg","type":"image\/jpeg"}],"author":"contenido","twitter_card":"summary_large_image","twitter_creator":"@FutbolHoyCol","twitter_site":"@FutbolHoyCol","twitter_misc":{"Escrito por":"contenido","Tiempo de lectura":"1 minuto"},"schema":{"@context":"https:\/\/schema.org","@graph":[{"@type":"Article","@id":"https:\/\/futbolhoy.co\/index.php\/2025\/01\/04\/laliga-rechaza-reinscribir-a-dani-olmo-y-pau-victor-sufre-barcelona\/#article","isPartOf":{"@id":"https:\/\/futbolhoy.co\/index.php\/2025\/01\/04\/laliga-rechaza-reinscribir-a-dani-olmo-y-pau-victor-sufre-barcelona\/"},"author":{"name":"contenido","@id":"https:\/\/futbolhoy.co\/#\/schema\/person\/1721b69355b6623eaff15ac7b92d4cc3"},"headline":"LaLiga rechaza reinscribir a Dani Olmo y Pau V\u00edctor: sufre Barcelona","datePublished":"2025-01-04T15:06:14+00:00","dateModified":"2025-01-05T13:00:11+00:00","mainEntityOfPage":{"@id":"https:\/\/futbolhoy.co\/index.php\/2025\/01\/04\/laliga-rechaza-reinscribir-a-dani-olmo-y-pau-victor-sufre-barcelona\/"},"wordCount":297,"commentCount":0,"publisher":{"@id":"https:\/\/futbolhoy.co\/#organization"},"image":{"@id":"https:\/\/futbolhoy.co\/index.php\/2025\/01\/04\/laliga-rechaza-reinscribir-a-dani-olmo-y-pau-victor-sufre-barcelona\/#primaryimage"},"thumbnailUrl":"https:\/\/futbolhoy.co\/wp-content\/uploads\/2025\/01\/IMG_0330.jpeg","articleSection":["Mundo Futbol"],"inLanguage":"es","potentialAction":[{"@type":"CommentAction","name":"Comment","target":["https:\/\/futbolhoy.co\/index.php\/2025\/01\/04\/laliga-rechaza-reinscribir-a-dani-olmo-y-pau-victor-sufre-barcelona\/#respond"]}]},{"@type":"WebPage","@id":"https:\/\/futbolhoy.co\/index.php\/2025\/01\/04\/laliga-rechaza-reinscribir-a-dani-olmo-y-pau-victor-sufre-barcelona\/","url":"https:\/\/futbolhoy.co\/index.php\/2025\/01\/04\/laliga-rechaza-reinscribir-a-dani-olmo-y-pau-victor-sufre-barcelona\/","name":"LaLiga rechaza reinscribir a Dani Olmo y Pau V\u00edctor: sufre Barcelona -","isPartOf":{"@id":"https:\/\/futbolhoy.co\/#website"},"primaryImageOfPage":{"@id":"https:\/\/futbolhoy.co\/index.php\/2025\/01\/04\/laliga-rechaza-reinscribir-a-dani-olmo-y-pau-victor-sufre-barcelona\/#primaryimage"},"image":{"@id":"https:\/\/futbolhoy.co\/index.php\/2025\/01\/04\/laliga-rechaza-reinscribir-a-dani-olmo-y-pau-victor-sufre-barcelona\/#primaryimage"},"thumbnailUrl":"https:\/\/futbolhoy.co\/wp-content\/uploads\/2025\/01\/IMG_0330.jpeg","datePublished":"2025-01-04T15:06:14+00:00","dateModified":"2025-01-05T13:00:11+00:00","breadcrumb":{"@id":"https:\/\/futbolhoy.co\/index.php\/2025\/01\/04\/laliga-rechaza-reinscribir-a-dani-olmo-y-pau-victor-sufre-barcelona\/#breadcrumb"},"inLanguage":"es","potentialAction":[{"@type":"ReadAction","target":["https:\/\/futbolhoy.co\/index.php\/2025\/01\/04\/laliga-rechaza-reinscribir-a-dani-olmo-y-pau-victor-sufre-barcelona\/"]}]},{"@type":"ImageObject","inLanguage":"es","@id":"https:\/\/futbolhoy.co\/index.php\/2025\/01\/04\/laliga-rechaza-reinscribir-a-dani-olmo-y-pau-victor-sufre-barcelona\/#primaryimage","url":"https:\/\/futbolhoy.co\/wp-content\/uploads\/2025\/01\/IMG_0330.jpeg","contentUrl":"https:\/\/futbolhoy.co\/wp-content\/uploads\/2025\/01\/IMG_0330.jpeg","width":2048,"height":1365},{"@type":"BreadcrumbList","@id":"https:\/\/futbolhoy.co\/index.php\/2025\/01\/04\/laliga-rechaza-reinscribir-a-dani-olmo-y-pau-victor-sufre-barcelona\/#breadcrumb","itemListElement":[{"@type":"ListItem","position":1,"name":"Portada","item":"https:\/\/futbolhoy.co\/"},{"@type":"ListItem","position":2,"name":"LaLiga rechaza reinscribir a Dani Olmo y Pau V\u00edctor: sufre Barcelona"}]},{"@type":"WebSite","@id":"https:\/\/futbolhoy.co\/#website","url":"https:\/\/futbolhoy.co\/","name":"FutbolHoy","description":"","publisher":{"@id":"https:\/\/futbolhoy.co\/#organization"},"potentialAction":[{"@type":"SearchAction","target":{"@type":"EntryPoint","urlTemplate":"https:\/\/futbolhoy.co\/?s={search_term_string}"},"query-input":{"@type":"PropertyValueSpecification","valueRequired":true,"valueName":"search_term_string"}}],"inLanguage":"es"},{"@type":"Organization","@id":"https:\/\/futbolhoy.co\/#organization","name":"Futbolhoy.co","url":"https:\/\/futbolhoy.co\/","logo":{"@type":"ImageObject","inLanguage":"es","@id":"https:\/\/futbolhoy.co\/#\/schema\/logo\/image\/","url":"https:\/\/futbolhoy.co\/wp-content\/uploads\/2018\/08\/17426380_1906371736249227_6326180412931521141_n.jpg","contentUrl":"https:\/\/futbolhoy.co\/wp-content\/uploads\/2018\/08\/17426380_1906371736249227_6326180412931521141_n.jpg","width":960,"height":960,"caption":"Futbolhoy.co"},"image":{"@id":"https:\/\/futbolhoy.co\/#\/schema\/logo\/image\/"},"sameAs":["https:\/\/www.facebook.com\/FutbolHoyCol\/","https:\/\/x.com\/FutbolHoyCol","https:\/\/www.instagram.com\/futbolhoycol\/"]},{"@type":"Person","@id":"https:\/\/futbolhoy.co\/#\/schema\/person\/1721b69355b6623eaff15ac7b92d4cc3","name":"contenido","image":{"@type":"ImageObject","inLanguage":"es","@id":"https:\/\/futbolhoy.co\/#\/schema\/person\/image\/","url":"https:\/\/secure.gravatar.com\/avatar\/4f656d3256f5134f466206e7c3941518?s=96&d=mm&r=g","contentUrl":"https:\/\/secure.gravatar.com\/avatar\/4f656d3256f5134f466206e7c3941518?s=96&d=mm&r=g","caption":"contenido"}}]}},"publishpress_future_action":{"enabled":false,"date":"2026-05-06 04:28:26","action":"change-status","newStatus":"draft","terms":[],"taxonomy":"category","extraData":[]},"publishpress_future_workflow_manual_trigger":{"enabledWorkflows":[]},"_links":{"self":[{"href":"https:\/\/futbolhoy.co\/index.php\/wp-json\/wp\/v2\/posts\/115088","targetHints":{"allow":["GET"]}}],"collection":[{"href":"https:\/\/futbolhoy.co\/index.php\/wp-json\/wp\/v2\/posts"}],"about":[{"href":"https:\/\/futbolhoy.co\/index.php\/wp-json\/wp\/v2\/types\/post"}],"author":[{"embeddable":true,"href":"https:\/\/futbolhoy.co\/index.php\/wp-json\/wp\/v2\/users\/4"}],"replies":[{"embeddable":true,"href":"https:\/\/futbolhoy.co\/index.php\/wp-json\/wp\/v2\/comments?post=115088"}],"version-history":[{"count":1,"href":"https:\/\/futbolhoy.co\/index.php\/wp-json\/wp\/v2\/posts\/115088\/revisions"}],"predecessor-version":[{"id":115090,"href":"https:\/\/futbolhoy.co\/index.php\/wp-json\/wp\/v2\/posts\/115088\/revisions\/115090"}],"wp:featuredmedia":[{"embeddable":true,"href":"https:\/\/futbolhoy.co\/index.php\/wp-json\/wp\/v2\/media\/115089"}],"wp:attachment":[{"href":"https:\/\/futbolhoy.co\/index.php\/wp-json\/wp\/v2\/media?parent=115088"}],"wp:term":[{"taxonomy":"category","embeddable":true,"href":"https:\/\/futbolhoy.co\/index.php\/wp-json\/wp\/v2\/categories?post=115088"},{"taxonomy":"post_tag","embeddable":true,"href":"https:\/\/futbolhoy.co\/index.php\/wp-json\/wp\/v2\/tags?post=115088"}],"curies":[{"name":"wp","href":"https:\/\/api.w.org\/{rel}","templated":true}]}}