{"id":115111,"date":"2025-01-05T07:58:45","date_gmt":"2025-01-05T12:58:45","guid":{"rendered":"https:\/\/futbolhoy.co\/?p=115111"},"modified":"2025-01-06T19:17:53","modified_gmt":"2025-01-07T00:17:53","slug":"tolima-anuncio-a-su-nuevo-tecnico-europeo-con-pasado-en-colombia","status":"publish","type":"post","link":"https:\/\/futbolhoy.co\/index.php\/2025\/01\/05\/tolima-anuncio-a-su-nuevo-tecnico-europeo-con-pasado-en-colombia\/","title":{"rendered":"Tolima anunci\u00f3 a su nuevo t\u00e9cnico: europeo con pasado en Colombia"},"content":{"rendered":"<p style=\"text-align: justify;\"><span style=\"font-weight: 400; font-family: helvetica, arial, sans-serif;\">Tras la salida de David Gonz\u00e1lez como entrenador, <strong>Deportes Tolima se movi\u00f3 r\u00e1pidamente<\/strong> en la b\u00fasqueda de su nuevo director t\u00e9cnico y en la noche de este s\u00e1bado anunci\u00f3 al espa\u00f1ol Ismael Rescalvo como el nuevo timonel del equipo.\u00a0<\/span><\/p>\n<p style=\"text-align: justify;\"><span style=\"font-weight: 400; font-family: helvetica, arial, sans-serif;\">Tolima viene de quedar subcampe\u00f3n de la Liga BetPlay, tras caer en la gran final contra <strong>Atl\u00e9tico Nacional, justamente con David Gonz\u00e1lez al frente del club,<\/strong> pero ahora el t\u00e9cnico colombiano firm\u00f3 con Millonarios y en el vinotinto y oro r\u00e1pidamente contrataron un t\u00e9cnico europeo con pasado en el f\u00fatbol colombiano.\u00a0<\/span><\/p>\n<p style=\"text-align: justify;\"><span style=\"font-family: helvetica, arial, sans-serif;\"><span style=\"font-weight: 400;\">\u201cBienvenido<\/span><b> Ismael Rescalvo <\/b><span style=\"font-weight: 400;\">al Deportes Tolima. Que su experiencia y liderazgo nos gu\u00eden hacia el \u00e9xito. \u00a1Vamos por todo en este nuevo camino!\u201d, anunci\u00f3 el equipo de Ibagu\u00e9 a trav\u00e9s de sus redes sociales.\u00a0<\/span><\/span><\/p>\n<p style=\"text-align: justify;\"><span style=\"font-weight: 400; font-family: helvetica, arial, sans-serif;\"><strong>En 2016 lleg\u00f3 al f\u00fatbol colombiano, cuando dirigi\u00f3 a Envigado,<\/strong> su primer equipo en Primera Divisi\u00f3n. M\u00e1s adelante fue el entrenador de Independiente Medell\u00edn en 2018, con un rendimiento de 60% en 25 partidos dirigidos.\u00a0<\/span><\/p>\n<p style=\"text-align: justify;\"><span style=\"font-weight: 400; font-family: helvetica, arial, sans-serif;\">Ismael Rescalvo todav\u00eda<strong> no ha levantado ning\u00fan t\u00edtulo como entrenador.\u00a0<\/strong><\/span><\/p>\n<p style=\"text-align: justify;\"><span style=\"font-weight: 400; font-family: helvetica, arial, sans-serif;\">No obstante, el espa\u00f1ol deber\u00e1 comenzar a trabajar con Deportes Tolima para asumir con <strong>buen pie no solamente la Liga BetPlay<\/strong>, sino tambi\u00e9n buscar avanzar en la Copa Libertadores, donde el conjunto vinotinto disputar\u00e1 la fase previa ante Melgar de Per\u00fa. <\/span><\/p>\n<blockquote class=\"twitter-tweet\">\n<p dir=\"ltr\" lang=\"es\">De la mano del profe Ismael, escribiremos una nueva historia. \u00a1VAMOS! \ud83c\udde8\ud83c\uddf4\ud83c\uddea\ud83c\uddf8 <a href=\"https:\/\/t.co\/j24y8zuYxo\">pic.twitter.com\/j24y8zuYxo<\/a><\/p>\n<p>\u2014 Club Deportes Tolima (@cdtolima) <a href=\"https:\/\/twitter.com\/cdtolima\/status\/1875729241066914213?ref_src=twsrc%5Etfw\">January 5, 2025<\/a><\/p><\/blockquote>\n<p><script async src=\"https:\/\/platform.twitter.com\/widgets.js\" charset=\"utf-8\"><\/script><\/p>\n","protected":false},"excerpt":{"rendered":"<p>Tras la salida de David Gonz\u00e1lez como entrenador, Deportes Tolima se movi\u00f3 r\u00e1pidamente en la b\u00fasqueda de su nuevo director t\u00e9cnico y en la noche de este s\u00e1bado anunci\u00f3 al espa\u00f1ol Ismael Rescalvo como el nuevo timonel del equipo.\u00a0 Tolima viene de quedar subcampe\u00f3n de la Liga BetPlay, tras caer en la gran final contra [&hellip;]<\/p>\n","protected":false},"author":4,"featured_media":115112,"comment_status":"open","ping_status":"open","sticky":false,"template":"","format":"standard","meta":{"_acf_changed":false,"footnotes":""},"categories":[7],"tags":[],"class_list":{"0":"post-115111","1":"post","2":"type-post","3":"status-publish","4":"format-standard","5":"has-post-thumbnail","7":"category-liga-betplay"},"acf":[],"yoast_head":"<!-- This site is optimized with the Yoast SEO plugin v26.8 - https:\/\/yoast.com\/product\/yoast-seo-wordpress\/ -->\n<title>Tolima anunci\u00f3 a su nuevo t\u00e9cnico: europeo con pasado en Colombia -<\/title>\n<meta name=\"robots\" content=\"index, follow, max-snippet:-1, max-image-preview:large, max-video-preview:-1\" \/>\n<link rel=\"canonical\" href=\"https:\/\/futbolhoy.co\/index.php\/2025\/01\/05\/tolima-anuncio-a-su-nuevo-tecnico-europeo-con-pasado-en-colombia\/\" \/>\n<meta property=\"og:locale\" content=\"es_ES\" \/>\n<meta property=\"og:type\" content=\"article\" \/>\n<meta property=\"og:title\" content=\"Tolima anunci\u00f3 a su nuevo t\u00e9cnico: europeo con pasado en Colombia -\" \/>\n<meta property=\"og:description\" content=\"Tras la salida de David Gonz\u00e1lez como entrenador, Deportes Tolima se movi\u00f3 r\u00e1pidamente en la b\u00fasqueda de su nuevo director t\u00e9cnico y en la noche de este s\u00e1bado anunci\u00f3 al espa\u00f1ol Ismael Rescalvo como el nuevo timonel del equipo.\u00a0 Tolima viene de quedar subcampe\u00f3n de la Liga BetPlay, tras caer en la gran final contra [&hellip;]\" \/>\n<meta property=\"og:url\" content=\"https:\/\/futbolhoy.co\/index.php\/2025\/01\/05\/tolima-anuncio-a-su-nuevo-tecnico-europeo-con-pasado-en-colombia\/\" \/>\n<meta property=\"article:publisher\" content=\"https:\/\/www.facebook.com\/FutbolHoyCol\/\" \/>\n<meta property=\"article:published_time\" content=\"2025-01-05T12:58:45+00:00\" \/>\n<meta property=\"article:modified_time\" content=\"2025-01-07T00:17:53+00:00\" \/>\n<meta property=\"og:image\" content=\"https:\/\/futbolhoy.co\/wp-content\/uploads\/2025\/01\/Captura-de-pantalla-2025-01-05-a-las-7.57.43\u202fa.-m-1024x642.png\" \/>\n\t<meta property=\"og:image:width\" content=\"1024\" \/>\n\t<meta property=\"og:image:height\" content=\"642\" \/>\n\t<meta property=\"og:image:type\" content=\"image\/png\" \/>\n<meta name=\"author\" content=\"contenido\" \/>\n<meta name=\"twitter:card\" content=\"summary_large_image\" \/>\n<meta name=\"twitter:creator\" content=\"@FutbolHoyCol\" \/>\n<meta name=\"twitter:site\" content=\"@FutbolHoyCol\" \/>\n<meta name=\"twitter:label1\" content=\"Escrito por\" \/>\n\t<meta name=\"twitter:data1\" content=\"contenido\" \/>\n\t<meta name=\"twitter:label2\" content=\"Tiempo de lectura\" \/>\n\t<meta name=\"twitter:data2\" content=\"1 minuto\" \/>\n<script type=\"application\/ld+json\" class=\"yoast-schema-graph\">{\"@context\":\"https:\/\/schema.org\",\"@graph\":[{\"@type\":\"Article\",\"@id\":\"https:\/\/futbolhoy.co\/index.php\/2025\/01\/05\/tolima-anuncio-a-su-nuevo-tecnico-europeo-con-pasado-en-colombia\/#article\",\"isPartOf\":{\"@id\":\"https:\/\/futbolhoy.co\/index.php\/2025\/01\/05\/tolima-anuncio-a-su-nuevo-tecnico-europeo-con-pasado-en-colombia\/\"},\"author\":{\"name\":\"contenido\",\"@id\":\"https:\/\/futbolhoy.co\/#\/schema\/person\/1721b69355b6623eaff15ac7b92d4cc3\"},\"headline\":\"Tolima anunci\u00f3 a su nuevo t\u00e9cnico: europeo con pasado en Colombia\",\"datePublished\":\"2025-01-05T12:58:45+00:00\",\"dateModified\":\"2025-01-07T00:17:53+00:00\",\"mainEntityOfPage\":{\"@id\":\"https:\/\/futbolhoy.co\/index.php\/2025\/01\/05\/tolima-anuncio-a-su-nuevo-tecnico-europeo-con-pasado-en-colombia\/\"},\"wordCount\":264,\"commentCount\":0,\"publisher\":{\"@id\":\"https:\/\/futbolhoy.co\/#organization\"},\"image\":{\"@id\":\"https:\/\/futbolhoy.co\/index.php\/2025\/01\/05\/tolima-anuncio-a-su-nuevo-tecnico-europeo-con-pasado-en-colombia\/#primaryimage\"},\"thumbnailUrl\":\"https:\/\/futbolhoy.co\/wp-content\/uploads\/2025\/01\/Captura-de-pantalla-2025-01-05-a-las-7.57.43\u202fa.-m.png\",\"articleSection\":[\"Liga BetPlay\"],\"inLanguage\":\"es\",\"potentialAction\":[{\"@type\":\"CommentAction\",\"name\":\"Comment\",\"target\":[\"https:\/\/futbolhoy.co\/index.php\/2025\/01\/05\/tolima-anuncio-a-su-nuevo-tecnico-europeo-con-pasado-en-colombia\/#respond\"]}]},{\"@type\":\"WebPage\",\"@id\":\"https:\/\/futbolhoy.co\/index.php\/2025\/01\/05\/tolima-anuncio-a-su-nuevo-tecnico-europeo-con-pasado-en-colombia\/\",\"url\":\"https:\/\/futbolhoy.co\/index.php\/2025\/01\/05\/tolima-anuncio-a-su-nuevo-tecnico-europeo-con-pasado-en-colombia\/\",\"name\":\"Tolima anunci\u00f3 a su nuevo t\u00e9cnico: europeo con pasado en Colombia -\",\"isPartOf\":{\"@id\":\"https:\/\/futbolhoy.co\/#website\"},\"primaryImageOfPage\":{\"@id\":\"https:\/\/futbolhoy.co\/index.php\/2025\/01\/05\/tolima-anuncio-a-su-nuevo-tecnico-europeo-con-pasado-en-colombia\/#primaryimage\"},\"image\":{\"@id\":\"https:\/\/futbolhoy.co\/index.php\/2025\/01\/05\/tolima-anuncio-a-su-nuevo-tecnico-europeo-con-pasado-en-colombia\/#primaryimage\"},\"thumbnailUrl\":\"https:\/\/futbolhoy.co\/wp-content\/uploads\/2025\/01\/Captura-de-pantalla-2025-01-05-a-las-7.57.43\u202fa.-m.png\",\"datePublished\":\"2025-01-05T12:58:45+00:00\",\"dateModified\":\"2025-01-07T00:17:53+00:00\",\"breadcrumb\":{\"@id\":\"https:\/\/futbolhoy.co\/index.php\/2025\/01\/05\/tolima-anuncio-a-su-nuevo-tecnico-europeo-con-pasado-en-colombia\/#breadcrumb\"},\"inLanguage\":\"es\",\"potentialAction\":[{\"@type\":\"ReadAction\",\"target\":[\"https:\/\/futbolhoy.co\/index.php\/2025\/01\/05\/tolima-anuncio-a-su-nuevo-tecnico-europeo-con-pasado-en-colombia\/\"]}]},{\"@type\":\"ImageObject\",\"inLanguage\":\"es\",\"@id\":\"https:\/\/futbolhoy.co\/index.php\/2025\/01\/05\/tolima-anuncio-a-su-nuevo-tecnico-europeo-con-pasado-en-colombia\/#primaryimage\",\"url\":\"https:\/\/futbolhoy.co\/wp-content\/uploads\/2025\/01\/Captura-de-pantalla-2025-01-05-a-las-7.57.43\u202fa.-m.png\",\"contentUrl\":\"https:\/\/futbolhoy.co\/wp-content\/uploads\/2025\/01\/Captura-de-pantalla-2025-01-05-a-las-7.57.43\u202fa.-m.png\",\"width\":1566,\"height\":982},{\"@type\":\"BreadcrumbList\",\"@id\":\"https:\/\/futbolhoy.co\/index.php\/2025\/01\/05\/tolima-anuncio-a-su-nuevo-tecnico-europeo-con-pasado-en-colombia\/#breadcrumb\",\"itemListElement\":[{\"@type\":\"ListItem\",\"position\":1,\"name\":\"Portada\",\"item\":\"https:\/\/futbolhoy.co\/\"},{\"@type\":\"ListItem\",\"position\":2,\"name\":\"Tolima anunci\u00f3 a su nuevo t\u00e9cnico: europeo con pasado en Colombia\"}]},{\"@type\":\"WebSite\",\"@id\":\"https:\/\/futbolhoy.co\/#website\",\"url\":\"https:\/\/futbolhoy.co\/\",\"name\":\"FutbolHoy\",\"description\":\"\",\"publisher\":{\"@id\":\"https:\/\/futbolhoy.co\/#organization\"},\"potentialAction\":[{\"@type\":\"SearchAction\",\"target\":{\"@type\":\"EntryPoint\",\"urlTemplate\":\"https:\/\/futbolhoy.co\/?s={search_term_string}\"},\"query-input\":{\"@type\":\"PropertyValueSpecification\",\"valueRequired\":true,\"valueName\":\"search_term_string\"}}],\"inLanguage\":\"es\"},{\"@type\":\"Organization\",\"@id\":\"https:\/\/futbolhoy.co\/#organization\",\"name\":\"Futbolhoy.co\",\"url\":\"https:\/\/futbolhoy.co\/\",\"logo\":{\"@type\":\"ImageObject\",\"inLanguage\":\"es\",\"@id\":\"https:\/\/futbolhoy.co\/#\/schema\/logo\/image\/\",\"url\":\"https:\/\/futbolhoy.co\/wp-content\/uploads\/2018\/08\/17426380_1906371736249227_6326180412931521141_n.jpg\",\"contentUrl\":\"https:\/\/futbolhoy.co\/wp-content\/uploads\/2018\/08\/17426380_1906371736249227_6326180412931521141_n.jpg\",\"width\":960,\"height\":960,\"caption\":\"Futbolhoy.co\"},\"image\":{\"@id\":\"https:\/\/futbolhoy.co\/#\/schema\/logo\/image\/\"},\"sameAs\":[\"https:\/\/www.facebook.com\/FutbolHoyCol\/\",\"https:\/\/x.com\/FutbolHoyCol\",\"https:\/\/www.instagram.com\/futbolhoycol\/\"]},{\"@type\":\"Person\",\"@id\":\"https:\/\/futbolhoy.co\/#\/schema\/person\/1721b69355b6623eaff15ac7b92d4cc3\",\"name\":\"contenido\",\"image\":{\"@type\":\"ImageObject\",\"inLanguage\":\"es\",\"@id\":\"https:\/\/futbolhoy.co\/#\/schema\/person\/image\/\",\"url\":\"https:\/\/secure.gravatar.com\/avatar\/4f656d3256f5134f466206e7c3941518?s=96&d=mm&r=g\",\"contentUrl\":\"https:\/\/secure.gravatar.com\/avatar\/4f656d3256f5134f466206e7c3941518?s=96&d=mm&r=g\",\"caption\":\"contenido\"}}]}<\/script>\n<!-- \/ Yoast SEO plugin. -->","yoast_head_json":{"title":"Tolima anunci\u00f3 a su nuevo t\u00e9cnico: europeo con pasado en Colombia -","robots":{"index":"index","follow":"follow","max-snippet":"max-snippet:-1","max-image-preview":"max-image-preview:large","max-video-preview":"max-video-preview:-1"},"canonical":"https:\/\/futbolhoy.co\/index.php\/2025\/01\/05\/tolima-anuncio-a-su-nuevo-tecnico-europeo-con-pasado-en-colombia\/","og_locale":"es_ES","og_type":"article","og_title":"Tolima anunci\u00f3 a su nuevo t\u00e9cnico: europeo con pasado en Colombia -","og_description":"Tras la salida de David Gonz\u00e1lez como entrenador, Deportes Tolima se movi\u00f3 r\u00e1pidamente en la b\u00fasqueda de su nuevo director t\u00e9cnico y en la noche de este s\u00e1bado anunci\u00f3 al espa\u00f1ol Ismael Rescalvo como el nuevo timonel del equipo.\u00a0 Tolima viene de quedar subcampe\u00f3n de la Liga BetPlay, tras caer en la gran final contra [&hellip;]","og_url":"https:\/\/futbolhoy.co\/index.php\/2025\/01\/05\/tolima-anuncio-a-su-nuevo-tecnico-europeo-con-pasado-en-colombia\/","article_publisher":"https:\/\/www.facebook.com\/FutbolHoyCol\/","article_published_time":"2025-01-05T12:58:45+00:00","article_modified_time":"2025-01-07T00:17:53+00:00","og_image":[{"width":1024,"height":642,"url":"https:\/\/futbolhoy.co\/wp-content\/uploads\/2025\/01\/Captura-de-pantalla-2025-01-05-a-las-7.57.43\u202fa.-m-1024x642.png","type":"image\/png"}],"author":"contenido","twitter_card":"summary_large_image","twitter_creator":"@FutbolHoyCol","twitter_site":"@FutbolHoyCol","twitter_misc":{"Escrito por":"contenido","Tiempo de lectura":"1 minuto"},"schema":{"@context":"https:\/\/schema.org","@graph":[{"@type":"Article","@id":"https:\/\/futbolhoy.co\/index.php\/2025\/01\/05\/tolima-anuncio-a-su-nuevo-tecnico-europeo-con-pasado-en-colombia\/#article","isPartOf":{"@id":"https:\/\/futbolhoy.co\/index.php\/2025\/01\/05\/tolima-anuncio-a-su-nuevo-tecnico-europeo-con-pasado-en-colombia\/"},"author":{"name":"contenido","@id":"https:\/\/futbolhoy.co\/#\/schema\/person\/1721b69355b6623eaff15ac7b92d4cc3"},"headline":"Tolima anunci\u00f3 a su nuevo t\u00e9cnico: europeo con pasado en Colombia","datePublished":"2025-01-05T12:58:45+00:00","dateModified":"2025-01-07T00:17:53+00:00","mainEntityOfPage":{"@id":"https:\/\/futbolhoy.co\/index.php\/2025\/01\/05\/tolima-anuncio-a-su-nuevo-tecnico-europeo-con-pasado-en-colombia\/"},"wordCount":264,"commentCount":0,"publisher":{"@id":"https:\/\/futbolhoy.co\/#organization"},"image":{"@id":"https:\/\/futbolhoy.co\/index.php\/2025\/01\/05\/tolima-anuncio-a-su-nuevo-tecnico-europeo-con-pasado-en-colombia\/#primaryimage"},"thumbnailUrl":"https:\/\/futbolhoy.co\/wp-content\/uploads\/2025\/01\/Captura-de-pantalla-2025-01-05-a-las-7.57.43\u202fa.-m.png","articleSection":["Liga BetPlay"],"inLanguage":"es","potentialAction":[{"@type":"CommentAction","name":"Comment","target":["https:\/\/futbolhoy.co\/index.php\/2025\/01\/05\/tolima-anuncio-a-su-nuevo-tecnico-europeo-con-pasado-en-colombia\/#respond"]}]},{"@type":"WebPage","@id":"https:\/\/futbolhoy.co\/index.php\/2025\/01\/05\/tolima-anuncio-a-su-nuevo-tecnico-europeo-con-pasado-en-colombia\/","url":"https:\/\/futbolhoy.co\/index.php\/2025\/01\/05\/tolima-anuncio-a-su-nuevo-tecnico-europeo-con-pasado-en-colombia\/","name":"Tolima anunci\u00f3 a su nuevo t\u00e9cnico: europeo con pasado en Colombia -","isPartOf":{"@id":"https:\/\/futbolhoy.co\/#website"},"primaryImageOfPage":{"@id":"https:\/\/futbolhoy.co\/index.php\/2025\/01\/05\/tolima-anuncio-a-su-nuevo-tecnico-europeo-con-pasado-en-colombia\/#primaryimage"},"image":{"@id":"https:\/\/futbolhoy.co\/index.php\/2025\/01\/05\/tolima-anuncio-a-su-nuevo-tecnico-europeo-con-pasado-en-colombia\/#primaryimage"},"thumbnailUrl":"https:\/\/futbolhoy.co\/wp-content\/uploads\/2025\/01\/Captura-de-pantalla-2025-01-05-a-las-7.57.43\u202fa.-m.png","datePublished":"2025-01-05T12:58:45+00:00","dateModified":"2025-01-07T00:17:53+00:00","breadcrumb":{"@id":"https:\/\/futbolhoy.co\/index.php\/2025\/01\/05\/tolima-anuncio-a-su-nuevo-tecnico-europeo-con-pasado-en-colombia\/#breadcrumb"},"inLanguage":"es","potentialAction":[{"@type":"ReadAction","target":["https:\/\/futbolhoy.co\/index.php\/2025\/01\/05\/tolima-anuncio-a-su-nuevo-tecnico-europeo-con-pasado-en-colombia\/"]}]},{"@type":"ImageObject","inLanguage":"es","@id":"https:\/\/futbolhoy.co\/index.php\/2025\/01\/05\/tolima-anuncio-a-su-nuevo-tecnico-europeo-con-pasado-en-colombia\/#primaryimage","url":"https:\/\/futbolhoy.co\/wp-content\/uploads\/2025\/01\/Captura-de-pantalla-2025-01-05-a-las-7.57.43\u202fa.-m.png","contentUrl":"https:\/\/futbolhoy.co\/wp-content\/uploads\/2025\/01\/Captura-de-pantalla-2025-01-05-a-las-7.57.43\u202fa.-m.png","width":1566,"height":982},{"@type":"BreadcrumbList","@id":"https:\/\/futbolhoy.co\/index.php\/2025\/01\/05\/tolima-anuncio-a-su-nuevo-tecnico-europeo-con-pasado-en-colombia\/#breadcrumb","itemListElement":[{"@type":"ListItem","position":1,"name":"Portada","item":"https:\/\/futbolhoy.co\/"},{"@type":"ListItem","position":2,"name":"Tolima anunci\u00f3 a su nuevo t\u00e9cnico: europeo con pasado en Colombia"}]},{"@type":"WebSite","@id":"https:\/\/futbolhoy.co\/#website","url":"https:\/\/futbolhoy.co\/","name":"FutbolHoy","description":"","publisher":{"@id":"https:\/\/futbolhoy.co\/#organization"},"potentialAction":[{"@type":"SearchAction","target":{"@type":"EntryPoint","urlTemplate":"https:\/\/futbolhoy.co\/?s={search_term_string}"},"query-input":{"@type":"PropertyValueSpecification","valueRequired":true,"valueName":"search_term_string"}}],"inLanguage":"es"},{"@type":"Organization","@id":"https:\/\/futbolhoy.co\/#organization","name":"Futbolhoy.co","url":"https:\/\/futbolhoy.co\/","logo":{"@type":"ImageObject","inLanguage":"es","@id":"https:\/\/futbolhoy.co\/#\/schema\/logo\/image\/","url":"https:\/\/futbolhoy.co\/wp-content\/uploads\/2018\/08\/17426380_1906371736249227_6326180412931521141_n.jpg","contentUrl":"https:\/\/futbolhoy.co\/wp-content\/uploads\/2018\/08\/17426380_1906371736249227_6326180412931521141_n.jpg","width":960,"height":960,"caption":"Futbolhoy.co"},"image":{"@id":"https:\/\/futbolhoy.co\/#\/schema\/logo\/image\/"},"sameAs":["https:\/\/www.facebook.com\/FutbolHoyCol\/","https:\/\/x.com\/FutbolHoyCol","https:\/\/www.instagram.com\/futbolhoycol\/"]},{"@type":"Person","@id":"https:\/\/futbolhoy.co\/#\/schema\/person\/1721b69355b6623eaff15ac7b92d4cc3","name":"contenido","image":{"@type":"ImageObject","inLanguage":"es","@id":"https:\/\/futbolhoy.co\/#\/schema\/person\/image\/","url":"https:\/\/secure.gravatar.com\/avatar\/4f656d3256f5134f466206e7c3941518?s=96&d=mm&r=g","contentUrl":"https:\/\/secure.gravatar.com\/avatar\/4f656d3256f5134f466206e7c3941518?s=96&d=mm&r=g","caption":"contenido"}}]}},"publishpress_future_action":{"enabled":false,"date":"2026-05-06 09:32:32","action":"change-status","newStatus":"draft","terms":[],"taxonomy":"category","extraData":[]},"publishpress_future_workflow_manual_trigger":{"enabledWorkflows":[]},"_links":{"self":[{"href":"https:\/\/futbolhoy.co\/index.php\/wp-json\/wp\/v2\/posts\/115111","targetHints":{"allow":["GET"]}}],"collection":[{"href":"https:\/\/futbolhoy.co\/index.php\/wp-json\/wp\/v2\/posts"}],"about":[{"href":"https:\/\/futbolhoy.co\/index.php\/wp-json\/wp\/v2\/types\/post"}],"author":[{"embeddable":true,"href":"https:\/\/futbolhoy.co\/index.php\/wp-json\/wp\/v2\/users\/4"}],"replies":[{"embeddable":true,"href":"https:\/\/futbolhoy.co\/index.php\/wp-json\/wp\/v2\/comments?post=115111"}],"version-history":[{"count":1,"href":"https:\/\/futbolhoy.co\/index.php\/wp-json\/wp\/v2\/posts\/115111\/revisions"}],"predecessor-version":[{"id":115113,"href":"https:\/\/futbolhoy.co\/index.php\/wp-json\/wp\/v2\/posts\/115111\/revisions\/115113"}],"wp:featuredmedia":[{"embeddable":true,"href":"https:\/\/futbolhoy.co\/index.php\/wp-json\/wp\/v2\/media\/115112"}],"wp:attachment":[{"href":"https:\/\/futbolhoy.co\/index.php\/wp-json\/wp\/v2\/media?parent=115111"}],"wp:term":[{"taxonomy":"category","embeddable":true,"href":"https:\/\/futbolhoy.co\/index.php\/wp-json\/wp\/v2\/categories?post=115111"},{"taxonomy":"post_tag","embeddable":true,"href":"https:\/\/futbolhoy.co\/index.php\/wp-json\/wp\/v2\/tags?post=115111"}],"curies":[{"name":"wp","href":"https:\/\/api.w.org\/{rel}","templated":true}]}}