{"id":115122,"date":"2025-01-05T15:30:05","date_gmt":"2025-01-05T20:30:05","guid":{"rendered":"https:\/\/futbolhoy.co\/?p=115122"},"modified":"2025-01-07T08:58:34","modified_gmt":"2025-01-07T13:58:34","slug":"racing-acepto-negociar-a-quintero","status":"publish","type":"post","link":"https:\/\/futbolhoy.co\/index.php\/2025\/01\/05\/racing-acepto-negociar-a-quintero\/","title":{"rendered":"Racing acept\u00f3 negociar a Quintero"},"content":{"rendered":"<p class=\"x_ydp71369700MsoNormal\" style=\"text-align: justify;\"><span style=\"font-family: helvetica, arial, sans-serif;\"><b>Racing Club<\/b>\u00a0emiti\u00f3 un comunicado oficial en sus redes oficiales, donde acepta la posibilidad de negociar el traspaso del volante colombiano\u00a0<b>Juan Fernando Quintero<\/b>, quien ha venido adelantando negociaciones con\u00a0<b>Am\u00e9rica de Cali.<\/b><\/span><\/p>\n<p class=\"x_ydp71369700MsoNormal\" style=\"text-align: justify;\"><span style=\"font-family: helvetica, arial, sans-serif;\">El texto de la\u00a0<b>\u2018Academia\u2019<\/b>\u00a0indica: \u201cEn un contexto que afecta a su entorno m\u00e1s cercano,\u00a0<b>Juan Fernando Quintero ha pedido regresar cuanto antes a Colombia<\/b>, su pa\u00eds natal, y no participar de la pretemporada en\u00a0<b>Paraguay<\/b>\u00a0cuando a\u00fan queda un a\u00f1o de relaci\u00f3n contractual.<\/span><\/p>\n<p class=\"x_ydp71369700MsoNormal\" style=\"text-align: justify;\"><span style=\"font-family: helvetica, arial, sans-serif;\">Racing Club, con pleno conocimiento del caso, acept\u00f3 analizar un traspaso, siempre que la negociaci\u00f3n entre instituciones satisfaga los propios intereses.\u00a0<b>En tanto el patrimonio del Club no quede afectado, se podr\u00e1 avanzar en una eventual transferencia.<\/b><\/span><\/p>\n<p class=\"x_ydp71369700MsoNormal\" style=\"text-align: justify;\"><span style=\"font-family: helvetica, arial, sans-serif;\">Por ese mismo motivo, porque\u00a0<b>el objetivo prioritario ser\u00e1 siempre resguardar el bienestar de nuestra Instituci\u00f3n,<\/b>\u00a0Racing Club aguarda y conf\u00eda en una soluci\u00f3n que contemple todas las partes involucradas\u201d.<\/span><\/p>\n<p class=\"x_ydp71369700MsoNormal\" style=\"text-align: justify;\"><span style=\"font-family: helvetica, arial, sans-serif;\">El club argentino al parecer adeuda m\u00e1s de dos millones de d\u00f3lares al jugador antioque\u00f1o, quien habr\u00eda acordado un salario cercano a los\u00a0<b>1.000 millones de pesos mensuales.<\/b><\/span><\/p>\n","protected":false},"excerpt":{"rendered":"<p>Racing Club\u00a0emiti\u00f3 un comunicado oficial en sus redes oficiales, donde acepta la posibilidad de negociar el traspaso del volante colombiano\u00a0Juan Fernando Quintero, quien ha venido adelantando negociaciones con\u00a0Am\u00e9rica de Cali. El texto de la\u00a0\u2018Academia\u2019\u00a0indica: \u201cEn un contexto que afecta a su entorno m\u00e1s cercano,\u00a0Juan Fernando Quintero ha pedido regresar cuanto antes a Colombia, su pa\u00eds [&hellip;]<\/p>\n","protected":false},"author":4,"featured_media":114102,"comment_status":"open","ping_status":"open","sticky":false,"template":"","format":"standard","meta":{"_acf_changed":false,"footnotes":""},"categories":[418],"tags":[],"class_list":{"0":"post-115122","1":"post","2":"type-post","3":"status-publish","4":"format-standard","5":"has-post-thumbnail","7":"category-colombia"},"acf":[],"yoast_head":"<!-- This site is optimized with the Yoast SEO plugin v26.8 - https:\/\/yoast.com\/product\/yoast-seo-wordpress\/ -->\n<title>Racing acept\u00f3 negociar a Quintero -<\/title>\n<meta name=\"robots\" content=\"index, follow, max-snippet:-1, max-image-preview:large, max-video-preview:-1\" \/>\n<link rel=\"canonical\" href=\"https:\/\/futbolhoy.co\/index.php\/2025\/01\/05\/racing-acepto-negociar-a-quintero\/\" \/>\n<meta property=\"og:locale\" content=\"es_ES\" \/>\n<meta property=\"og:type\" content=\"article\" \/>\n<meta property=\"og:title\" content=\"Racing acept\u00f3 negociar a Quintero -\" \/>\n<meta property=\"og:description\" content=\"Racing Club\u00a0emiti\u00f3 un comunicado oficial en sus redes oficiales, donde acepta la posibilidad de negociar el traspaso del volante colombiano\u00a0Juan Fernando Quintero, quien ha venido adelantando negociaciones con\u00a0Am\u00e9rica de Cali. El texto de la\u00a0\u2018Academia\u2019\u00a0indica: \u201cEn un contexto que afecta a su entorno m\u00e1s cercano,\u00a0Juan Fernando Quintero ha pedido regresar cuanto antes a Colombia, su pa\u00eds [&hellip;]\" \/>\n<meta property=\"og:url\" content=\"https:\/\/futbolhoy.co\/index.php\/2025\/01\/05\/racing-acepto-negociar-a-quintero\/\" \/>\n<meta property=\"article:publisher\" content=\"https:\/\/www.facebook.com\/FutbolHoyCol\/\" \/>\n<meta property=\"article:published_time\" content=\"2025-01-05T20:30:05+00:00\" \/>\n<meta property=\"article:modified_time\" content=\"2025-01-07T13:58:34+00:00\" \/>\n<meta property=\"og:image\" content=\"https:\/\/futbolhoy.co\/wp-content\/uploads\/2024\/11\/IMG_8259.jpeg\" \/>\n\t<meta property=\"og:image:width\" content=\"1179\" \/>\n\t<meta property=\"og:image:height\" content=\"942\" \/>\n\t<meta property=\"og:image:type\" content=\"image\/jpeg\" \/>\n<meta name=\"author\" content=\"contenido\" \/>\n<meta name=\"twitter:card\" content=\"summary_large_image\" \/>\n<meta name=\"twitter:creator\" content=\"@FutbolHoyCol\" \/>\n<meta name=\"twitter:site\" content=\"@FutbolHoyCol\" \/>\n<meta name=\"twitter:label1\" content=\"Escrito por\" \/>\n\t<meta name=\"twitter:data1\" content=\"contenido\" \/>\n\t<meta name=\"twitter:label2\" content=\"Tiempo de lectura\" \/>\n\t<meta name=\"twitter:data2\" content=\"1 minuto\" \/>\n<script type=\"application\/ld+json\" class=\"yoast-schema-graph\">{\"@context\":\"https:\/\/schema.org\",\"@graph\":[{\"@type\":\"Article\",\"@id\":\"https:\/\/futbolhoy.co\/index.php\/2025\/01\/05\/racing-acepto-negociar-a-quintero\/#article\",\"isPartOf\":{\"@id\":\"https:\/\/futbolhoy.co\/index.php\/2025\/01\/05\/racing-acepto-negociar-a-quintero\/\"},\"author\":{\"name\":\"contenido\",\"@id\":\"https:\/\/futbolhoy.co\/#\/schema\/person\/1721b69355b6623eaff15ac7b92d4cc3\"},\"headline\":\"Racing acept\u00f3 negociar a Quintero\",\"datePublished\":\"2025-01-05T20:30:05+00:00\",\"dateModified\":\"2025-01-07T13:58:34+00:00\",\"mainEntityOfPage\":{\"@id\":\"https:\/\/futbolhoy.co\/index.php\/2025\/01\/05\/racing-acepto-negociar-a-quintero\/\"},\"wordCount\":191,\"commentCount\":0,\"publisher\":{\"@id\":\"https:\/\/futbolhoy.co\/#organization\"},\"image\":{\"@id\":\"https:\/\/futbolhoy.co\/index.php\/2025\/01\/05\/racing-acepto-negociar-a-quintero\/#primaryimage\"},\"thumbnailUrl\":\"https:\/\/futbolhoy.co\/wp-content\/uploads\/2024\/11\/IMG_8259.jpeg\",\"articleSection\":[\"Colombia\"],\"inLanguage\":\"es\",\"potentialAction\":[{\"@type\":\"CommentAction\",\"name\":\"Comment\",\"target\":[\"https:\/\/futbolhoy.co\/index.php\/2025\/01\/05\/racing-acepto-negociar-a-quintero\/#respond\"]}]},{\"@type\":\"WebPage\",\"@id\":\"https:\/\/futbolhoy.co\/index.php\/2025\/01\/05\/racing-acepto-negociar-a-quintero\/\",\"url\":\"https:\/\/futbolhoy.co\/index.php\/2025\/01\/05\/racing-acepto-negociar-a-quintero\/\",\"name\":\"Racing acept\u00f3 negociar a Quintero -\",\"isPartOf\":{\"@id\":\"https:\/\/futbolhoy.co\/#website\"},\"primaryImageOfPage\":{\"@id\":\"https:\/\/futbolhoy.co\/index.php\/2025\/01\/05\/racing-acepto-negociar-a-quintero\/#primaryimage\"},\"image\":{\"@id\":\"https:\/\/futbolhoy.co\/index.php\/2025\/01\/05\/racing-acepto-negociar-a-quintero\/#primaryimage\"},\"thumbnailUrl\":\"https:\/\/futbolhoy.co\/wp-content\/uploads\/2024\/11\/IMG_8259.jpeg\",\"datePublished\":\"2025-01-05T20:30:05+00:00\",\"dateModified\":\"2025-01-07T13:58:34+00:00\",\"breadcrumb\":{\"@id\":\"https:\/\/futbolhoy.co\/index.php\/2025\/01\/05\/racing-acepto-negociar-a-quintero\/#breadcrumb\"},\"inLanguage\":\"es\",\"potentialAction\":[{\"@type\":\"ReadAction\",\"target\":[\"https:\/\/futbolhoy.co\/index.php\/2025\/01\/05\/racing-acepto-negociar-a-quintero\/\"]}]},{\"@type\":\"ImageObject\",\"inLanguage\":\"es\",\"@id\":\"https:\/\/futbolhoy.co\/index.php\/2025\/01\/05\/racing-acepto-negociar-a-quintero\/#primaryimage\",\"url\":\"https:\/\/futbolhoy.co\/wp-content\/uploads\/2024\/11\/IMG_8259.jpeg\",\"contentUrl\":\"https:\/\/futbolhoy.co\/wp-content\/uploads\/2024\/11\/IMG_8259.jpeg\",\"width\":1179,\"height\":942},{\"@type\":\"BreadcrumbList\",\"@id\":\"https:\/\/futbolhoy.co\/index.php\/2025\/01\/05\/racing-acepto-negociar-a-quintero\/#breadcrumb\",\"itemListElement\":[{\"@type\":\"ListItem\",\"position\":1,\"name\":\"Portada\",\"item\":\"https:\/\/futbolhoy.co\/\"},{\"@type\":\"ListItem\",\"position\":2,\"name\":\"Racing acept\u00f3 negociar a Quintero\"}]},{\"@type\":\"WebSite\",\"@id\":\"https:\/\/futbolhoy.co\/#website\",\"url\":\"https:\/\/futbolhoy.co\/\",\"name\":\"FutbolHoy\",\"description\":\"\",\"publisher\":{\"@id\":\"https:\/\/futbolhoy.co\/#organization\"},\"potentialAction\":[{\"@type\":\"SearchAction\",\"target\":{\"@type\":\"EntryPoint\",\"urlTemplate\":\"https:\/\/futbolhoy.co\/?s={search_term_string}\"},\"query-input\":{\"@type\":\"PropertyValueSpecification\",\"valueRequired\":true,\"valueName\":\"search_term_string\"}}],\"inLanguage\":\"es\"},{\"@type\":\"Organization\",\"@id\":\"https:\/\/futbolhoy.co\/#organization\",\"name\":\"Futbolhoy.co\",\"url\":\"https:\/\/futbolhoy.co\/\",\"logo\":{\"@type\":\"ImageObject\",\"inLanguage\":\"es\",\"@id\":\"https:\/\/futbolhoy.co\/#\/schema\/logo\/image\/\",\"url\":\"https:\/\/futbolhoy.co\/wp-content\/uploads\/2018\/08\/17426380_1906371736249227_6326180412931521141_n.jpg\",\"contentUrl\":\"https:\/\/futbolhoy.co\/wp-content\/uploads\/2018\/08\/17426380_1906371736249227_6326180412931521141_n.jpg\",\"width\":960,\"height\":960,\"caption\":\"Futbolhoy.co\"},\"image\":{\"@id\":\"https:\/\/futbolhoy.co\/#\/schema\/logo\/image\/\"},\"sameAs\":[\"https:\/\/www.facebook.com\/FutbolHoyCol\/\",\"https:\/\/x.com\/FutbolHoyCol\",\"https:\/\/www.instagram.com\/futbolhoycol\/\"]},{\"@type\":\"Person\",\"@id\":\"https:\/\/futbolhoy.co\/#\/schema\/person\/1721b69355b6623eaff15ac7b92d4cc3\",\"name\":\"contenido\",\"image\":{\"@type\":\"ImageObject\",\"inLanguage\":\"es\",\"@id\":\"https:\/\/futbolhoy.co\/#\/schema\/person\/image\/\",\"url\":\"https:\/\/secure.gravatar.com\/avatar\/4f656d3256f5134f466206e7c3941518?s=96&d=mm&r=g\",\"contentUrl\":\"https:\/\/secure.gravatar.com\/avatar\/4f656d3256f5134f466206e7c3941518?s=96&d=mm&r=g\",\"caption\":\"contenido\"}}]}<\/script>\n<!-- \/ Yoast SEO plugin. -->","yoast_head_json":{"title":"Racing acept\u00f3 negociar a Quintero -","robots":{"index":"index","follow":"follow","max-snippet":"max-snippet:-1","max-image-preview":"max-image-preview:large","max-video-preview":"max-video-preview:-1"},"canonical":"https:\/\/futbolhoy.co\/index.php\/2025\/01\/05\/racing-acepto-negociar-a-quintero\/","og_locale":"es_ES","og_type":"article","og_title":"Racing acept\u00f3 negociar a Quintero -","og_description":"Racing Club\u00a0emiti\u00f3 un comunicado oficial en sus redes oficiales, donde acepta la posibilidad de negociar el traspaso del volante colombiano\u00a0Juan Fernando Quintero, quien ha venido adelantando negociaciones con\u00a0Am\u00e9rica de Cali. El texto de la\u00a0\u2018Academia\u2019\u00a0indica: \u201cEn un contexto que afecta a su entorno m\u00e1s cercano,\u00a0Juan Fernando Quintero ha pedido regresar cuanto antes a Colombia, su pa\u00eds [&hellip;]","og_url":"https:\/\/futbolhoy.co\/index.php\/2025\/01\/05\/racing-acepto-negociar-a-quintero\/","article_publisher":"https:\/\/www.facebook.com\/FutbolHoyCol\/","article_published_time":"2025-01-05T20:30:05+00:00","article_modified_time":"2025-01-07T13:58:34+00:00","og_image":[{"width":1179,"height":942,"url":"https:\/\/futbolhoy.co\/wp-content\/uploads\/2024\/11\/IMG_8259.jpeg","type":"image\/jpeg"}],"author":"contenido","twitter_card":"summary_large_image","twitter_creator":"@FutbolHoyCol","twitter_site":"@FutbolHoyCol","twitter_misc":{"Escrito por":"contenido","Tiempo de lectura":"1 minuto"},"schema":{"@context":"https:\/\/schema.org","@graph":[{"@type":"Article","@id":"https:\/\/futbolhoy.co\/index.php\/2025\/01\/05\/racing-acepto-negociar-a-quintero\/#article","isPartOf":{"@id":"https:\/\/futbolhoy.co\/index.php\/2025\/01\/05\/racing-acepto-negociar-a-quintero\/"},"author":{"name":"contenido","@id":"https:\/\/futbolhoy.co\/#\/schema\/person\/1721b69355b6623eaff15ac7b92d4cc3"},"headline":"Racing acept\u00f3 negociar a Quintero","datePublished":"2025-01-05T20:30:05+00:00","dateModified":"2025-01-07T13:58:34+00:00","mainEntityOfPage":{"@id":"https:\/\/futbolhoy.co\/index.php\/2025\/01\/05\/racing-acepto-negociar-a-quintero\/"},"wordCount":191,"commentCount":0,"publisher":{"@id":"https:\/\/futbolhoy.co\/#organization"},"image":{"@id":"https:\/\/futbolhoy.co\/index.php\/2025\/01\/05\/racing-acepto-negociar-a-quintero\/#primaryimage"},"thumbnailUrl":"https:\/\/futbolhoy.co\/wp-content\/uploads\/2024\/11\/IMG_8259.jpeg","articleSection":["Colombia"],"inLanguage":"es","potentialAction":[{"@type":"CommentAction","name":"Comment","target":["https:\/\/futbolhoy.co\/index.php\/2025\/01\/05\/racing-acepto-negociar-a-quintero\/#respond"]}]},{"@type":"WebPage","@id":"https:\/\/futbolhoy.co\/index.php\/2025\/01\/05\/racing-acepto-negociar-a-quintero\/","url":"https:\/\/futbolhoy.co\/index.php\/2025\/01\/05\/racing-acepto-negociar-a-quintero\/","name":"Racing acept\u00f3 negociar a Quintero -","isPartOf":{"@id":"https:\/\/futbolhoy.co\/#website"},"primaryImageOfPage":{"@id":"https:\/\/futbolhoy.co\/index.php\/2025\/01\/05\/racing-acepto-negociar-a-quintero\/#primaryimage"},"image":{"@id":"https:\/\/futbolhoy.co\/index.php\/2025\/01\/05\/racing-acepto-negociar-a-quintero\/#primaryimage"},"thumbnailUrl":"https:\/\/futbolhoy.co\/wp-content\/uploads\/2024\/11\/IMG_8259.jpeg","datePublished":"2025-01-05T20:30:05+00:00","dateModified":"2025-01-07T13:58:34+00:00","breadcrumb":{"@id":"https:\/\/futbolhoy.co\/index.php\/2025\/01\/05\/racing-acepto-negociar-a-quintero\/#breadcrumb"},"inLanguage":"es","potentialAction":[{"@type":"ReadAction","target":["https:\/\/futbolhoy.co\/index.php\/2025\/01\/05\/racing-acepto-negociar-a-quintero\/"]}]},{"@type":"ImageObject","inLanguage":"es","@id":"https:\/\/futbolhoy.co\/index.php\/2025\/01\/05\/racing-acepto-negociar-a-quintero\/#primaryimage","url":"https:\/\/futbolhoy.co\/wp-content\/uploads\/2024\/11\/IMG_8259.jpeg","contentUrl":"https:\/\/futbolhoy.co\/wp-content\/uploads\/2024\/11\/IMG_8259.jpeg","width":1179,"height":942},{"@type":"BreadcrumbList","@id":"https:\/\/futbolhoy.co\/index.php\/2025\/01\/05\/racing-acepto-negociar-a-quintero\/#breadcrumb","itemListElement":[{"@type":"ListItem","position":1,"name":"Portada","item":"https:\/\/futbolhoy.co\/"},{"@type":"ListItem","position":2,"name":"Racing acept\u00f3 negociar a Quintero"}]},{"@type":"WebSite","@id":"https:\/\/futbolhoy.co\/#website","url":"https:\/\/futbolhoy.co\/","name":"FutbolHoy","description":"","publisher":{"@id":"https:\/\/futbolhoy.co\/#organization"},"potentialAction":[{"@type":"SearchAction","target":{"@type":"EntryPoint","urlTemplate":"https:\/\/futbolhoy.co\/?s={search_term_string}"},"query-input":{"@type":"PropertyValueSpecification","valueRequired":true,"valueName":"search_term_string"}}],"inLanguage":"es"},{"@type":"Organization","@id":"https:\/\/futbolhoy.co\/#organization","name":"Futbolhoy.co","url":"https:\/\/futbolhoy.co\/","logo":{"@type":"ImageObject","inLanguage":"es","@id":"https:\/\/futbolhoy.co\/#\/schema\/logo\/image\/","url":"https:\/\/futbolhoy.co\/wp-content\/uploads\/2018\/08\/17426380_1906371736249227_6326180412931521141_n.jpg","contentUrl":"https:\/\/futbolhoy.co\/wp-content\/uploads\/2018\/08\/17426380_1906371736249227_6326180412931521141_n.jpg","width":960,"height":960,"caption":"Futbolhoy.co"},"image":{"@id":"https:\/\/futbolhoy.co\/#\/schema\/logo\/image\/"},"sameAs":["https:\/\/www.facebook.com\/FutbolHoyCol\/","https:\/\/x.com\/FutbolHoyCol","https:\/\/www.instagram.com\/futbolhoycol\/"]},{"@type":"Person","@id":"https:\/\/futbolhoy.co\/#\/schema\/person\/1721b69355b6623eaff15ac7b92d4cc3","name":"contenido","image":{"@type":"ImageObject","inLanguage":"es","@id":"https:\/\/futbolhoy.co\/#\/schema\/person\/image\/","url":"https:\/\/secure.gravatar.com\/avatar\/4f656d3256f5134f466206e7c3941518?s=96&d=mm&r=g","contentUrl":"https:\/\/secure.gravatar.com\/avatar\/4f656d3256f5134f466206e7c3941518?s=96&d=mm&r=g","caption":"contenido"}}]}},"publishpress_future_action":{"enabled":false,"date":"2026-05-06 13:17:07","action":"change-status","newStatus":"draft","terms":[],"taxonomy":"category","extraData":[]},"publishpress_future_workflow_manual_trigger":{"enabledWorkflows":[]},"_links":{"self":[{"href":"https:\/\/futbolhoy.co\/index.php\/wp-json\/wp\/v2\/posts\/115122","targetHints":{"allow":["GET"]}}],"collection":[{"href":"https:\/\/futbolhoy.co\/index.php\/wp-json\/wp\/v2\/posts"}],"about":[{"href":"https:\/\/futbolhoy.co\/index.php\/wp-json\/wp\/v2\/types\/post"}],"author":[{"embeddable":true,"href":"https:\/\/futbolhoy.co\/index.php\/wp-json\/wp\/v2\/users\/4"}],"replies":[{"embeddable":true,"href":"https:\/\/futbolhoy.co\/index.php\/wp-json\/wp\/v2\/comments?post=115122"}],"version-history":[{"count":1,"href":"https:\/\/futbolhoy.co\/index.php\/wp-json\/wp\/v2\/posts\/115122\/revisions"}],"predecessor-version":[{"id":115123,"href":"https:\/\/futbolhoy.co\/index.php\/wp-json\/wp\/v2\/posts\/115122\/revisions\/115123"}],"wp:featuredmedia":[{"embeddable":true,"href":"https:\/\/futbolhoy.co\/index.php\/wp-json\/wp\/v2\/media\/114102"}],"wp:attachment":[{"href":"https:\/\/futbolhoy.co\/index.php\/wp-json\/wp\/v2\/media?parent=115122"}],"wp:term":[{"taxonomy":"category","embeddable":true,"href":"https:\/\/futbolhoy.co\/index.php\/wp-json\/wp\/v2\/categories?post=115122"},{"taxonomy":"post_tag","embeddable":true,"href":"https:\/\/futbolhoy.co\/index.php\/wp-json\/wp\/v2\/tags?post=115122"}],"curies":[{"name":"wp","href":"https:\/\/api.w.org\/{rel}","templated":true}]}}