{"id":115134,"date":"2025-01-06T09:31:54","date_gmt":"2025-01-06T14:31:54","guid":{"rendered":"https:\/\/futbolhoy.co\/?p=115134"},"modified":"2025-01-07T14:29:35","modified_gmt":"2025-01-07T19:29:35","slug":"james-rodriguez-otra-vez-el-sueno-de-boca-juniors","status":"publish","type":"post","link":"https:\/\/futbolhoy.co\/index.php\/2025\/01\/06\/james-rodriguez-otra-vez-el-sueno-de-boca-juniors\/","title":{"rendered":"James Rodr\u00edguez, otra vez el sue\u00f1o de Boca Juniors"},"content":{"rendered":"<p style=\"text-align: justify;\"><span style=\"font-family: helvetica, arial, sans-serif;\">Es oficial, <b>James Rodr\u00edguez es agente libre y ahora podr\u00e1 negociar con el club <\/b>que quiera tras llegar a un acuerdo mutuo con Rayo Vallecano y definir su salida del equipo espa\u00f1ol, al mismo tiempo, el 10 de la Selecci\u00f3n Colombia volvi\u00f3 a sonar como una posibilidad de fichaje en Boca Juniors.\u00a0<\/span><\/p>\n<p style=\"text-align: justify;\"><span style=\"font-family: helvetica, arial, sans-serif;\"><b>El lunes comenz\u00f3 movido, pues se confirm\u00f3 desde Espa\u00f1a que James<\/b> lleg\u00f3 a un acuerdo para salir del Rayo, luego de media temporada en la que poco protagonismo ha tenido, y en la que parece borrado por el director t\u00e9cnico.\u00a0<\/span><\/p>\n<p style=\"text-align: justify;\"><span style=\"font-family: helvetica, arial, sans-serif;\">Con s\u00f3lo seis meses en su regreso a Europa, <b>James no pudo ser figura en el equipo de Vallecas, <\/b>pese a haber llegado tras ser elegido el mejor jugador de la Copa Am\u00e9rica m\u00e1s reciente.<br \/>\n<\/span><\/p>\n<p><span style=\"font-family: helvetica, arial, sans-serif;\">Hace dos meses el colombiano no juega en <strong>Liga<\/strong> y desde la <strong>Copa Am\u00e9rica, <\/strong>en julio, solo fue titular dos veces: disput\u00f3 136' en Liga y 69' en <strong>Copa del Rey<\/strong>.<\/span><\/p>\n<p style=\"text-align: justify;\"><span style=\"font-family: helvetica, arial, sans-serif;\">Al igual que ahora en el Rayo Vallecano, James no termin\u00f3 contrato en <strong>Real Madrid, Bayern M\u00fanich, Everton, Al Rayyan, Olympiacos, S\u00e3o Paulo.<\/strong><\/span><\/p>\n<p style=\"text-align: justify;\"><span style=\"font-family: helvetica, arial, sans-serif;\">Desde Argentina, el Diario Ol\u00e9 puso a James en la portada de este lunes con el sue\u00f1o de los hinchas de Boca Juniors por el fichaje del 10 de la Selecci\u00f3n Colombia. Seg\u00fan apunta el medio argentino, el equipo xeneize est\u00e1 buscando reforzarse <b>en la posici\u00f3n de James<\/b>, algo que favorece al colombiano, m\u00e1s a\u00fan cuando en este 2025 pelear\u00e1n por clasificar a la fase de grupos de la Copa Libertadores.\u00a0<\/span><\/p>\n<p style=\"text-align: justify;\"><span style=\"font-family: helvetica, arial, sans-serif;\"><b>No es la primera vez que a James se le relaciona con Boca Juniors<\/b>, de hecho, hasta hace seis meses, antes de qu\u00e9 llegara a Espa\u00f1a, el colombiano fue acercado al equipo argentino, pero ahora se convertir\u00eda en el segundo en la lucha por fichar al 10 de la Selecci\u00f3n, pues hasta ahora el equipo que ha sonado para que llegue James es el Junior de Barranquilla.\u00a0<\/span><\/p>\n","protected":false},"excerpt":{"rendered":"<p>Es oficial, James Rodr\u00edguez es agente libre y ahora podr\u00e1 negociar con el club que quiera tras llegar a un acuerdo mutuo con Rayo Vallecano y definir su salida del equipo espa\u00f1ol, al mismo tiempo, el 10 de la Selecci\u00f3n Colombia volvi\u00f3 a sonar como una posibilidad de fichaje en Boca Juniors.\u00a0 El lunes comenz\u00f3 [&hellip;]<\/p>\n","protected":false},"author":4,"featured_media":115135,"comment_status":"open","ping_status":"open","sticky":false,"template":"","format":"standard","meta":{"_acf_changed":false,"footnotes":""},"categories":[418],"tags":[],"class_list":{"0":"post-115134","1":"post","2":"type-post","3":"status-publish","4":"format-standard","5":"has-post-thumbnail","7":"category-colombia"},"acf":[],"yoast_head":"<!-- This site is optimized with the Yoast SEO plugin v26.8 - https:\/\/yoast.com\/product\/yoast-seo-wordpress\/ -->\n<title>James Rodr\u00edguez, otra vez el sue\u00f1o de Boca Juniors -<\/title>\n<meta name=\"robots\" content=\"index, follow, max-snippet:-1, max-image-preview:large, max-video-preview:-1\" \/>\n<link rel=\"canonical\" href=\"https:\/\/futbolhoy.co\/index.php\/2025\/01\/06\/james-rodriguez-otra-vez-el-sueno-de-boca-juniors\/\" \/>\n<meta property=\"og:locale\" content=\"es_ES\" \/>\n<meta property=\"og:type\" content=\"article\" \/>\n<meta property=\"og:title\" content=\"James Rodr\u00edguez, otra vez el sue\u00f1o de Boca Juniors -\" \/>\n<meta property=\"og:description\" content=\"Es oficial, James Rodr\u00edguez es agente libre y ahora podr\u00e1 negociar con el club que quiera tras llegar a un acuerdo mutuo con Rayo Vallecano y definir su salida del equipo espa\u00f1ol, al mismo tiempo, el 10 de la Selecci\u00f3n Colombia volvi\u00f3 a sonar como una posibilidad de fichaje en Boca Juniors.\u00a0 El lunes comenz\u00f3 [&hellip;]\" \/>\n<meta property=\"og:url\" content=\"https:\/\/futbolhoy.co\/index.php\/2025\/01\/06\/james-rodriguez-otra-vez-el-sueno-de-boca-juniors\/\" \/>\n<meta property=\"article:publisher\" content=\"https:\/\/www.facebook.com\/FutbolHoyCol\/\" \/>\n<meta property=\"article:published_time\" content=\"2025-01-06T14:31:54+00:00\" \/>\n<meta property=\"article:modified_time\" content=\"2025-01-07T19:29:35+00:00\" \/>\n<meta property=\"og:image\" content=\"https:\/\/futbolhoy.co\/wp-content\/uploads\/2025\/01\/IMG_0343.jpeg\" \/>\n\t<meta property=\"og:image:width\" content=\"1179\" \/>\n\t<meta property=\"og:image:height\" content=\"862\" \/>\n\t<meta property=\"og:image:type\" content=\"image\/jpeg\" \/>\n<meta name=\"author\" content=\"contenido\" \/>\n<meta name=\"twitter:card\" content=\"summary_large_image\" \/>\n<meta name=\"twitter:creator\" content=\"@FutbolHoyCol\" \/>\n<meta name=\"twitter:site\" content=\"@FutbolHoyCol\" \/>\n<meta name=\"twitter:label1\" content=\"Escrito por\" \/>\n\t<meta name=\"twitter:data1\" content=\"contenido\" \/>\n\t<meta name=\"twitter:label2\" content=\"Tiempo de lectura\" \/>\n\t<meta name=\"twitter:data2\" content=\"2 minutos\" \/>\n<script type=\"application\/ld+json\" class=\"yoast-schema-graph\">{\"@context\":\"https:\/\/schema.org\",\"@graph\":[{\"@type\":\"Article\",\"@id\":\"https:\/\/futbolhoy.co\/index.php\/2025\/01\/06\/james-rodriguez-otra-vez-el-sueno-de-boca-juniors\/#article\",\"isPartOf\":{\"@id\":\"https:\/\/futbolhoy.co\/index.php\/2025\/01\/06\/james-rodriguez-otra-vez-el-sueno-de-boca-juniors\/\"},\"author\":{\"name\":\"contenido\",\"@id\":\"https:\/\/futbolhoy.co\/#\/schema\/person\/1721b69355b6623eaff15ac7b92d4cc3\"},\"headline\":\"James Rodr\u00edguez, otra vez el sue\u00f1o de Boca Juniors\",\"datePublished\":\"2025-01-06T14:31:54+00:00\",\"dateModified\":\"2025-01-07T19:29:35+00:00\",\"mainEntityOfPage\":{\"@id\":\"https:\/\/futbolhoy.co\/index.php\/2025\/01\/06\/james-rodriguez-otra-vez-el-sueno-de-boca-juniors\/\"},\"wordCount\":347,\"commentCount\":0,\"publisher\":{\"@id\":\"https:\/\/futbolhoy.co\/#organization\"},\"image\":{\"@id\":\"https:\/\/futbolhoy.co\/index.php\/2025\/01\/06\/james-rodriguez-otra-vez-el-sueno-de-boca-juniors\/#primaryimage\"},\"thumbnailUrl\":\"https:\/\/futbolhoy.co\/wp-content\/uploads\/2025\/01\/IMG_0343.jpeg\",\"articleSection\":[\"Colombia\"],\"inLanguage\":\"es\",\"potentialAction\":[{\"@type\":\"CommentAction\",\"name\":\"Comment\",\"target\":[\"https:\/\/futbolhoy.co\/index.php\/2025\/01\/06\/james-rodriguez-otra-vez-el-sueno-de-boca-juniors\/#respond\"]}]},{\"@type\":\"WebPage\",\"@id\":\"https:\/\/futbolhoy.co\/index.php\/2025\/01\/06\/james-rodriguez-otra-vez-el-sueno-de-boca-juniors\/\",\"url\":\"https:\/\/futbolhoy.co\/index.php\/2025\/01\/06\/james-rodriguez-otra-vez-el-sueno-de-boca-juniors\/\",\"name\":\"James Rodr\u00edguez, otra vez el sue\u00f1o de Boca Juniors -\",\"isPartOf\":{\"@id\":\"https:\/\/futbolhoy.co\/#website\"},\"primaryImageOfPage\":{\"@id\":\"https:\/\/futbolhoy.co\/index.php\/2025\/01\/06\/james-rodriguez-otra-vez-el-sueno-de-boca-juniors\/#primaryimage\"},\"image\":{\"@id\":\"https:\/\/futbolhoy.co\/index.php\/2025\/01\/06\/james-rodriguez-otra-vez-el-sueno-de-boca-juniors\/#primaryimage\"},\"thumbnailUrl\":\"https:\/\/futbolhoy.co\/wp-content\/uploads\/2025\/01\/IMG_0343.jpeg\",\"datePublished\":\"2025-01-06T14:31:54+00:00\",\"dateModified\":\"2025-01-07T19:29:35+00:00\",\"breadcrumb\":{\"@id\":\"https:\/\/futbolhoy.co\/index.php\/2025\/01\/06\/james-rodriguez-otra-vez-el-sueno-de-boca-juniors\/#breadcrumb\"},\"inLanguage\":\"es\",\"potentialAction\":[{\"@type\":\"ReadAction\",\"target\":[\"https:\/\/futbolhoy.co\/index.php\/2025\/01\/06\/james-rodriguez-otra-vez-el-sueno-de-boca-juniors\/\"]}]},{\"@type\":\"ImageObject\",\"inLanguage\":\"es\",\"@id\":\"https:\/\/futbolhoy.co\/index.php\/2025\/01\/06\/james-rodriguez-otra-vez-el-sueno-de-boca-juniors\/#primaryimage\",\"url\":\"https:\/\/futbolhoy.co\/wp-content\/uploads\/2025\/01\/IMG_0343.jpeg\",\"contentUrl\":\"https:\/\/futbolhoy.co\/wp-content\/uploads\/2025\/01\/IMG_0343.jpeg\",\"width\":1179,\"height\":862},{\"@type\":\"BreadcrumbList\",\"@id\":\"https:\/\/futbolhoy.co\/index.php\/2025\/01\/06\/james-rodriguez-otra-vez-el-sueno-de-boca-juniors\/#breadcrumb\",\"itemListElement\":[{\"@type\":\"ListItem\",\"position\":1,\"name\":\"Portada\",\"item\":\"https:\/\/futbolhoy.co\/\"},{\"@type\":\"ListItem\",\"position\":2,\"name\":\"James Rodr\u00edguez, otra vez el sue\u00f1o de Boca Juniors\"}]},{\"@type\":\"WebSite\",\"@id\":\"https:\/\/futbolhoy.co\/#website\",\"url\":\"https:\/\/futbolhoy.co\/\",\"name\":\"FutbolHoy\",\"description\":\"\",\"publisher\":{\"@id\":\"https:\/\/futbolhoy.co\/#organization\"},\"potentialAction\":[{\"@type\":\"SearchAction\",\"target\":{\"@type\":\"EntryPoint\",\"urlTemplate\":\"https:\/\/futbolhoy.co\/?s={search_term_string}\"},\"query-input\":{\"@type\":\"PropertyValueSpecification\",\"valueRequired\":true,\"valueName\":\"search_term_string\"}}],\"inLanguage\":\"es\"},{\"@type\":\"Organization\",\"@id\":\"https:\/\/futbolhoy.co\/#organization\",\"name\":\"Futbolhoy.co\",\"url\":\"https:\/\/futbolhoy.co\/\",\"logo\":{\"@type\":\"ImageObject\",\"inLanguage\":\"es\",\"@id\":\"https:\/\/futbolhoy.co\/#\/schema\/logo\/image\/\",\"url\":\"https:\/\/futbolhoy.co\/wp-content\/uploads\/2018\/08\/17426380_1906371736249227_6326180412931521141_n.jpg\",\"contentUrl\":\"https:\/\/futbolhoy.co\/wp-content\/uploads\/2018\/08\/17426380_1906371736249227_6326180412931521141_n.jpg\",\"width\":960,\"height\":960,\"caption\":\"Futbolhoy.co\"},\"image\":{\"@id\":\"https:\/\/futbolhoy.co\/#\/schema\/logo\/image\/\"},\"sameAs\":[\"https:\/\/www.facebook.com\/FutbolHoyCol\/\",\"https:\/\/x.com\/FutbolHoyCol\",\"https:\/\/www.instagram.com\/futbolhoycol\/\"]},{\"@type\":\"Person\",\"@id\":\"https:\/\/futbolhoy.co\/#\/schema\/person\/1721b69355b6623eaff15ac7b92d4cc3\",\"name\":\"contenido\",\"image\":{\"@type\":\"ImageObject\",\"inLanguage\":\"es\",\"@id\":\"https:\/\/futbolhoy.co\/#\/schema\/person\/image\/\",\"url\":\"https:\/\/secure.gravatar.com\/avatar\/4f656d3256f5134f466206e7c3941518?s=96&d=mm&r=g\",\"contentUrl\":\"https:\/\/secure.gravatar.com\/avatar\/4f656d3256f5134f466206e7c3941518?s=96&d=mm&r=g\",\"caption\":\"contenido\"}}]}<\/script>\n<!-- \/ Yoast SEO plugin. -->","yoast_head_json":{"title":"James Rodr\u00edguez, otra vez el sue\u00f1o de Boca Juniors -","robots":{"index":"index","follow":"follow","max-snippet":"max-snippet:-1","max-image-preview":"max-image-preview:large","max-video-preview":"max-video-preview:-1"},"canonical":"https:\/\/futbolhoy.co\/index.php\/2025\/01\/06\/james-rodriguez-otra-vez-el-sueno-de-boca-juniors\/","og_locale":"es_ES","og_type":"article","og_title":"James Rodr\u00edguez, otra vez el sue\u00f1o de Boca Juniors -","og_description":"Es oficial, James Rodr\u00edguez es agente libre y ahora podr\u00e1 negociar con el club que quiera tras llegar a un acuerdo mutuo con Rayo Vallecano y definir su salida del equipo espa\u00f1ol, al mismo tiempo, el 10 de la Selecci\u00f3n Colombia volvi\u00f3 a sonar como una posibilidad de fichaje en Boca Juniors.\u00a0 El lunes comenz\u00f3 [&hellip;]","og_url":"https:\/\/futbolhoy.co\/index.php\/2025\/01\/06\/james-rodriguez-otra-vez-el-sueno-de-boca-juniors\/","article_publisher":"https:\/\/www.facebook.com\/FutbolHoyCol\/","article_published_time":"2025-01-06T14:31:54+00:00","article_modified_time":"2025-01-07T19:29:35+00:00","og_image":[{"width":1179,"height":862,"url":"https:\/\/futbolhoy.co\/wp-content\/uploads\/2025\/01\/IMG_0343.jpeg","type":"image\/jpeg"}],"author":"contenido","twitter_card":"summary_large_image","twitter_creator":"@FutbolHoyCol","twitter_site":"@FutbolHoyCol","twitter_misc":{"Escrito por":"contenido","Tiempo de lectura":"2 minutos"},"schema":{"@context":"https:\/\/schema.org","@graph":[{"@type":"Article","@id":"https:\/\/futbolhoy.co\/index.php\/2025\/01\/06\/james-rodriguez-otra-vez-el-sueno-de-boca-juniors\/#article","isPartOf":{"@id":"https:\/\/futbolhoy.co\/index.php\/2025\/01\/06\/james-rodriguez-otra-vez-el-sueno-de-boca-juniors\/"},"author":{"name":"contenido","@id":"https:\/\/futbolhoy.co\/#\/schema\/person\/1721b69355b6623eaff15ac7b92d4cc3"},"headline":"James Rodr\u00edguez, otra vez el sue\u00f1o de Boca Juniors","datePublished":"2025-01-06T14:31:54+00:00","dateModified":"2025-01-07T19:29:35+00:00","mainEntityOfPage":{"@id":"https:\/\/futbolhoy.co\/index.php\/2025\/01\/06\/james-rodriguez-otra-vez-el-sueno-de-boca-juniors\/"},"wordCount":347,"commentCount":0,"publisher":{"@id":"https:\/\/futbolhoy.co\/#organization"},"image":{"@id":"https:\/\/futbolhoy.co\/index.php\/2025\/01\/06\/james-rodriguez-otra-vez-el-sueno-de-boca-juniors\/#primaryimage"},"thumbnailUrl":"https:\/\/futbolhoy.co\/wp-content\/uploads\/2025\/01\/IMG_0343.jpeg","articleSection":["Colombia"],"inLanguage":"es","potentialAction":[{"@type":"CommentAction","name":"Comment","target":["https:\/\/futbolhoy.co\/index.php\/2025\/01\/06\/james-rodriguez-otra-vez-el-sueno-de-boca-juniors\/#respond"]}]},{"@type":"WebPage","@id":"https:\/\/futbolhoy.co\/index.php\/2025\/01\/06\/james-rodriguez-otra-vez-el-sueno-de-boca-juniors\/","url":"https:\/\/futbolhoy.co\/index.php\/2025\/01\/06\/james-rodriguez-otra-vez-el-sueno-de-boca-juniors\/","name":"James Rodr\u00edguez, otra vez el sue\u00f1o de Boca Juniors -","isPartOf":{"@id":"https:\/\/futbolhoy.co\/#website"},"primaryImageOfPage":{"@id":"https:\/\/futbolhoy.co\/index.php\/2025\/01\/06\/james-rodriguez-otra-vez-el-sueno-de-boca-juniors\/#primaryimage"},"image":{"@id":"https:\/\/futbolhoy.co\/index.php\/2025\/01\/06\/james-rodriguez-otra-vez-el-sueno-de-boca-juniors\/#primaryimage"},"thumbnailUrl":"https:\/\/futbolhoy.co\/wp-content\/uploads\/2025\/01\/IMG_0343.jpeg","datePublished":"2025-01-06T14:31:54+00:00","dateModified":"2025-01-07T19:29:35+00:00","breadcrumb":{"@id":"https:\/\/futbolhoy.co\/index.php\/2025\/01\/06\/james-rodriguez-otra-vez-el-sueno-de-boca-juniors\/#breadcrumb"},"inLanguage":"es","potentialAction":[{"@type":"ReadAction","target":["https:\/\/futbolhoy.co\/index.php\/2025\/01\/06\/james-rodriguez-otra-vez-el-sueno-de-boca-juniors\/"]}]},{"@type":"ImageObject","inLanguage":"es","@id":"https:\/\/futbolhoy.co\/index.php\/2025\/01\/06\/james-rodriguez-otra-vez-el-sueno-de-boca-juniors\/#primaryimage","url":"https:\/\/futbolhoy.co\/wp-content\/uploads\/2025\/01\/IMG_0343.jpeg","contentUrl":"https:\/\/futbolhoy.co\/wp-content\/uploads\/2025\/01\/IMG_0343.jpeg","width":1179,"height":862},{"@type":"BreadcrumbList","@id":"https:\/\/futbolhoy.co\/index.php\/2025\/01\/06\/james-rodriguez-otra-vez-el-sueno-de-boca-juniors\/#breadcrumb","itemListElement":[{"@type":"ListItem","position":1,"name":"Portada","item":"https:\/\/futbolhoy.co\/"},{"@type":"ListItem","position":2,"name":"James Rodr\u00edguez, otra vez el sue\u00f1o de Boca Juniors"}]},{"@type":"WebSite","@id":"https:\/\/futbolhoy.co\/#website","url":"https:\/\/futbolhoy.co\/","name":"FutbolHoy","description":"","publisher":{"@id":"https:\/\/futbolhoy.co\/#organization"},"potentialAction":[{"@type":"SearchAction","target":{"@type":"EntryPoint","urlTemplate":"https:\/\/futbolhoy.co\/?s={search_term_string}"},"query-input":{"@type":"PropertyValueSpecification","valueRequired":true,"valueName":"search_term_string"}}],"inLanguage":"es"},{"@type":"Organization","@id":"https:\/\/futbolhoy.co\/#organization","name":"Futbolhoy.co","url":"https:\/\/futbolhoy.co\/","logo":{"@type":"ImageObject","inLanguage":"es","@id":"https:\/\/futbolhoy.co\/#\/schema\/logo\/image\/","url":"https:\/\/futbolhoy.co\/wp-content\/uploads\/2018\/08\/17426380_1906371736249227_6326180412931521141_n.jpg","contentUrl":"https:\/\/futbolhoy.co\/wp-content\/uploads\/2018\/08\/17426380_1906371736249227_6326180412931521141_n.jpg","width":960,"height":960,"caption":"Futbolhoy.co"},"image":{"@id":"https:\/\/futbolhoy.co\/#\/schema\/logo\/image\/"},"sameAs":["https:\/\/www.facebook.com\/FutbolHoyCol\/","https:\/\/x.com\/FutbolHoyCol","https:\/\/www.instagram.com\/futbolhoycol\/"]},{"@type":"Person","@id":"https:\/\/futbolhoy.co\/#\/schema\/person\/1721b69355b6623eaff15ac7b92d4cc3","name":"contenido","image":{"@type":"ImageObject","inLanguage":"es","@id":"https:\/\/futbolhoy.co\/#\/schema\/person\/image\/","url":"https:\/\/secure.gravatar.com\/avatar\/4f656d3256f5134f466206e7c3941518?s=96&d=mm&r=g","contentUrl":"https:\/\/secure.gravatar.com\/avatar\/4f656d3256f5134f466206e7c3941518?s=96&d=mm&r=g","caption":"contenido"}}]}},"publishpress_future_action":{"enabled":false,"date":"2026-05-06 14:17:17","action":"change-status","newStatus":"draft","terms":[],"taxonomy":"category","extraData":[]},"publishpress_future_workflow_manual_trigger":{"enabledWorkflows":[]},"_links":{"self":[{"href":"https:\/\/futbolhoy.co\/index.php\/wp-json\/wp\/v2\/posts\/115134","targetHints":{"allow":["GET"]}}],"collection":[{"href":"https:\/\/futbolhoy.co\/index.php\/wp-json\/wp\/v2\/posts"}],"about":[{"href":"https:\/\/futbolhoy.co\/index.php\/wp-json\/wp\/v2\/types\/post"}],"author":[{"embeddable":true,"href":"https:\/\/futbolhoy.co\/index.php\/wp-json\/wp\/v2\/users\/4"}],"replies":[{"embeddable":true,"href":"https:\/\/futbolhoy.co\/index.php\/wp-json\/wp\/v2\/comments?post=115134"}],"version-history":[{"count":3,"href":"https:\/\/futbolhoy.co\/index.php\/wp-json\/wp\/v2\/posts\/115134\/revisions"}],"predecessor-version":[{"id":115138,"href":"https:\/\/futbolhoy.co\/index.php\/wp-json\/wp\/v2\/posts\/115134\/revisions\/115138"}],"wp:featuredmedia":[{"embeddable":true,"href":"https:\/\/futbolhoy.co\/index.php\/wp-json\/wp\/v2\/media\/115135"}],"wp:attachment":[{"href":"https:\/\/futbolhoy.co\/index.php\/wp-json\/wp\/v2\/media?parent=115134"}],"wp:term":[{"taxonomy":"category","embeddable":true,"href":"https:\/\/futbolhoy.co\/index.php\/wp-json\/wp\/v2\/categories?post=115134"},{"taxonomy":"post_tag","embeddable":true,"href":"https:\/\/futbolhoy.co\/index.php\/wp-json\/wp\/v2\/tags?post=115134"}],"curies":[{"name":"wp","href":"https:\/\/api.w.org\/{rel}","templated":true}]}}