{"id":115139,"date":"2025-01-06T19:25:20","date_gmt":"2025-01-07T00:25:20","guid":{"rendered":"https:\/\/futbolhoy.co\/?p=115139"},"modified":"2025-01-07T10:40:54","modified_gmt":"2025-01-07T15:40:54","slug":"milan-le-remonto-al-inter-y-se-corono-en-la-supercopa-de-italia","status":"publish","type":"post","link":"https:\/\/futbolhoy.co\/index.php\/2025\/01\/06\/milan-le-remonto-al-inter-y-se-corono-en-la-supercopa-de-italia\/","title":{"rendered":"Milan le remont\u00f3 al Inter y se coron\u00f3 en la Supercopa de Italia"},"content":{"rendered":"<p style=\"text-align: justify;\"><span style=\"font-family: helvetica, arial, sans-serif;\">El nuevo <strong>Milan<\/strong> de <strong>Sergio Conceicao<\/strong> es <strong>Supercampe\u00f3n de Italia<\/strong>. El nuevo t\u00e9cnico ha conseguido en apenas ocho d\u00edas revivir a un equipo a la deriva y acabar con la dictadura del Inter en este torneo -campe\u00f3n de las \u00faltimas 3 ediciones- con otra remontada (2-3) en<strong> Arabia Saudita.<\/strong><\/span><\/p>\n<p style=\"text-align: justify;\"><span style=\"font-family: helvetica, arial, sans-serif;\">Milan volvi\u00f3 este lunes a ganar un t\u00edtulo, algo que no suced\u00eda desde hace tres a\u00f1os, cuando levant\u00f3 el '<strong>Scudetto<\/strong>' en 2022. Y lo hizo a lo grande. Remont\u00f3 a la <strong>'Juve'<\/strong> en semifinales. Y remont\u00f3 2 goles al rey del f\u00fatbol italiano en la gran final, en todo un '<strong>Derbi della Madoninna'.<\/strong><\/span><\/p>\n<p style=\"text-align: justify;\"><span style=\"font-family: helvetica, arial, sans-serif;\">El Inter dio el primer golpe en un momento clave. Y el segundo, en otro momento decisivo en el f\u00fatbol. Porque en el 47, nada m\u00e1s empezar la segunda parte, <strong>Tarmei<\/strong> puso tierra de por medio con el segundo, aprovechando la gran asistencia de<strong> De Vrij<\/strong> desde la l\u00ednea de la defensa.<\/span><\/p>\n<p style=\"text-align: justify;\"><span style=\"font-family: helvetica, arial, sans-serif;\">Milan reaccion\u00f3 y al minuto 52 encontr\u00f3 el descuento con una anotaci\u00f3n de <strong>Theo Hern\u00e1ndez.<\/strong> Este mismo asisti\u00f3 a <strong>Christian<\/strong> <strong>Pulisic<\/strong> al 80 y sobre el 90+3\u2019 lleg\u00f3 el gol del t\u00edtulo gracias a un pase de <strong>Leao<\/strong> para <strong>Abraham<\/strong>.<\/span><\/p>\n","protected":false},"excerpt":{"rendered":"<p>El nuevo Milan de Sergio Conceicao es Supercampe\u00f3n de Italia. El nuevo t\u00e9cnico ha conseguido en apenas ocho d\u00edas revivir a un equipo a la deriva y acabar con la dictadura del Inter en este torneo -campe\u00f3n de las \u00faltimas 3 ediciones- con otra remontada (2-3) en Arabia Saudita. Milan volvi\u00f3 este lunes a ganar [&hellip;]<\/p>\n","protected":false},"author":4,"featured_media":115140,"comment_status":"open","ping_status":"open","sticky":false,"template":"","format":"standard","meta":{"_acf_changed":false,"footnotes":""},"categories":[152],"tags":[],"class_list":{"0":"post-115139","1":"post","2":"type-post","3":"status-publish","4":"format-standard","5":"has-post-thumbnail","7":"category-mundo-futbol"},"acf":[],"yoast_head":"<!-- This site is optimized with the Yoast SEO plugin v26.8 - https:\/\/yoast.com\/product\/yoast-seo-wordpress\/ -->\n<title>Milan le remont\u00f3 al Inter y se coron\u00f3 en la Supercopa de Italia -<\/title>\n<meta name=\"robots\" content=\"index, follow, max-snippet:-1, max-image-preview:large, max-video-preview:-1\" \/>\n<link rel=\"canonical\" href=\"https:\/\/futbolhoy.co\/index.php\/2025\/01\/06\/milan-le-remonto-al-inter-y-se-corono-en-la-supercopa-de-italia\/\" \/>\n<meta property=\"og:locale\" content=\"es_ES\" \/>\n<meta property=\"og:type\" content=\"article\" \/>\n<meta property=\"og:title\" content=\"Milan le remont\u00f3 al Inter y se coron\u00f3 en la Supercopa de Italia -\" \/>\n<meta property=\"og:description\" content=\"El nuevo Milan de Sergio Conceicao es Supercampe\u00f3n de Italia. El nuevo t\u00e9cnico ha conseguido en apenas ocho d\u00edas revivir a un equipo a la deriva y acabar con la dictadura del Inter en este torneo -campe\u00f3n de las \u00faltimas 3 ediciones- con otra remontada (2-3) en Arabia Saudita. Milan volvi\u00f3 este lunes a ganar [&hellip;]\" \/>\n<meta property=\"og:url\" content=\"https:\/\/futbolhoy.co\/index.php\/2025\/01\/06\/milan-le-remonto-al-inter-y-se-corono-en-la-supercopa-de-italia\/\" \/>\n<meta property=\"article:publisher\" content=\"https:\/\/www.facebook.com\/FutbolHoyCol\/\" \/>\n<meta property=\"article:published_time\" content=\"2025-01-07T00:25:20+00:00\" \/>\n<meta property=\"article:modified_time\" content=\"2025-01-07T15:40:54+00:00\" \/>\n<meta property=\"og:image\" content=\"https:\/\/futbolhoy.co\/wp-content\/uploads\/2025\/01\/IMG_9485.jpeg\" \/>\n\t<meta property=\"og:image:width\" content=\"968\" \/>\n\t<meta property=\"og:image:height\" content=\"605\" \/>\n\t<meta property=\"og:image:type\" content=\"image\/jpeg\" \/>\n<meta name=\"author\" content=\"contenido\" \/>\n<meta name=\"twitter:card\" content=\"summary_large_image\" \/>\n<meta name=\"twitter:creator\" content=\"@FutbolHoyCol\" \/>\n<meta name=\"twitter:site\" content=\"@FutbolHoyCol\" \/>\n<meta name=\"twitter:label1\" content=\"Escrito por\" \/>\n\t<meta name=\"twitter:data1\" content=\"contenido\" \/>\n\t<meta name=\"twitter:label2\" content=\"Tiempo de lectura\" \/>\n\t<meta name=\"twitter:data2\" content=\"1 minuto\" \/>\n<script type=\"application\/ld+json\" class=\"yoast-schema-graph\">{\"@context\":\"https:\/\/schema.org\",\"@graph\":[{\"@type\":\"Article\",\"@id\":\"https:\/\/futbolhoy.co\/index.php\/2025\/01\/06\/milan-le-remonto-al-inter-y-se-corono-en-la-supercopa-de-italia\/#article\",\"isPartOf\":{\"@id\":\"https:\/\/futbolhoy.co\/index.php\/2025\/01\/06\/milan-le-remonto-al-inter-y-se-corono-en-la-supercopa-de-italia\/\"},\"author\":{\"name\":\"contenido\",\"@id\":\"https:\/\/futbolhoy.co\/#\/schema\/person\/1721b69355b6623eaff15ac7b92d4cc3\"},\"headline\":\"Milan le remont\u00f3 al Inter y se coron\u00f3 en la Supercopa de Italia\",\"datePublished\":\"2025-01-07T00:25:20+00:00\",\"dateModified\":\"2025-01-07T15:40:54+00:00\",\"mainEntityOfPage\":{\"@id\":\"https:\/\/futbolhoy.co\/index.php\/2025\/01\/06\/milan-le-remonto-al-inter-y-se-corono-en-la-supercopa-de-italia\/\"},\"wordCount\":214,\"commentCount\":0,\"publisher\":{\"@id\":\"https:\/\/futbolhoy.co\/#organization\"},\"image\":{\"@id\":\"https:\/\/futbolhoy.co\/index.php\/2025\/01\/06\/milan-le-remonto-al-inter-y-se-corono-en-la-supercopa-de-italia\/#primaryimage\"},\"thumbnailUrl\":\"https:\/\/futbolhoy.co\/wp-content\/uploads\/2025\/01\/IMG_9485.jpeg\",\"articleSection\":[\"Mundo Futbol\"],\"inLanguage\":\"es\",\"potentialAction\":[{\"@type\":\"CommentAction\",\"name\":\"Comment\",\"target\":[\"https:\/\/futbolhoy.co\/index.php\/2025\/01\/06\/milan-le-remonto-al-inter-y-se-corono-en-la-supercopa-de-italia\/#respond\"]}]},{\"@type\":\"WebPage\",\"@id\":\"https:\/\/futbolhoy.co\/index.php\/2025\/01\/06\/milan-le-remonto-al-inter-y-se-corono-en-la-supercopa-de-italia\/\",\"url\":\"https:\/\/futbolhoy.co\/index.php\/2025\/01\/06\/milan-le-remonto-al-inter-y-se-corono-en-la-supercopa-de-italia\/\",\"name\":\"Milan le remont\u00f3 al Inter y se coron\u00f3 en la Supercopa de Italia -\",\"isPartOf\":{\"@id\":\"https:\/\/futbolhoy.co\/#website\"},\"primaryImageOfPage\":{\"@id\":\"https:\/\/futbolhoy.co\/index.php\/2025\/01\/06\/milan-le-remonto-al-inter-y-se-corono-en-la-supercopa-de-italia\/#primaryimage\"},\"image\":{\"@id\":\"https:\/\/futbolhoy.co\/index.php\/2025\/01\/06\/milan-le-remonto-al-inter-y-se-corono-en-la-supercopa-de-italia\/#primaryimage\"},\"thumbnailUrl\":\"https:\/\/futbolhoy.co\/wp-content\/uploads\/2025\/01\/IMG_9485.jpeg\",\"datePublished\":\"2025-01-07T00:25:20+00:00\",\"dateModified\":\"2025-01-07T15:40:54+00:00\",\"breadcrumb\":{\"@id\":\"https:\/\/futbolhoy.co\/index.php\/2025\/01\/06\/milan-le-remonto-al-inter-y-se-corono-en-la-supercopa-de-italia\/#breadcrumb\"},\"inLanguage\":\"es\",\"potentialAction\":[{\"@type\":\"ReadAction\",\"target\":[\"https:\/\/futbolhoy.co\/index.php\/2025\/01\/06\/milan-le-remonto-al-inter-y-se-corono-en-la-supercopa-de-italia\/\"]}]},{\"@type\":\"ImageObject\",\"inLanguage\":\"es\",\"@id\":\"https:\/\/futbolhoy.co\/index.php\/2025\/01\/06\/milan-le-remonto-al-inter-y-se-corono-en-la-supercopa-de-italia\/#primaryimage\",\"url\":\"https:\/\/futbolhoy.co\/wp-content\/uploads\/2025\/01\/IMG_9485.jpeg\",\"contentUrl\":\"https:\/\/futbolhoy.co\/wp-content\/uploads\/2025\/01\/IMG_9485.jpeg\",\"width\":968,\"height\":605},{\"@type\":\"BreadcrumbList\",\"@id\":\"https:\/\/futbolhoy.co\/index.php\/2025\/01\/06\/milan-le-remonto-al-inter-y-se-corono-en-la-supercopa-de-italia\/#breadcrumb\",\"itemListElement\":[{\"@type\":\"ListItem\",\"position\":1,\"name\":\"Portada\",\"item\":\"https:\/\/futbolhoy.co\/\"},{\"@type\":\"ListItem\",\"position\":2,\"name\":\"Milan le remont\u00f3 al Inter y se coron\u00f3 en la Supercopa de Italia\"}]},{\"@type\":\"WebSite\",\"@id\":\"https:\/\/futbolhoy.co\/#website\",\"url\":\"https:\/\/futbolhoy.co\/\",\"name\":\"FutbolHoy\",\"description\":\"\",\"publisher\":{\"@id\":\"https:\/\/futbolhoy.co\/#organization\"},\"potentialAction\":[{\"@type\":\"SearchAction\",\"target\":{\"@type\":\"EntryPoint\",\"urlTemplate\":\"https:\/\/futbolhoy.co\/?s={search_term_string}\"},\"query-input\":{\"@type\":\"PropertyValueSpecification\",\"valueRequired\":true,\"valueName\":\"search_term_string\"}}],\"inLanguage\":\"es\"},{\"@type\":\"Organization\",\"@id\":\"https:\/\/futbolhoy.co\/#organization\",\"name\":\"Futbolhoy.co\",\"url\":\"https:\/\/futbolhoy.co\/\",\"logo\":{\"@type\":\"ImageObject\",\"inLanguage\":\"es\",\"@id\":\"https:\/\/futbolhoy.co\/#\/schema\/logo\/image\/\",\"url\":\"https:\/\/futbolhoy.co\/wp-content\/uploads\/2018\/08\/17426380_1906371736249227_6326180412931521141_n.jpg\",\"contentUrl\":\"https:\/\/futbolhoy.co\/wp-content\/uploads\/2018\/08\/17426380_1906371736249227_6326180412931521141_n.jpg\",\"width\":960,\"height\":960,\"caption\":\"Futbolhoy.co\"},\"image\":{\"@id\":\"https:\/\/futbolhoy.co\/#\/schema\/logo\/image\/\"},\"sameAs\":[\"https:\/\/www.facebook.com\/FutbolHoyCol\/\",\"https:\/\/x.com\/FutbolHoyCol\",\"https:\/\/www.instagram.com\/futbolhoycol\/\"]},{\"@type\":\"Person\",\"@id\":\"https:\/\/futbolhoy.co\/#\/schema\/person\/1721b69355b6623eaff15ac7b92d4cc3\",\"name\":\"contenido\",\"image\":{\"@type\":\"ImageObject\",\"inLanguage\":\"es\",\"@id\":\"https:\/\/futbolhoy.co\/#\/schema\/person\/image\/\",\"url\":\"https:\/\/secure.gravatar.com\/avatar\/4f656d3256f5134f466206e7c3941518?s=96&d=mm&r=g\",\"contentUrl\":\"https:\/\/secure.gravatar.com\/avatar\/4f656d3256f5134f466206e7c3941518?s=96&d=mm&r=g\",\"caption\":\"contenido\"}}]}<\/script>\n<!-- \/ Yoast SEO plugin. -->","yoast_head_json":{"title":"Milan le remont\u00f3 al Inter y se coron\u00f3 en la Supercopa de Italia -","robots":{"index":"index","follow":"follow","max-snippet":"max-snippet:-1","max-image-preview":"max-image-preview:large","max-video-preview":"max-video-preview:-1"},"canonical":"https:\/\/futbolhoy.co\/index.php\/2025\/01\/06\/milan-le-remonto-al-inter-y-se-corono-en-la-supercopa-de-italia\/","og_locale":"es_ES","og_type":"article","og_title":"Milan le remont\u00f3 al Inter y se coron\u00f3 en la Supercopa de Italia -","og_description":"El nuevo Milan de Sergio Conceicao es Supercampe\u00f3n de Italia. El nuevo t\u00e9cnico ha conseguido en apenas ocho d\u00edas revivir a un equipo a la deriva y acabar con la dictadura del Inter en este torneo -campe\u00f3n de las \u00faltimas 3 ediciones- con otra remontada (2-3) en Arabia Saudita. Milan volvi\u00f3 este lunes a ganar [&hellip;]","og_url":"https:\/\/futbolhoy.co\/index.php\/2025\/01\/06\/milan-le-remonto-al-inter-y-se-corono-en-la-supercopa-de-italia\/","article_publisher":"https:\/\/www.facebook.com\/FutbolHoyCol\/","article_published_time":"2025-01-07T00:25:20+00:00","article_modified_time":"2025-01-07T15:40:54+00:00","og_image":[{"width":968,"height":605,"url":"https:\/\/futbolhoy.co\/wp-content\/uploads\/2025\/01\/IMG_9485.jpeg","type":"image\/jpeg"}],"author":"contenido","twitter_card":"summary_large_image","twitter_creator":"@FutbolHoyCol","twitter_site":"@FutbolHoyCol","twitter_misc":{"Escrito por":"contenido","Tiempo de lectura":"1 minuto"},"schema":{"@context":"https:\/\/schema.org","@graph":[{"@type":"Article","@id":"https:\/\/futbolhoy.co\/index.php\/2025\/01\/06\/milan-le-remonto-al-inter-y-se-corono-en-la-supercopa-de-italia\/#article","isPartOf":{"@id":"https:\/\/futbolhoy.co\/index.php\/2025\/01\/06\/milan-le-remonto-al-inter-y-se-corono-en-la-supercopa-de-italia\/"},"author":{"name":"contenido","@id":"https:\/\/futbolhoy.co\/#\/schema\/person\/1721b69355b6623eaff15ac7b92d4cc3"},"headline":"Milan le remont\u00f3 al Inter y se coron\u00f3 en la Supercopa de Italia","datePublished":"2025-01-07T00:25:20+00:00","dateModified":"2025-01-07T15:40:54+00:00","mainEntityOfPage":{"@id":"https:\/\/futbolhoy.co\/index.php\/2025\/01\/06\/milan-le-remonto-al-inter-y-se-corono-en-la-supercopa-de-italia\/"},"wordCount":214,"commentCount":0,"publisher":{"@id":"https:\/\/futbolhoy.co\/#organization"},"image":{"@id":"https:\/\/futbolhoy.co\/index.php\/2025\/01\/06\/milan-le-remonto-al-inter-y-se-corono-en-la-supercopa-de-italia\/#primaryimage"},"thumbnailUrl":"https:\/\/futbolhoy.co\/wp-content\/uploads\/2025\/01\/IMG_9485.jpeg","articleSection":["Mundo Futbol"],"inLanguage":"es","potentialAction":[{"@type":"CommentAction","name":"Comment","target":["https:\/\/futbolhoy.co\/index.php\/2025\/01\/06\/milan-le-remonto-al-inter-y-se-corono-en-la-supercopa-de-italia\/#respond"]}]},{"@type":"WebPage","@id":"https:\/\/futbolhoy.co\/index.php\/2025\/01\/06\/milan-le-remonto-al-inter-y-se-corono-en-la-supercopa-de-italia\/","url":"https:\/\/futbolhoy.co\/index.php\/2025\/01\/06\/milan-le-remonto-al-inter-y-se-corono-en-la-supercopa-de-italia\/","name":"Milan le remont\u00f3 al Inter y se coron\u00f3 en la Supercopa de Italia -","isPartOf":{"@id":"https:\/\/futbolhoy.co\/#website"},"primaryImageOfPage":{"@id":"https:\/\/futbolhoy.co\/index.php\/2025\/01\/06\/milan-le-remonto-al-inter-y-se-corono-en-la-supercopa-de-italia\/#primaryimage"},"image":{"@id":"https:\/\/futbolhoy.co\/index.php\/2025\/01\/06\/milan-le-remonto-al-inter-y-se-corono-en-la-supercopa-de-italia\/#primaryimage"},"thumbnailUrl":"https:\/\/futbolhoy.co\/wp-content\/uploads\/2025\/01\/IMG_9485.jpeg","datePublished":"2025-01-07T00:25:20+00:00","dateModified":"2025-01-07T15:40:54+00:00","breadcrumb":{"@id":"https:\/\/futbolhoy.co\/index.php\/2025\/01\/06\/milan-le-remonto-al-inter-y-se-corono-en-la-supercopa-de-italia\/#breadcrumb"},"inLanguage":"es","potentialAction":[{"@type":"ReadAction","target":["https:\/\/futbolhoy.co\/index.php\/2025\/01\/06\/milan-le-remonto-al-inter-y-se-corono-en-la-supercopa-de-italia\/"]}]},{"@type":"ImageObject","inLanguage":"es","@id":"https:\/\/futbolhoy.co\/index.php\/2025\/01\/06\/milan-le-remonto-al-inter-y-se-corono-en-la-supercopa-de-italia\/#primaryimage","url":"https:\/\/futbolhoy.co\/wp-content\/uploads\/2025\/01\/IMG_9485.jpeg","contentUrl":"https:\/\/futbolhoy.co\/wp-content\/uploads\/2025\/01\/IMG_9485.jpeg","width":968,"height":605},{"@type":"BreadcrumbList","@id":"https:\/\/futbolhoy.co\/index.php\/2025\/01\/06\/milan-le-remonto-al-inter-y-se-corono-en-la-supercopa-de-italia\/#breadcrumb","itemListElement":[{"@type":"ListItem","position":1,"name":"Portada","item":"https:\/\/futbolhoy.co\/"},{"@type":"ListItem","position":2,"name":"Milan le remont\u00f3 al Inter y se coron\u00f3 en la Supercopa de Italia"}]},{"@type":"WebSite","@id":"https:\/\/futbolhoy.co\/#website","url":"https:\/\/futbolhoy.co\/","name":"FutbolHoy","description":"","publisher":{"@id":"https:\/\/futbolhoy.co\/#organization"},"potentialAction":[{"@type":"SearchAction","target":{"@type":"EntryPoint","urlTemplate":"https:\/\/futbolhoy.co\/?s={search_term_string}"},"query-input":{"@type":"PropertyValueSpecification","valueRequired":true,"valueName":"search_term_string"}}],"inLanguage":"es"},{"@type":"Organization","@id":"https:\/\/futbolhoy.co\/#organization","name":"Futbolhoy.co","url":"https:\/\/futbolhoy.co\/","logo":{"@type":"ImageObject","inLanguage":"es","@id":"https:\/\/futbolhoy.co\/#\/schema\/logo\/image\/","url":"https:\/\/futbolhoy.co\/wp-content\/uploads\/2018\/08\/17426380_1906371736249227_6326180412931521141_n.jpg","contentUrl":"https:\/\/futbolhoy.co\/wp-content\/uploads\/2018\/08\/17426380_1906371736249227_6326180412931521141_n.jpg","width":960,"height":960,"caption":"Futbolhoy.co"},"image":{"@id":"https:\/\/futbolhoy.co\/#\/schema\/logo\/image\/"},"sameAs":["https:\/\/www.facebook.com\/FutbolHoyCol\/","https:\/\/x.com\/FutbolHoyCol","https:\/\/www.instagram.com\/futbolhoycol\/"]},{"@type":"Person","@id":"https:\/\/futbolhoy.co\/#\/schema\/person\/1721b69355b6623eaff15ac7b92d4cc3","name":"contenido","image":{"@type":"ImageObject","inLanguage":"es","@id":"https:\/\/futbolhoy.co\/#\/schema\/person\/image\/","url":"https:\/\/secure.gravatar.com\/avatar\/4f656d3256f5134f466206e7c3941518?s=96&d=mm&r=g","contentUrl":"https:\/\/secure.gravatar.com\/avatar\/4f656d3256f5134f466206e7c3941518?s=96&d=mm&r=g","caption":"contenido"}}]}},"publishpress_future_action":{"enabled":false,"date":"2026-05-06 15:04:03","action":"change-status","newStatus":"draft","terms":[],"taxonomy":"category","extraData":[]},"publishpress_future_workflow_manual_trigger":{"enabledWorkflows":[]},"_links":{"self":[{"href":"https:\/\/futbolhoy.co\/index.php\/wp-json\/wp\/v2\/posts\/115139","targetHints":{"allow":["GET"]}}],"collection":[{"href":"https:\/\/futbolhoy.co\/index.php\/wp-json\/wp\/v2\/posts"}],"about":[{"href":"https:\/\/futbolhoy.co\/index.php\/wp-json\/wp\/v2\/types\/post"}],"author":[{"embeddable":true,"href":"https:\/\/futbolhoy.co\/index.php\/wp-json\/wp\/v2\/users\/4"}],"replies":[{"embeddable":true,"href":"https:\/\/futbolhoy.co\/index.php\/wp-json\/wp\/v2\/comments?post=115139"}],"version-history":[{"count":1,"href":"https:\/\/futbolhoy.co\/index.php\/wp-json\/wp\/v2\/posts\/115139\/revisions"}],"predecessor-version":[{"id":115141,"href":"https:\/\/futbolhoy.co\/index.php\/wp-json\/wp\/v2\/posts\/115139\/revisions\/115141"}],"wp:featuredmedia":[{"embeddable":true,"href":"https:\/\/futbolhoy.co\/index.php\/wp-json\/wp\/v2\/media\/115140"}],"wp:attachment":[{"href":"https:\/\/futbolhoy.co\/index.php\/wp-json\/wp\/v2\/media?parent=115139"}],"wp:term":[{"taxonomy":"category","embeddable":true,"href":"https:\/\/futbolhoy.co\/index.php\/wp-json\/wp\/v2\/categories?post=115139"},{"taxonomy":"post_tag","embeddable":true,"href":"https:\/\/futbolhoy.co\/index.php\/wp-json\/wp\/v2\/tags?post=115139"}],"curies":[{"name":"wp","href":"https:\/\/api.w.org\/{rel}","templated":true}]}}