{"id":115146,"date":"2025-01-07T08:42:23","date_gmt":"2025-01-07T13:42:23","guid":{"rendered":"https:\/\/futbolhoy.co\/?p=115146"},"modified":"2025-01-07T15:54:48","modified_gmt":"2025-01-07T20:54:48","slug":"fuad-char-lo-mejor-para-james-es-jugar-en-colombia-en-2025","status":"publish","type":"post","link":"https:\/\/futbolhoy.co\/index.php\/2025\/01\/07\/fuad-char-lo-mejor-para-james-es-jugar-en-colombia-en-2025\/","title":{"rendered":"Fuad Char: \u201cLo mejor para James es jugar en Colombia en 2025\u201d"},"content":{"rendered":"<p style=\"text-align: justify;\"><span style=\"font-family: helvetica, arial, sans-serif;\"><span style=\"font-weight: 400;\">Ya no es un secreto, el Junior de Barranquilla va con todo por fichar a James Rodr\u00edguez y romper el mercado de pases, as\u00ed lo confirm\u00f3 el m\u00e1ximo accionista del club, <\/span><b>Fuad Char, en sus m\u00e1s recientes declaraciones<\/b><span style=\"font-weight: 400;\">.<\/span><\/span><\/p>\n<p style=\"text-align: justify;\"><span style=\"font-family: helvetica, arial, sans-serif;\"><span style=\"font-weight: 400;\">Char habl\u00f3 con <\/span><b>El Heraldo <\/b><span style=\"font-weight: 400;\">y confirm\u00f3 que el Junior est\u00e1 en acercamientos para fichar al 10 de la Selecci\u00f3n Colombia.<\/span><\/span><\/p>\n<p style=\"text-align: justify;\"><span style=\"font-family: helvetica, arial, sans-serif;\"><span style=\"font-weight: 400;\">\u201cDesde hace unos d\u00edas, a trav\u00e9s de <\/span><b>Cristian Daes, que es su amigo, surgi\u00f3 la intenci\u00f3n y la opci\u00f3n real <\/b><span style=\"font-weight: 400;\">de fichar a un jugador de la categor\u00eda de James. \u00c9l habl\u00f3 con Cristian, que me llam\u00f3 a m\u00ed y le hicimos una oferta muy buena. Ya sali\u00f3 la noticia de la rescisi\u00f3n de su contrato y estamos aqu\u00ed firmes con el prop\u00f3sito de traer a James a Junior\u201d, confirm\u00f3 Fuad Char.<\/span><\/span><\/p>\n<p style=\"text-align: justify;\"><span style=\"font-family: helvetica, arial, sans-serif;\"><span style=\"font-weight: 400;\">Para el dirigente barranquillero, a James le conviene tener regularidad y la Liga <\/span><b>Colombiana es su mejor opci\u00f3n actual<\/b><span style=\"font-weight: 400;\">, pues eso le asegura llegar en buena forma al Mundial de 2026.<\/span><\/span><\/p>\n<p style=\"text-align: justify;\"><span style=\"font-family: helvetica, arial, sans-serif;\"><span style=\"font-weight: 400;\">\u201cYo pienso, estoy completamente seguro, <\/span><b>compartiendo el pensamiento del profesor Far\u00edas, <\/b><span style=\"font-weight: 400;\">que lo mejor para James ser\u00eda que \u00e9l pudiera trabajar en un club colombiano este a\u00f1o 2025 y todo el primer semestre del 2026 para que pudiera llegar a la a la Copa del Mundo en las mejores condiciones f\u00edsicas, porque de las condiciones t\u00e9cnicas de James no hay ninguna discusi\u00f3n\u201d, dijo.<\/span><\/span><\/p>\n<p style=\"text-align: justify;\"><span style=\"font-family: helvetica, arial, sans-serif;\"><span style=\"font-weight: 400;\">As\u00ed mismo,<\/span><b> Fuad Char asegur\u00f3 que el Junior estar\u00eda haciendo una gran apuesta <\/b><span style=\"font-weight: 400;\">econ\u00f3mica por James Rodr\u00edguez, aunque confes\u00f3 que no es f\u00e1cil, pues pelean con ofertas de clubes como Boca Juniors o algunos de Estados Unidos e Italia.<\/span><\/span><\/p>\n<p style=\"text-align: justify;\"><span style=\"font-family: helvetica, arial, sans-serif;\"><span style=\"font-weight: 400;\">\u201cYo he estado hablando con un representante de \u00e9l, no con Jorge M\u00e9ndez, con un familiar, que se llama Andr\u00e9s Rubio, y hemos estado acerc\u00e1ndonos, <\/span><b>pero no es f\u00e1cil. Hay una competencia econ\u00f3mica <\/b><span style=\"font-weight: 400;\">en la cual nosotros estamos en unas condiciones bastante desfavorables por la condici\u00f3n de nuestra econom\u00eda futbolera en Colombia, comparada con Boca Juniors de Argentina, cualquier equipo de los Estados Unidos o cualquier equipo de Italia, que nos dicen que hay propuestas de esos pa\u00edses. Estamos peleando con unos pesos pesados. Por eso va a ser muy dif\u00edcil\u201d, afirm\u00f3.<\/span><\/span><\/p>\n<p style=\"text-align: justify;\"><span style=\"font-family: helvetica, arial, sans-serif;\"><span style=\"font-weight: 400;\">Seg\u00fan lo que se ha conocido, James llegar\u00eda entre hoy y ma\u00f1ana mi\u00e9rcoles a Barranquilla para continuar con las negociaciones, de las que se habla que por lo menos<\/span><b> se igualar\u00eda el salario que recibe en Rayo Vallecano, cerca de 200 mil euros mensuales.<\/b><\/span><\/p>\n","protected":false},"excerpt":{"rendered":"<p>Ya no es un secreto, el Junior de Barranquilla va con todo por fichar a James Rodr\u00edguez y romper el mercado de pases, as\u00ed lo confirm\u00f3 el m\u00e1ximo accionista del club, Fuad Char, en sus m\u00e1s recientes declaraciones. Char habl\u00f3 con El Heraldo y confirm\u00f3 que el Junior est\u00e1 en acercamientos para fichar al 10 [&hellip;]<\/p>\n","protected":false},"author":4,"featured_media":113677,"comment_status":"open","ping_status":"closed","sticky":false,"template":"","format":"standard","meta":{"_acf_changed":false,"footnotes":""},"categories":[7],"tags":[],"class_list":{"0":"post-115146","1":"post","2":"type-post","3":"status-publish","4":"format-standard","5":"has-post-thumbnail","7":"category-liga-betplay"},"acf":[],"_links":{"self":[{"href":"https:\/\/futbolhoy.co\/index.php\/wp-json\/wp\/v2\/posts\/115146","targetHints":{"allow":["GET"]}}],"collection":[{"href":"https:\/\/futbolhoy.co\/index.php\/wp-json\/wp\/v2\/posts"}],"about":[{"href":"https:\/\/futbolhoy.co\/index.php\/wp-json\/wp\/v2\/types\/post"}],"author":[{"embeddable":true,"href":"https:\/\/futbolhoy.co\/index.php\/wp-json\/wp\/v2\/users\/4"}],"replies":[{"embeddable":true,"href":"https:\/\/futbolhoy.co\/index.php\/wp-json\/wp\/v2\/comments?post=115146"}],"version-history":[{"count":1,"href":"https:\/\/futbolhoy.co\/index.php\/wp-json\/wp\/v2\/posts\/115146\/revisions"}],"predecessor-version":[{"id":115147,"href":"https:\/\/futbolhoy.co\/index.php\/wp-json\/wp\/v2\/posts\/115146\/revisions\/115147"}],"wp:featuredmedia":[{"embeddable":true,"href":"https:\/\/futbolhoy.co\/index.php\/wp-json\/wp\/v2\/media\/113677"}],"wp:attachment":[{"href":"https:\/\/futbolhoy.co\/index.php\/wp-json\/wp\/v2\/media?parent=115146"}],"wp:term":[{"taxonomy":"category","embeddable":true,"href":"https:\/\/futbolhoy.co\/index.php\/wp-json\/wp\/v2\/categories?post=115146"},{"taxonomy":"post_tag","embeddable":true,"href":"https:\/\/futbolhoy.co\/index.php\/wp-json\/wp\/v2\/tags?post=115146"}],"curies":[{"name":"wp","href":"https:\/\/api.w.org\/{rel}","templated":true}]}}