{"id":115149,"date":"2025-01-07T14:28:24","date_gmt":"2025-01-07T19:28:24","guid":{"rendered":"https:\/\/futbolhoy.co\/?p=115149"},"modified":"2025-01-08T10:08:29","modified_gmt":"2025-01-08T15:08:29","slug":"salario-contrato-y-mas-detalles-de-la-llegada-de-james-al-junior","status":"publish","type":"post","link":"https:\/\/futbolhoy.co\/index.php\/2025\/01\/07\/salario-contrato-y-mas-detalles-de-la-llegada-de-james-al-junior\/","title":{"rendered":"Salario, contrato y m\u00e1s: detalles de la llegada de James al Junior"},"content":{"rendered":"<p style=\"text-align: justify;\"><span style=\"font-family: helvetica, arial, sans-serif;\"><span style=\"font-weight: 400;\">Es un hecho que el Junior de Barranquilla est\u00e1 negociando la llegada de James Rodr\u00edguez a <\/span><b>la Liga Colombiana, al tiempo que suenan para el 10 equipos<\/b><span style=\"font-weight: 400;\"> como Boca Juniors de Argentina y algunas propuestas desde Estados Unidos e Italia.<\/span><\/span><\/p>\n<p style=\"text-align: justify;\"><span style=\"font-weight: 400; font-family: helvetica, arial, sans-serif;\">Fuad Char, m\u00e1ximo accionista del equipo barranquillero, entreg\u00f3 detalles de la negociaci\u00f3n que se est\u00e1 buscando con James, as\u00ed como se han conocido m\u00e1s datos sobre la llegada, aunque ninguno oficial.<\/span><\/p>\n<p style=\"text-align: justify;\"><span style=\"font-family: helvetica, arial, sans-serif;\"><span style=\"font-weight: 400;\">Se tratar\u00eda de un contrato por todo el 2025 y al menos el primer semestre de 2026, pensando en que James Rodr\u00edguez tenga continuidad y ritmo para llegar a tono con <\/span><b>la Selecci\u00f3n Colombia al Mundial de 2026.\u00a0<\/b><\/span><\/p>\n<p style=\"text-align: justify;\"><span style=\"font-weight: 400; font-family: helvetica, arial, sans-serif;\">Sobre el salario se comenzaron a filtrar las cifras, el Junior al menos igualar\u00eda el salario que el volante percibe en el Rayo Vallecano, es decir cerca de 200 mil euros mensuales.\u00a0<\/span><\/p>\n<p style=\"text-align: justify;\"><span style=\"font-family: helvetica, arial, sans-serif;\"><span style=\"font-weight: 400;\">\u201cYo pienso, estoy completamente seguro, compartiendo el pensamiento del profesor Far\u00edas, que lo mejor para James ser\u00eda que \u00e9l pudiera trabajar en un club colombiano <\/span><b>este a\u00f1o 2025 y todo el primer semestre del 2026 para que pudiera llegar <\/b><span style=\"font-weight: 400;\">a la a la Copa del Mundo en las mejores condiciones f\u00edsicas, porque de las condiciones t\u00e9cnicas de James no hay ninguna discusi\u00f3n\u201d, dijo Fuad Char en di\u00e1logo con El Heraldo.<\/span><\/span><\/p>\n<p style=\"text-align: justify;\"><span style=\"font-family: helvetica, arial, sans-serif;\"><span style=\"font-weight: 400;\">James Rodr\u00edguez llegar\u00eda en las pr\u00f3ximas horas a Barranquilla para continuar la negociaci\u00f3n en persona con el Junior, mientras que desde Argentina le dedican portadas de los medios m\u00e1s importantes<\/span><b> haciendo referencia al deseo de Boca Junior por ficharlo. <\/b><\/span><\/p>\n","protected":false},"excerpt":{"rendered":"<p>Es un hecho que el Junior de Barranquilla est\u00e1 negociando la llegada de James Rodr\u00edguez a la Liga Colombiana, al tiempo que suenan para el 10 equipos como Boca Juniors de Argentina y algunas propuestas desde Estados Unidos e Italia. Fuad Char, m\u00e1ximo accionista del equipo barranquillero, entreg\u00f3 detalles de la negociaci\u00f3n que se est\u00e1 [&hellip;]<\/p>\n","protected":false},"author":4,"featured_media":111783,"comment_status":"open","ping_status":"closed","sticky":false,"template":"","format":"standard","meta":{"_acf_changed":false,"footnotes":""},"categories":[7],"tags":[],"class_list":{"0":"post-115149","1":"post","2":"type-post","3":"status-publish","4":"format-standard","5":"has-post-thumbnail","7":"category-liga-betplay"},"acf":[],"_links":{"self":[{"href":"https:\/\/futbolhoy.co\/index.php\/wp-json\/wp\/v2\/posts\/115149","targetHints":{"allow":["GET"]}}],"collection":[{"href":"https:\/\/futbolhoy.co\/index.php\/wp-json\/wp\/v2\/posts"}],"about":[{"href":"https:\/\/futbolhoy.co\/index.php\/wp-json\/wp\/v2\/types\/post"}],"author":[{"embeddable":true,"href":"https:\/\/futbolhoy.co\/index.php\/wp-json\/wp\/v2\/users\/4"}],"replies":[{"embeddable":true,"href":"https:\/\/futbolhoy.co\/index.php\/wp-json\/wp\/v2\/comments?post=115149"}],"version-history":[{"count":1,"href":"https:\/\/futbolhoy.co\/index.php\/wp-json\/wp\/v2\/posts\/115149\/revisions"}],"predecessor-version":[{"id":115150,"href":"https:\/\/futbolhoy.co\/index.php\/wp-json\/wp\/v2\/posts\/115149\/revisions\/115150"}],"wp:featuredmedia":[{"embeddable":true,"href":"https:\/\/futbolhoy.co\/index.php\/wp-json\/wp\/v2\/media\/111783"}],"wp:attachment":[{"href":"https:\/\/futbolhoy.co\/index.php\/wp-json\/wp\/v2\/media?parent=115149"}],"wp:term":[{"taxonomy":"category","embeddable":true,"href":"https:\/\/futbolhoy.co\/index.php\/wp-json\/wp\/v2\/categories?post=115149"},{"taxonomy":"post_tag","embeddable":true,"href":"https:\/\/futbolhoy.co\/index.php\/wp-json\/wp\/v2\/tags?post=115149"}],"curies":[{"name":"wp","href":"https:\/\/api.w.org\/{rel}","templated":true}]}}