{"id":115155,"date":"2025-01-07T12:33:32","date_gmt":"2025-01-07T17:33:32","guid":{"rendered":"https:\/\/futbolhoy.co\/?p=115155"},"modified":"2025-01-07T19:56:29","modified_gmt":"2025-01-08T00:56:29","slug":"david-alaba-vuelve-a-una-convocatoria-del-real-madrid-despues-de-mas-de-un-ano","status":"publish","type":"post","link":"https:\/\/futbolhoy.co\/index.php\/2025\/01\/07\/david-alaba-vuelve-a-una-convocatoria-del-real-madrid-despues-de-mas-de-un-ano\/","title":{"rendered":"David Alaba vuelve a una convocatoria del Real Madrid despu\u00e9s de m\u00e1s de un a\u00f1o"},"content":{"rendered":"<p style=\"text-align: justify;\"><span style=\"font-family: helvetica, arial, sans-serif;\">La gran sorpresa del Real Madrid en las \u00faltimas horas lleg\u00f3 por cuenta del r<b>egreso a las convocatorias del defensa David Alaba,<\/b> luego de un a\u00f1o y 19 d\u00edas fuera de las canchas.\u00a0<\/span><\/p>\n<p style=\"text-align: justify;\"><span style=\"font-family: helvetica, arial, sans-serif;\">El jugador austriaco sufri\u00f3 una rotura del <b>ligamento cruzado de la rodilla izquierda el 17 de diciembre de 2023<\/b> y tras una larga recuperaci\u00f3n con varias complicaciones, por fin est\u00e1 cerca de volver a las canchas, con el reciente llamado de Carlo Ancelotti para el partido por la Supercopa de Espa\u00f1a.\u00a0<\/span><\/p>\n<p style=\"text-align: justify;\"><span style=\"font-family: helvetica, arial, sans-serif;\">El regreso del jugador llega precisamente durante las bajas por lesi\u00f3n de Dani Carvajal, <b>\u00c9der Militao y Jes\u00fas Vallejo. <\/b>Adem\u00e1s, tambi\u00e9n regresan a la convocatoria Thibaut Courtois y Antonio R\u00fcdiger, que recibieron descanso en los dieciseisavos de la Copa del Rey ante la Deportiva Minera.\u00a0<\/span><\/p>\n<p style=\"text-align: justify;\"><span style=\"font-family: helvetica, arial, sans-serif;\">Alaba sufri\u00f3 una rotura del ligamento cruzado de la rodilla izquierda <b>el 17 de diciembre de 2023<\/b>, y ve la luz al final del t\u00fanel tras una larga recuperaci\u00f3n que tuvo complicaciones.<\/span><\/p>\n<p style=\"text-align: justify;\"><span style=\"font-family: helvetica, arial, sans-serif;\">Ancelotti hab\u00eda anticipado que el regreso a las canchas de Alaba ser\u00eda en la pr\u00f3xima jornada de LaLiga, el 19 de enero ante Las Palmas, por lo que no es seguro que tenga minutos en la <b>Supercopa<\/b>, pero s\u00ed acompa\u00f1a a al equipo a Yeda.<\/span><\/p>\n","protected":false},"excerpt":{"rendered":"<p>La gran sorpresa del Real Madrid en las \u00faltimas horas lleg\u00f3 por cuenta del regreso a las convocatorias del defensa David Alaba, luego de un a\u00f1o y 19 d\u00edas fuera de las canchas.\u00a0 El jugador austriaco sufri\u00f3 una rotura del ligamento cruzado de la rodilla izquierda el 17 de diciembre de 2023 y tras una [&hellip;]<\/p>\n","protected":false},"author":4,"featured_media":115156,"comment_status":"open","ping_status":"closed","sticky":false,"template":"","format":"standard","meta":{"_acf_changed":false,"footnotes":""},"categories":[152],"tags":[],"class_list":{"0":"post-115155","1":"post","2":"type-post","3":"status-publish","4":"format-standard","5":"has-post-thumbnail","7":"category-mundo-futbol"},"acf":[],"_links":{"self":[{"href":"https:\/\/futbolhoy.co\/index.php\/wp-json\/wp\/v2\/posts\/115155","targetHints":{"allow":["GET"]}}],"collection":[{"href":"https:\/\/futbolhoy.co\/index.php\/wp-json\/wp\/v2\/posts"}],"about":[{"href":"https:\/\/futbolhoy.co\/index.php\/wp-json\/wp\/v2\/types\/post"}],"author":[{"embeddable":true,"href":"https:\/\/futbolhoy.co\/index.php\/wp-json\/wp\/v2\/users\/4"}],"replies":[{"embeddable":true,"href":"https:\/\/futbolhoy.co\/index.php\/wp-json\/wp\/v2\/comments?post=115155"}],"version-history":[{"count":1,"href":"https:\/\/futbolhoy.co\/index.php\/wp-json\/wp\/v2\/posts\/115155\/revisions"}],"predecessor-version":[{"id":115157,"href":"https:\/\/futbolhoy.co\/index.php\/wp-json\/wp\/v2\/posts\/115155\/revisions\/115157"}],"wp:featuredmedia":[{"embeddable":true,"href":"https:\/\/futbolhoy.co\/index.php\/wp-json\/wp\/v2\/media\/115156"}],"wp:attachment":[{"href":"https:\/\/futbolhoy.co\/index.php\/wp-json\/wp\/v2\/media?parent=115155"}],"wp:term":[{"taxonomy":"category","embeddable":true,"href":"https:\/\/futbolhoy.co\/index.php\/wp-json\/wp\/v2\/categories?post=115155"},{"taxonomy":"post_tag","embeddable":true,"href":"https:\/\/futbolhoy.co\/index.php\/wp-json\/wp\/v2\/tags?post=115155"}],"curies":[{"name":"wp","href":"https:\/\/api.w.org\/{rel}","templated":true}]}}