{"id":115162,"date":"2025-01-07T15:57:13","date_gmt":"2025-01-07T20:57:13","guid":{"rendered":"https:\/\/futbolhoy.co\/?p=115162"},"modified":"2025-01-08T11:55:31","modified_gmt":"2025-01-08T16:55:31","slug":"james-pretendido-por-equipo-espanol-de-primera-division","status":"publish","type":"post","link":"https:\/\/futbolhoy.co\/index.php\/2025\/01\/07\/james-pretendido-por-equipo-espanol-de-primera-division\/","title":{"rendered":"James, pretendido por equipo espa\u00f1ol de primera divisi\u00f3n"},"content":{"rendered":"<p style=\"text-align: justify;\"><span style=\"font-family: helvetica, arial, sans-serif;\">El v\u00ednculo de <strong>James Rodr\u00edguez<\/strong> con el <strong>Rayo Vallecano<\/strong> lleg\u00f3 a su fin luego de poco m\u00e1s de cinco meses de su llegada. Apenas jug\u00f3 7 partidos, de los cuales en dos lo hizo como titular y acumul\u00f3 205 minutos.<\/span><\/p>\n<p style=\"text-align: justify;\"><span style=\"font-family: helvetica, arial, sans-serif;\">El volante qued\u00f3 como agente libre y hay un equipo de primera divisi\u00f3n espa\u00f1ola que estar\u00eda detr\u00e1s de su firma. <strong>\u201cSevilla<\/strong> se meti\u00f3 en la pelea por firmar a James Rodr\u00edguez. El club espa\u00f1ol se contact\u00f3 con el entorno del colombiano para hacerle saber que desean darle contrato hasta final de temporada + opci\u00f3n a renovar 1 a\u00f1o. Junior, quien ya lleva negociaciones, no podr\u00eda competir financieramente\u201d, inform\u00f3 el periodista<strong> Michel Rinc\u00f3n.<\/strong><\/span><\/p>\n<p style=\"text-align: justify;\"><span style=\"font-family: helvetica, arial, sans-serif;\"><strong>Junior de Barranquilla<\/strong> es el principal candidato a quedarse con James, pues en palabras del m\u00e1ximo accionista, est\u00e1n a la espera de que el \u201810\u2019 llegue a la ciudad para poder negociar.<\/span><\/p>\n<p style=\"text-align: justify;\"><span style=\"font-family: helvetica, arial, sans-serif;\">James buscar\u00e1 un equipo que le asegure continuidad, pues su pensando es llegar con ritmo a los partidos de la<strong> Selecci\u00f3n Colombia<\/strong> y al <strong>Mundial 2026,<\/strong> el que puede ser su \u00faltimo torneo con el combinado nacional.<\/span><\/p>\n","protected":false},"excerpt":{"rendered":"<p>El v\u00ednculo de James Rodr\u00edguez con el Rayo Vallecano lleg\u00f3 a su fin luego de poco m\u00e1s de cinco meses de su llegada. Apenas jug\u00f3 7 partidos, de los cuales en dos lo hizo como titular y acumul\u00f3 205 minutos. El volante qued\u00f3 como agente libre y hay un equipo de primera divisi\u00f3n espa\u00f1ola que [&hellip;]<\/p>\n","protected":false},"author":4,"featured_media":114181,"comment_status":"open","ping_status":"closed","sticky":false,"template":"","format":"standard","meta":{"_acf_changed":false,"footnotes":""},"categories":[418],"tags":[],"class_list":{"0":"post-115162","1":"post","2":"type-post","3":"status-publish","4":"format-standard","5":"has-post-thumbnail","7":"category-colombia"},"acf":[],"_links":{"self":[{"href":"https:\/\/futbolhoy.co\/index.php\/wp-json\/wp\/v2\/posts\/115162","targetHints":{"allow":["GET"]}}],"collection":[{"href":"https:\/\/futbolhoy.co\/index.php\/wp-json\/wp\/v2\/posts"}],"about":[{"href":"https:\/\/futbolhoy.co\/index.php\/wp-json\/wp\/v2\/types\/post"}],"author":[{"embeddable":true,"href":"https:\/\/futbolhoy.co\/index.php\/wp-json\/wp\/v2\/users\/4"}],"replies":[{"embeddable":true,"href":"https:\/\/futbolhoy.co\/index.php\/wp-json\/wp\/v2\/comments?post=115162"}],"version-history":[{"count":1,"href":"https:\/\/futbolhoy.co\/index.php\/wp-json\/wp\/v2\/posts\/115162\/revisions"}],"predecessor-version":[{"id":115163,"href":"https:\/\/futbolhoy.co\/index.php\/wp-json\/wp\/v2\/posts\/115162\/revisions\/115163"}],"wp:featuredmedia":[{"embeddable":true,"href":"https:\/\/futbolhoy.co\/index.php\/wp-json\/wp\/v2\/media\/114181"}],"wp:attachment":[{"href":"https:\/\/futbolhoy.co\/index.php\/wp-json\/wp\/v2\/media?parent=115162"}],"wp:term":[{"taxonomy":"category","embeddable":true,"href":"https:\/\/futbolhoy.co\/index.php\/wp-json\/wp\/v2\/categories?post=115162"},{"taxonomy":"post_tag","embeddable":true,"href":"https:\/\/futbolhoy.co\/index.php\/wp-json\/wp\/v2\/tags?post=115162"}],"curies":[{"name":"wp","href":"https:\/\/api.w.org\/{rel}","templated":true}]}}