{"id":115175,"date":"2025-01-08T09:25:24","date_gmt":"2025-01-08T14:25:24","guid":{"rendered":"https:\/\/futbolhoy.co\/?p=115175"},"modified":"2025-01-08T15:19:51","modified_gmt":"2025-01-08T20:19:51","slug":"paolo-guerrero-anuncio-su-retiro-de-la-seleccion-peru","status":"publish","type":"post","link":"https:\/\/futbolhoy.co\/index.php\/2025\/01\/08\/paolo-guerrero-anuncio-su-retiro-de-la-seleccion-peru\/","title":{"rendered":"Paolo Guerrero anunci\u00f3 su retiro de la Selecci\u00f3n Per\u00fa"},"content":{"rendered":"<p style=\"text-align: justify;\"><span style=\"font-family: helvetica, arial, sans-serif;\"><b>El m\u00e1ximo goleador hist\u00f3rico de la Selecci\u00f3n de Per\u00fa, <\/b><span style=\"font-weight: 400;\">Paolo Guerrero, anunci\u00f3 en las \u00faltimas horas su retiro oficial del equipo nacional, luego de 20 a\u00f1os de carrera exitosa con la bicolor.<\/span><\/span><\/p>\n<p style=\"text-align: justify;\"><span style=\"font-family: helvetica, arial, sans-serif;\"><span style=\"font-weight: 400;\">\u00abLa selecci\u00f3n necesita de gente nueva, caras nuevas. Lo que la gente pide: nuevos <\/span><b>jugadores, as\u00ed que d\u00e9mosles oportunidad a los j\u00f3venes\u00bb,<\/b><span style=\"font-weight: 400;\"> dijo el jugador de 41 a\u00f1os que debut\u00f3 con la selecci\u00f3n el 9 de octubre de 2004.<\/span><\/span><\/p>\n<p style=\"text-align: justify;\"><span style=\"font-family: helvetica, arial, sans-serif;\"><span style=\"font-weight: 400;\">En el pasado partido de <\/span><b>Per\u00fa frente a Argentina en el que la bicolor cay\u00f3 1-0, <\/b><span style=\"font-weight: 400;\">Paolo Guerrero ya hab\u00eda dado pistas de su intenci\u00f3n de dejar la Selecci\u00f3n, en medio de las Eliminatorias al Mundial de 2026.<\/span><\/span><\/p>\n<p style=\"text-align: justify;\"><span style=\"font-family: helvetica, arial, sans-serif;\"><b>As\u00ed las cosas, el \u00faltimo partido de Guerrero con Per\u00fa <\/b><span style=\"font-weight: 400;\">fue contra Argentina por Eliminatorias, as\u00ed como su debut fue ante Bolivia en octubre de 2004 por las clasificatorias al Mundial de Alemania 2006.<\/span><\/span><\/p>\n<p style=\"text-align: justify;\"><span style=\"font-weight: 400; font-family: helvetica, arial, sans-serif;\">El m\u00e1ximo goleador disput\u00f3 106 partidos con la camiseta de Per\u00fa y anot\u00f3 40 tantos, con lo que mantiene el r\u00e9cord.<\/span><\/p>\n<p style=\"text-align: justify;\"><span style=\"font-family: helvetica, arial, sans-serif;\"><span style=\"font-weight: 400;\">Su \u00faltimo gol con la Selecci\u00f3n fue en marzo de 2024 en la goleada 4-1 a <\/span><b>Rep\u00fablica Dominicana, en un amistoso en Lima.<\/b><\/span><\/p>\n","protected":false},"excerpt":{"rendered":"<p>El m\u00e1ximo goleador hist\u00f3rico de la Selecci\u00f3n de Per\u00fa, Paolo Guerrero, anunci\u00f3 en las \u00faltimas horas su retiro oficial del equipo nacional, luego de 20 a\u00f1os de carrera exitosa con la bicolor. \u00abLa selecci\u00f3n necesita de gente nueva, caras nuevas. Lo que la gente pide: nuevos jugadores, as\u00ed que d\u00e9mosles oportunidad a los j\u00f3venes\u00bb, dijo [&hellip;]<\/p>\n","protected":false},"author":4,"featured_media":115176,"comment_status":"open","ping_status":"closed","sticky":false,"template":"","format":"standard","meta":{"_acf_changed":false,"footnotes":""},"categories":[152],"tags":[],"class_list":{"0":"post-115175","1":"post","2":"type-post","3":"status-publish","4":"format-standard","5":"has-post-thumbnail","7":"category-mundo-futbol"},"acf":[],"_links":{"self":[{"href":"https:\/\/futbolhoy.co\/index.php\/wp-json\/wp\/v2\/posts\/115175","targetHints":{"allow":["GET"]}}],"collection":[{"href":"https:\/\/futbolhoy.co\/index.php\/wp-json\/wp\/v2\/posts"}],"about":[{"href":"https:\/\/futbolhoy.co\/index.php\/wp-json\/wp\/v2\/types\/post"}],"author":[{"embeddable":true,"href":"https:\/\/futbolhoy.co\/index.php\/wp-json\/wp\/v2\/users\/4"}],"replies":[{"embeddable":true,"href":"https:\/\/futbolhoy.co\/index.php\/wp-json\/wp\/v2\/comments?post=115175"}],"version-history":[{"count":1,"href":"https:\/\/futbolhoy.co\/index.php\/wp-json\/wp\/v2\/posts\/115175\/revisions"}],"predecessor-version":[{"id":115177,"href":"https:\/\/futbolhoy.co\/index.php\/wp-json\/wp\/v2\/posts\/115175\/revisions\/115177"}],"wp:featuredmedia":[{"embeddable":true,"href":"https:\/\/futbolhoy.co\/index.php\/wp-json\/wp\/v2\/media\/115176"}],"wp:attachment":[{"href":"https:\/\/futbolhoy.co\/index.php\/wp-json\/wp\/v2\/media?parent=115175"}],"wp:term":[{"taxonomy":"category","embeddable":true,"href":"https:\/\/futbolhoy.co\/index.php\/wp-json\/wp\/v2\/categories?post=115175"},{"taxonomy":"post_tag","embeddable":true,"href":"https:\/\/futbolhoy.co\/index.php\/wp-json\/wp\/v2\/tags?post=115175"}],"curies":[{"name":"wp","href":"https:\/\/api.w.org\/{rel}","templated":true}]}}