{"id":115178,"date":"2025-01-08T10:07:40","date_gmt":"2025-01-08T15:07:40","guid":{"rendered":"https:\/\/futbolhoy.co\/?p=115178"},"modified":"2025-01-08T15:42:23","modified_gmt":"2025-01-08T20:42:23","slug":"deschamps-confirmo-que-dejara-la-seleccion-de-francia","status":"publish","type":"post","link":"https:\/\/futbolhoy.co\/index.php\/2025\/01\/08\/deschamps-confirmo-que-dejara-la-seleccion-de-francia\/","title":{"rendered":"Deschamps confirm\u00f3 que dejar\u00e1 la Selecci\u00f3n de Francia"},"content":{"rendered":"<p style=\"text-align: justify;\"><span style=\"font-family: helvetica, arial, sans-serif;\"><strong>El t\u00e9cnico de la Selecci\u00f3n de Francia, Didier Deschamps,<\/strong> confirm\u00f3 este mi\u00e9rcoles que dejar\u00e1 su cargo despu\u00e9s del Mundial de 2026, en medio de los rumores que han acercado a Zinedine Zidane al cuerpo t\u00e9cnico.<\/span><\/p>\n<p style=\"text-align: justify;\"><span style=\"font-family: helvetica, arial, sans-serif;\">Didier Deschamps fue el encargado de llevar a los &#8216;<strong>Bleus<\/strong>&#8216; a conquistar su segunda Copa del Mundo en 2018 y a la final en Catar 2022.<\/span><\/p>\n<p style=\"text-align: justify;\"><span style=\"font-family: helvetica, arial, sans-serif;\">\u00ab<strong>Llevo desde 2012, est\u00e1 planeado que siga hasta 2026<\/strong> en el pr\u00f3ximo Mundial. Terminar\u00e1 all\u00ed porque debe terminar en alg\u00fan momento. En mi cabeza est\u00e1 claro\u00bb, dijo el t\u00e9cnico de 56 a\u00f1os.<\/span><\/p>\n<p style=\"text-align: justify;\"><span style=\"font-family: helvetica, arial, sans-serif;\">\u00abHe cumplido mi tiempo, con el mismo deseo, con la misma pasi\u00f3n para mantener a la <strong>selecci\u00f3n francesa al m\u00e1ximo nivel,<\/strong> pero 2026 est\u00e1 bien\u00bb, agreg\u00f3.<\/span><\/p>\n<p style=\"text-align: justify;\"><span style=\"font-family: helvetica, arial, sans-serif;\">Con Deschamps, Francia gan\u00f3 el Mundial de 2018 y la Liga de las Naciones de 2021, adem\u00e1s de alcanzar las finales de la Eurocopa de 2016 y de la Copa del Mundo de 2022, <strong>donde cay\u00f3 frente a Argentina<\/strong> y comenzaron a sonar los rumores de su salida, pero todo acab\u00f3 cuando renov\u00f3 por cuatro a\u00f1os m\u00e1s.<\/span><\/p>\n<p style=\"text-align: justify;\"><span style=\"font-family: helvetica, arial, sans-serif;\">Al mismo tiempo, \u2018<b>Zizou\u2019 nunca ha ocultado su deseo de ocupar el puesto de t\u00e9cnico de su Selecci\u00f3n<\/b>, luego que dejara al Real Madrid en 2021 tras conquistar tres veces seguidas la Champions League.<\/span><\/p>\n<p style=\"text-align: justify;\"><span style=\"font-family: helvetica, arial, sans-serif;\">\u00ab<b>Con los &#8216;Bleus&#8217; no se ha acabado.<\/b> Tengo ganas claro. Lo ser\u00e9 alg\u00fan d\u00eda, eso espero. Quiero cerrar el c\u00edrculo con la selecci\u00f3n francesa\u00bb, declar\u00f3 Zidane al diario L&#8217;Equipe en 2022.<\/span><\/p>\n","protected":false},"excerpt":{"rendered":"<p>El t\u00e9cnico de la Selecci\u00f3n de Francia, Didier Deschamps, confirm\u00f3 este mi\u00e9rcoles que dejar\u00e1 su cargo despu\u00e9s del Mundial de 2026, en medio de los rumores que han acercado a Zinedine Zidane al cuerpo t\u00e9cnico. Didier Deschamps fue el encargado de llevar a los &#8216;Bleus&#8216; a conquistar su segunda Copa del Mundo en 2018 y [&hellip;]<\/p>\n","protected":false},"author":4,"featured_media":115179,"comment_status":"open","ping_status":"closed","sticky":false,"template":"","format":"standard","meta":{"_acf_changed":false,"footnotes":""},"categories":[152],"tags":[],"class_list":{"0":"post-115178","1":"post","2":"type-post","3":"status-publish","4":"format-standard","5":"has-post-thumbnail","7":"category-mundo-futbol"},"acf":[],"_links":{"self":[{"href":"https:\/\/futbolhoy.co\/index.php\/wp-json\/wp\/v2\/posts\/115178","targetHints":{"allow":["GET"]}}],"collection":[{"href":"https:\/\/futbolhoy.co\/index.php\/wp-json\/wp\/v2\/posts"}],"about":[{"href":"https:\/\/futbolhoy.co\/index.php\/wp-json\/wp\/v2\/types\/post"}],"author":[{"embeddable":true,"href":"https:\/\/futbolhoy.co\/index.php\/wp-json\/wp\/v2\/users\/4"}],"replies":[{"embeddable":true,"href":"https:\/\/futbolhoy.co\/index.php\/wp-json\/wp\/v2\/comments?post=115178"}],"version-history":[{"count":1,"href":"https:\/\/futbolhoy.co\/index.php\/wp-json\/wp\/v2\/posts\/115178\/revisions"}],"predecessor-version":[{"id":115180,"href":"https:\/\/futbolhoy.co\/index.php\/wp-json\/wp\/v2\/posts\/115178\/revisions\/115180"}],"wp:featuredmedia":[{"embeddable":true,"href":"https:\/\/futbolhoy.co\/index.php\/wp-json\/wp\/v2\/media\/115179"}],"wp:attachment":[{"href":"https:\/\/futbolhoy.co\/index.php\/wp-json\/wp\/v2\/media?parent=115178"}],"wp:term":[{"taxonomy":"category","embeddable":true,"href":"https:\/\/futbolhoy.co\/index.php\/wp-json\/wp\/v2\/categories?post=115178"},{"taxonomy":"post_tag","embeddable":true,"href":"https:\/\/futbolhoy.co\/index.php\/wp-json\/wp\/v2\/tags?post=115178"}],"curies":[{"name":"wp","href":"https:\/\/api.w.org\/{rel}","templated":true}]}}