{"id":115185,"date":"2025-01-08T11:52:45","date_gmt":"2025-01-08T16:52:45","guid":{"rendered":"https:\/\/futbolhoy.co\/?p=115185"},"modified":"2025-01-08T16:59:01","modified_gmt":"2025-01-08T21:59:01","slug":"racing-sin-colombianos-roger-y-carbonero-tambien-se-irian","status":"publish","type":"post","link":"https:\/\/futbolhoy.co\/index.php\/2025\/01\/08\/racing-sin-colombianos-roger-y-carbonero-tambien-se-irian\/","title":{"rendered":"Racing sin colombianos: Roger y Carbonero tambi\u00e9n se ir\u00edan"},"content":{"rendered":"<p style=\"text-align: justify;\"><span style=\"font-weight: 400; font-family: helvetica, arial, sans-serif;\"><strong>Es un hecho que Juan Fernando Quintero no seguir\u00e1 en Racing en 2025<\/strong> y de hecho en las \u00faltimas horas se confirm\u00f3 que el club argentino lleg\u00f3 a un acuerdo por el pase a Am\u00e9rica de Cali. Pero ahora el t\u00e9cnico Gustavo Costas deber\u00e1 lamentar tambi\u00e9n la salida de los dem\u00e1s colombianos.\u00a0<\/span><\/p>\n<p style=\"text-align: justify;\"><span style=\"font-weight: 400; font-family: helvetica, arial, sans-serif;\">El t\u00e9cnico de Racing confirm\u00f3 las salidas de Juan Fernando Quintero y Roger Mart\u00ednez del club, aunque intent\u00f3 convencer al delantero de continuar en la academia, no hubo un buen fin y<strong> se ir\u00eda con destino al f\u00fatbol de Arabia Saud\u00ed.<\/strong><\/span><\/p>\n<p style=\"text-align: justify;\"><span style=\"font-weight: 400; font-family: helvetica, arial, sans-serif;\">Sobre Quintero, <strong>Costas confes\u00f3 que ya se sab\u00eda lo que iba a pasar,<\/strong> teniendo en cuenta sus inconvenientes familiares, por lo que en \u201csu tema personal\u201d no se iba a meter.<\/span><\/p>\n<p style=\"text-align: justify;\"><span style=\"font-weight: 400; font-family: helvetica, arial, sans-serif;\">Respecto a Johan Carbonero, Gustavo Costas anticip\u00f3 que tambi\u00e9n se podr\u00eda marcar en este mercado de pases,<strong style=\"font-weight: 400;\"> por lo que la Academia se quedar\u00eda sin colombianos por ahora. <\/strong>Por el jugador habr\u00eda una muy buena oferta del Inter de Porto Alegre y podr\u00eda marcharse al f\u00fatbol brasile\u00f1o.\u00a0<\/span><\/p>\n","protected":false},"excerpt":{"rendered":"<p>Es un hecho que Juan Fernando Quintero no seguir\u00e1 en Racing en 2025 y de hecho en las \u00faltimas horas se confirm\u00f3 que el club argentino lleg\u00f3 a un acuerdo por el pase a Am\u00e9rica de Cali. Pero ahora el t\u00e9cnico Gustavo Costas deber\u00e1 lamentar tambi\u00e9n la salida de los dem\u00e1s colombianos.\u00a0 El t\u00e9cnico de [&hellip;]<\/p>\n","protected":false},"author":4,"featured_media":115186,"comment_status":"open","ping_status":"closed","sticky":false,"template":"","format":"standard","meta":{"_acf_changed":false,"footnotes":""},"categories":[418],"tags":[],"class_list":{"0":"post-115185","1":"post","2":"type-post","3":"status-publish","4":"format-standard","5":"has-post-thumbnail","7":"category-colombia"},"acf":[],"_links":{"self":[{"href":"https:\/\/futbolhoy.co\/index.php\/wp-json\/wp\/v2\/posts\/115185","targetHints":{"allow":["GET"]}}],"collection":[{"href":"https:\/\/futbolhoy.co\/index.php\/wp-json\/wp\/v2\/posts"}],"about":[{"href":"https:\/\/futbolhoy.co\/index.php\/wp-json\/wp\/v2\/types\/post"}],"author":[{"embeddable":true,"href":"https:\/\/futbolhoy.co\/index.php\/wp-json\/wp\/v2\/users\/4"}],"replies":[{"embeddable":true,"href":"https:\/\/futbolhoy.co\/index.php\/wp-json\/wp\/v2\/comments?post=115185"}],"version-history":[{"count":3,"href":"https:\/\/futbolhoy.co\/index.php\/wp-json\/wp\/v2\/posts\/115185\/revisions"}],"predecessor-version":[{"id":115189,"href":"https:\/\/futbolhoy.co\/index.php\/wp-json\/wp\/v2\/posts\/115185\/revisions\/115189"}],"wp:featuredmedia":[{"embeddable":true,"href":"https:\/\/futbolhoy.co\/index.php\/wp-json\/wp\/v2\/media\/115186"}],"wp:attachment":[{"href":"https:\/\/futbolhoy.co\/index.php\/wp-json\/wp\/v2\/media?parent=115185"}],"wp:term":[{"taxonomy":"category","embeddable":true,"href":"https:\/\/futbolhoy.co\/index.php\/wp-json\/wp\/v2\/categories?post=115185"},{"taxonomy":"post_tag","embeddable":true,"href":"https:\/\/futbolhoy.co\/index.php\/wp-json\/wp\/v2\/tags?post=115185"}],"curies":[{"name":"wp","href":"https:\/\/api.w.org\/{rel}","templated":true}]}}