{"id":115190,"date":"2025-01-08T15:34:17","date_gmt":"2025-01-08T20:34:17","guid":{"rendered":"https:\/\/futbolhoy.co\/?p=115190"},"modified":"2025-01-09T13:41:10","modified_gmt":"2025-01-09T18:41:10","slug":"barcelona-podra-inscribir-a-dani-olmo-y-pau-victor","status":"publish","type":"post","link":"https:\/\/futbolhoy.co\/index.php\/2025\/01\/08\/barcelona-podra-inscribir-a-dani-olmo-y-pau-victor\/","title":{"rendered":"Barcelona podr\u00e1 inscribir a Dani Olmo y Pau V\u00edctor"},"content":{"rendered":"<p style=\"text-align: justify;\"><span style=\"font-family: helvetica, arial, sans-serif;\">El <strong>Consejo Superior de Deportes (CSD) <\/strong>espa\u00f1ol concedi\u00f3 este mi\u00e9rcoles como medida cautelar la autorizaci\u00f3n al <strong>FC Barcelona<\/strong> para volver a alinear a sus jugadores <strong>Dani Olmo<\/strong> y <strong>Pau V\u00edctor,<\/strong> que hab\u00edan dejado de estar inscritos para las competiciones el 31 de diciembre.<\/span><\/p>\n<p style=\"text-align: justify;\"><span style=\"font-family: helvetica, arial, sans-serif;\">El club azulgrana no hab\u00eda conseguido cumplir antes del cierre de 2024 con los requisitos econ\u00f3micos necesarios para mantener la inscripci\u00f3n de ambos. <\/span><\/p>\n<p style=\"text-align: justify;\"><span style=\"font-family: helvetica, arial, sans-serif;\">El <strong>CSD,<\/strong> organismo dependiente del<strong> Ministerio de Educaci\u00f3n y Deportes espa\u00f1ol<\/strong>, decidi\u00f3 el mi\u00e9rcoles estimar \u00abla medida cautelar urgente\u00bb solicitada, que tiene \u00abun car\u00e1cter provisional hasta que se resuelva definitivamente el recurso de alzada presentado por el club y los citados futbolistas\u00bb.<\/span><\/p>\n<p style=\"text-align: justify;\"><span style=\"font-family: helvetica, arial, sans-serif;\">El CSD justific\u00f3 su decisi\u00f3n de este mi\u00e9rcoles en el \u00abderecho a una carrera deportiva conforme a sus potencialidades y con todas las garant\u00edas y certidumbres\u00bb que merecen los deportistas.<\/span><\/p>\n","protected":false},"excerpt":{"rendered":"<p>El Consejo Superior de Deportes (CSD) espa\u00f1ol concedi\u00f3 este mi\u00e9rcoles como medida cautelar la autorizaci\u00f3n al FC Barcelona para volver a alinear a sus jugadores Dani Olmo y Pau V\u00edctor, que hab\u00edan dejado de estar inscritos para las competiciones el 31 de diciembre. El club azulgrana no hab\u00eda conseguido cumplir antes del cierre de 2024 [&hellip;]<\/p>\n","protected":false},"author":4,"featured_media":115002,"comment_status":"open","ping_status":"closed","sticky":false,"template":"","format":"standard","meta":{"_acf_changed":false,"footnotes":""},"categories":[152],"tags":[],"class_list":{"0":"post-115190","1":"post","2":"type-post","3":"status-publish","4":"format-standard","5":"has-post-thumbnail","7":"category-mundo-futbol"},"acf":[],"_links":{"self":[{"href":"https:\/\/futbolhoy.co\/index.php\/wp-json\/wp\/v2\/posts\/115190","targetHints":{"allow":["GET"]}}],"collection":[{"href":"https:\/\/futbolhoy.co\/index.php\/wp-json\/wp\/v2\/posts"}],"about":[{"href":"https:\/\/futbolhoy.co\/index.php\/wp-json\/wp\/v2\/types\/post"}],"author":[{"embeddable":true,"href":"https:\/\/futbolhoy.co\/index.php\/wp-json\/wp\/v2\/users\/4"}],"replies":[{"embeddable":true,"href":"https:\/\/futbolhoy.co\/index.php\/wp-json\/wp\/v2\/comments?post=115190"}],"version-history":[{"count":1,"href":"https:\/\/futbolhoy.co\/index.php\/wp-json\/wp\/v2\/posts\/115190\/revisions"}],"predecessor-version":[{"id":115191,"href":"https:\/\/futbolhoy.co\/index.php\/wp-json\/wp\/v2\/posts\/115190\/revisions\/115191"}],"wp:featuredmedia":[{"embeddable":true,"href":"https:\/\/futbolhoy.co\/index.php\/wp-json\/wp\/v2\/media\/115002"}],"wp:attachment":[{"href":"https:\/\/futbolhoy.co\/index.php\/wp-json\/wp\/v2\/media?parent=115190"}],"wp:term":[{"taxonomy":"category","embeddable":true,"href":"https:\/\/futbolhoy.co\/index.php\/wp-json\/wp\/v2\/categories?post=115190"},{"taxonomy":"post_tag","embeddable":true,"href":"https:\/\/futbolhoy.co\/index.php\/wp-json\/wp\/v2\/tags?post=115190"}],"curies":[{"name":"wp","href":"https:\/\/api.w.org\/{rel}","templated":true}]}}