{"id":115192,"date":"2025-01-08T16:12:21","date_gmt":"2025-01-08T21:12:21","guid":{"rendered":"https:\/\/futbolhoy.co\/?p=115192"},"modified":"2025-01-09T16:30:34","modified_gmt":"2025-01-09T21:30:34","slug":"usme-y-linda-entre-las-maximas-goleadoras-del-2024-en-torneos-internacionales","status":"publish","type":"post","link":"https:\/\/futbolhoy.co\/index.php\/2025\/01\/08\/usme-y-linda-entre-las-maximas-goleadoras-del-2024-en-torneos-internacionales\/","title":{"rendered":"Usme y Linda, entre las m\u00e1ximas goleadoras del 2024 en torneos internacionales"},"content":{"rendered":"<p style=\"text-align: justify;\"><span style=\"font-family: helvetica, arial, sans-serif;\">La <strong>IFFHS<\/strong> dio a conocer el ranking de las m\u00e1ximas goleadoras del 2024 a nivel de competiciones internacionales. El premio se lo llev\u00f3 la alemana <strong>Lea Schueller,<\/strong> quien juega en el <strong>Bayern M\u00fanich,<\/strong> pues marc\u00f3 12 goles con su selecci\u00f3n y 2 con su club.<\/span><\/p>\n<p style=\"text-align: justify;\"><span style=\"font-family: helvetica, arial, sans-serif;\">En el escalaf\u00f3n aparecen las colombianas <strong>Catalina Usme<\/strong> y <strong>Linda Caicedo.<\/strong> Usme, quien milita en el <strong>Galatasaray<\/strong> de <strong>Turqu\u00eda,<\/strong> acumul\u00f3 3 goles a nivel de clubes y 8 con el combinado nacional, para un total de 11. La antioque\u00f1a se encuentra en el cuarto puesto a nivel general.<\/span><\/p>\n<p style=\"text-align: justify;\"><span style=\"font-family: helvetica, arial, sans-serif;\">En el caso de <strong>Linda Caicedo,<\/strong> se encuentra en el puesto 21 del ranking con 8 goles convertidos, de los cuales 3 fueron con el <strong>Real Madrid<\/strong> y 5 con las selecciones nacionales.<\/span><\/p>\n","protected":false},"excerpt":{"rendered":"<p>La IFFHS dio a conocer el ranking de las m\u00e1ximas goleadoras del 2024 a nivel de competiciones internacionales. El premio se lo llev\u00f3 la alemana Lea Schueller, quien juega en el Bayern M\u00fanich, pues marc\u00f3 12 goles con su selecci\u00f3n y 2 con su club. En el escalaf\u00f3n aparecen las colombianas Catalina Usme y Linda [&hellip;]<\/p>\n","protected":false},"author":5,"featured_media":115193,"comment_status":"open","ping_status":"closed","sticky":false,"template":"","format":"standard","meta":{"_acf_changed":false,"footnotes":""},"categories":[418],"tags":[],"class_list":{"0":"post-115192","1":"post","2":"type-post","3":"status-publish","4":"format-standard","5":"has-post-thumbnail","7":"category-colombia"},"acf":[],"_links":{"self":[{"href":"https:\/\/futbolhoy.co\/index.php\/wp-json\/wp\/v2\/posts\/115192","targetHints":{"allow":["GET"]}}],"collection":[{"href":"https:\/\/futbolhoy.co\/index.php\/wp-json\/wp\/v2\/posts"}],"about":[{"href":"https:\/\/futbolhoy.co\/index.php\/wp-json\/wp\/v2\/types\/post"}],"author":[{"embeddable":true,"href":"https:\/\/futbolhoy.co\/index.php\/wp-json\/wp\/v2\/users\/5"}],"replies":[{"embeddable":true,"href":"https:\/\/futbolhoy.co\/index.php\/wp-json\/wp\/v2\/comments?post=115192"}],"version-history":[{"count":1,"href":"https:\/\/futbolhoy.co\/index.php\/wp-json\/wp\/v2\/posts\/115192\/revisions"}],"predecessor-version":[{"id":115194,"href":"https:\/\/futbolhoy.co\/index.php\/wp-json\/wp\/v2\/posts\/115192\/revisions\/115194"}],"wp:featuredmedia":[{"embeddable":true,"href":"https:\/\/futbolhoy.co\/index.php\/wp-json\/wp\/v2\/media\/115193"}],"wp:attachment":[{"href":"https:\/\/futbolhoy.co\/index.php\/wp-json\/wp\/v2\/media?parent=115192"}],"wp:term":[{"taxonomy":"category","embeddable":true,"href":"https:\/\/futbolhoy.co\/index.php\/wp-json\/wp\/v2\/categories?post=115192"},{"taxonomy":"post_tag","embeddable":true,"href":"https:\/\/futbolhoy.co\/index.php\/wp-json\/wp\/v2\/tags?post=115192"}],"curies":[{"name":"wp","href":"https:\/\/api.w.org\/{rel}","templated":true}]}}