{"id":115195,"date":"2025-01-08T17:15:40","date_gmt":"2025-01-08T22:15:40","guid":{"rendered":"https:\/\/futbolhoy.co\/?p=115195"},"modified":"2025-01-09T20:27:15","modified_gmt":"2025-01-10T01:27:15","slug":"barcelona-a-la-final-de-la-supercopa-de-espana","status":"publish","type":"post","link":"https:\/\/futbolhoy.co\/index.php\/2025\/01\/08\/barcelona-a-la-final-de-la-supercopa-de-espana\/","title":{"rendered":"Barcelona, a la final de la Supercopa de Espa\u00f1a"},"content":{"rendered":"<p style=\"text-align: justify;\"><span style=\"font-family: helvetica, arial, sans-serif;\">Mi\u00e9rcoles feliz para el <strong>Barcelona<\/strong> en <strong>Arabia Saudita.<\/strong> Horas despu\u00e9s de recibir la cautelar que le permitir\u00e1 alinear a <strong>Dani Olmo y Pau V\u00edctor,<\/strong> el Bar\u00e7a derrot\u00f3 2-0 al <strong>Athletic Club<\/strong> y se clasific\u00f3 a la final de la <strong>Supercopa de Espa\u00f1a.<\/strong><\/span><\/p>\n<p style=\"text-align: justify;\"><span style=\"font-family: helvetica, arial, sans-serif;\">La noticia, anunciada por el <strong>Consejo Superior de Deportes (CSD)<\/strong> cuando faltaba poco m\u00e1s de una hora para el inicio del partido, no dej\u00f3 margen de tiempo para que ambos jugadores saltaran al terreno de juego, pero supuso una inyecci\u00f3n de moral para los catalanes.<\/span><\/p>\n<p style=\"text-align: justify;\"><span style=\"font-family: helvetica, arial, sans-serif;\">El autor del gol que abri\u00f3 el marcador fue <strong>Gavi<\/strong> al minuto 17 y luego ampli\u00f3 la ventaja <strong>Lamine Yamal<\/strong> al 52\u2019. El conjunto de <strong>Bilbao<\/strong> cont\u00f3 con la mala suerte de que los dos goles que le habr\u00edan permitido igualar el partido, fueron anulados, ambos a<strong> I\u00f1aki Williams.<\/strong><\/span><\/p>\n<p style=\"text-align: justify;\"><span style=\"font-family: helvetica, arial, sans-serif;\">Barcelona espera rival para la final del torneo, el cual saldr\u00e1 del ganador entre <strong>Real Madrid<\/strong> y <strong>Mallorca,<\/strong> duelo que tendr\u00e1 lugar este jueves.<\/span><\/p>\n","protected":false},"excerpt":{"rendered":"<p>Mi\u00e9rcoles feliz para el Barcelona en Arabia Saudita. Horas despu\u00e9s de recibir la cautelar que le permitir\u00e1 alinear a Dani Olmo y Pau V\u00edctor, el Bar\u00e7a derrot\u00f3 2-0 al Athletic Club y se clasific\u00f3 a la final de la Supercopa de Espa\u00f1a. La noticia, anunciada por el Consejo Superior de Deportes (CSD) cuando faltaba poco [&hellip;]<\/p>\n","protected":false},"author":4,"featured_media":115196,"comment_status":"open","ping_status":"closed","sticky":false,"template":"","format":"standard","meta":{"_acf_changed":false,"footnotes":""},"categories":[152],"tags":[],"class_list":{"0":"post-115195","1":"post","2":"type-post","3":"status-publish","4":"format-standard","5":"has-post-thumbnail","7":"category-mundo-futbol"},"acf":[],"_links":{"self":[{"href":"https:\/\/futbolhoy.co\/index.php\/wp-json\/wp\/v2\/posts\/115195","targetHints":{"allow":["GET"]}}],"collection":[{"href":"https:\/\/futbolhoy.co\/index.php\/wp-json\/wp\/v2\/posts"}],"about":[{"href":"https:\/\/futbolhoy.co\/index.php\/wp-json\/wp\/v2\/types\/post"}],"author":[{"embeddable":true,"href":"https:\/\/futbolhoy.co\/index.php\/wp-json\/wp\/v2\/users\/4"}],"replies":[{"embeddable":true,"href":"https:\/\/futbolhoy.co\/index.php\/wp-json\/wp\/v2\/comments?post=115195"}],"version-history":[{"count":1,"href":"https:\/\/futbolhoy.co\/index.php\/wp-json\/wp\/v2\/posts\/115195\/revisions"}],"predecessor-version":[{"id":115197,"href":"https:\/\/futbolhoy.co\/index.php\/wp-json\/wp\/v2\/posts\/115195\/revisions\/115197"}],"wp:featuredmedia":[{"embeddable":true,"href":"https:\/\/futbolhoy.co\/index.php\/wp-json\/wp\/v2\/media\/115196"}],"wp:attachment":[{"href":"https:\/\/futbolhoy.co\/index.php\/wp-json\/wp\/v2\/media?parent=115195"}],"wp:term":[{"taxonomy":"category","embeddable":true,"href":"https:\/\/futbolhoy.co\/index.php\/wp-json\/wp\/v2\/categories?post=115195"},{"taxonomy":"post_tag","embeddable":true,"href":"https:\/\/futbolhoy.co\/index.php\/wp-json\/wp\/v2\/tags?post=115195"}],"curies":[{"name":"wp","href":"https:\/\/api.w.org\/{rel}","templated":true}]}}