{"id":11522,"date":"2017-12-23T13:38:22","date_gmt":"2017-12-23T18:38:22","guid":{"rendered":"http:\/\/futbolhoy.co\/?p=11522"},"modified":"2017-12-23T13:38:22","modified_gmt":"2017-12-23T18:38:22","slug":"bacca-cierra-el-ano-con-anotacion-y-entrega-tres-puntos-al-villarreal","status":"publish","type":"post","link":"https:\/\/futbolhoy.co\/index.php\/2017\/12\/23\/bacca-cierra-el-ano-con-anotacion-y-entrega-tres-puntos-al-villarreal\/","title":{"rendered":"Bacca cierra el a\u00f1o con anotaci\u00f3n y entrega tres puntos al Villarreal"},"content":{"rendered":"<p style=\"text-align: justify;\">El delantero colombiano anot\u00f3 en la victoria de su equipo el <strong>Villarreal<\/strong> 1 &#8211; 0 frente al <strong>Valencia<\/strong> por la fecha 17 de la <strong>Liga de Espa\u00f1a<\/strong>.<\/p>\n<p style=\"text-align: justify;\">El gol del jugador nacido en<strong> Puerto Colombia Atl\u00e1ntico<\/strong>, llego al minuto 25 de juego\u00a0tras\u00a0 un contragolpe iniciado por <strong>Pablo Fornals<\/strong>, que le entreg\u00f3 el bal\u00f3n fuera del \u00e1rea al colombiano que remat\u00f3 con pierna derecha al primer palo.<\/p>\n<p style=\"text-align: justify;\"><strong>Bacca<\/strong> lleg\u00f3 a 8 anotaciones con la camiseta del \u00ab<strong>submarino amarillo<\/strong>\u00ab, 5 por Liga, 2 por <strong>Europa League<\/strong> y 1 por <strong>Copa del Rey<\/strong>.<\/p>\n<p style=\"text-align: justify;\">El tambi\u00e9n colombiano <strong>Jeison Murillo<\/strong> se recupera de su lesi\u00f3n y no fue convocado con el <strong>Valencia<\/strong>.<\/p>\n<p style=\"text-align: justify;\">De esta forma el <strong>Villarreal<\/strong> alcanza los 27 puntos y se ubica en la sexta posici\u00f3n, por su parte luego de la derrota el <strong>Valencia<\/strong> se ubica tercero con 34 puntos a 11 del l\u00edder <strong>Barcelona<\/strong> con 45.<\/p>\n","protected":false},"excerpt":{"rendered":"<p>El delantero colombiano anot\u00f3 en la victoria de su equipo el Villarreal 1 &#8211; 0 frente al Valencia por la fecha 17 de la Liga de Espa\u00f1a. El gol del jugador nacido en Puerto Colombia Atl\u00e1ntico, llego al minuto 25 de juego\u00a0tras\u00a0 un contragolpe iniciado por Pablo Fornals, que le entreg\u00f3 el bal\u00f3n fuera del [&hellip;]<\/p>\n","protected":false},"author":5,"featured_media":11523,"comment_status":"open","ping_status":"closed","sticky":false,"template":"","format":"standard","meta":{"_acf_changed":false,"footnotes":""},"categories":[152,153],"tags":[160,475,165,159,483,161],"class_list":{"0":"post-11522","1":"post","2":"type-post","3":"status-publish","4":"format-standard","5":"has-post-thumbnail","7":"category-mundo-futbol","8":"category-selecion-colombia","9":"tag-carlos-bacca","10":"tag-jeison-murillo","11":"tag-jugadores-colombianos","12":"tag-liga-santander","13":"tag-valencia-fc","14":"tag-villarreal"},"acf":[],"_links":{"self":[{"href":"https:\/\/futbolhoy.co\/index.php\/wp-json\/wp\/v2\/posts\/11522","targetHints":{"allow":["GET"]}}],"collection":[{"href":"https:\/\/futbolhoy.co\/index.php\/wp-json\/wp\/v2\/posts"}],"about":[{"href":"https:\/\/futbolhoy.co\/index.php\/wp-json\/wp\/v2\/types\/post"}],"author":[{"embeddable":true,"href":"https:\/\/futbolhoy.co\/index.php\/wp-json\/wp\/v2\/users\/5"}],"replies":[{"embeddable":true,"href":"https:\/\/futbolhoy.co\/index.php\/wp-json\/wp\/v2\/comments?post=11522"}],"version-history":[{"count":1,"href":"https:\/\/futbolhoy.co\/index.php\/wp-json\/wp\/v2\/posts\/11522\/revisions"}],"predecessor-version":[{"id":11524,"href":"https:\/\/futbolhoy.co\/index.php\/wp-json\/wp\/v2\/posts\/11522\/revisions\/11524"}],"wp:featuredmedia":[{"embeddable":true,"href":"https:\/\/futbolhoy.co\/index.php\/wp-json\/wp\/v2\/media\/11523"}],"wp:attachment":[{"href":"https:\/\/futbolhoy.co\/index.php\/wp-json\/wp\/v2\/media?parent=11522"}],"wp:term":[{"taxonomy":"category","embeddable":true,"href":"https:\/\/futbolhoy.co\/index.php\/wp-json\/wp\/v2\/categories?post=11522"},{"taxonomy":"post_tag","embeddable":true,"href":"https:\/\/futbolhoy.co\/index.php\/wp-json\/wp\/v2\/tags?post=11522"}],"curies":[{"name":"wp","href":"https:\/\/api.w.org\/{rel}","templated":true}]}}